{"id":7273,"date":"2017-03-07T14:09:48","date_gmt":"2017-03-07T17:09:48","guid":{"rendered":"http:\/\/sindesvdf.com.br\/news\/?p=7273"},"modified":"2017-03-07T14:19:23","modified_gmt":"2017-03-07T17:19:23","slug":"atencao-vigilantes-da-brasilia-seguranca-e-ipanema-que-prestam-servico-na-secretaria-de-saude-do-df-hospitais-postos-de-saude-e-upas","status":"publish","type":"post","link":"https:\/\/sindesvdf.com.br\/news\/atencao-vigilantes-da-brasilia-seguranca-e-ipanema-que-prestam-servico-na-secretaria-de-saude-do-df-hospitais-postos-de-saude-e-upas\/","title":{"rendered":"Aten\u00e7\u00e3o Vigilantes da Bras\u00edlia Seguran\u00e7a e Ipanema que prestam servi\u00e7o na Secretaria de Sa\u00fade do DF (Hospitais, Postos de Sa\u00fade e UPAs)"},"content":{"rendered":"<h2 style=\"text-align: center;\"><b id=\"m_-280373424368996780yui_3_16_0_ym19_1_1488900715026_5234\">\u00a0Se o sal\u00e1rio n\u00e3o sair hoje, 07\/03,<br \/>\nparalisa\u00e7\u00e3o amanh\u00e3, 08\/03!<u><\/u><u><\/u><\/b><\/h2>\n<p id=\"m_-280373424368996780yui_3_16_0_ym19_1_1488900715026_5236\"><u><img loading=\"lazy\" decoding=\"async\" class=\"wp-image-7274 alignleft\" src=\"http:\/\/sindesvdf.com.br\/news\/wp-content\/uploads\/2017\/03\/Se-n\u00e3o-pagar-a-gente-para-790x790.png\" alt=\"\" width=\"365\" height=\"365\" srcset=\"https:\/\/sindesvdf.com.br\/news\/wp-content\/uploads\/2017\/03\/Se-n\u00e3o-pagar-a-gente-para-790x790.png 790w, https:\/\/sindesvdf.com.br\/news\/wp-content\/uploads\/2017\/03\/Se-n\u00e3o-pagar-a-gente-para-150x150.png 150w, https:\/\/sindesvdf.com.br\/news\/wp-content\/uploads\/2017\/03\/Se-n\u00e3o-pagar-a-gente-para-300x300.png 300w, https:\/\/sindesvdf.com.br\/news\/wp-content\/uploads\/2017\/03\/Se-n\u00e3o-pagar-a-gente-para-768x768.png 768w, https:\/\/sindesvdf.com.br\/news\/wp-content\/uploads\/2017\/03\/Se-n\u00e3o-pagar-a-gente-para.png 960w\" sizes=\"auto, (max-width: 365px) 100vw, 365px\" \/><\/u>Mais uma vez teremos que recorrer \u00e0 paralisa\u00e7\u00e3o, caso as empresas Bras\u00edlia Seguran\u00e7a e Ipanema n\u00e3o paguem os sal\u00e1rios de seus empregados que prestam servi\u00e7o na Secretaria de Sa\u00fade.<u><\/u><u><\/u><\/p>\n<p id=\"m_-280373424368996780yui_3_16_0_ym19_1_1488900715026_5240\">Todos os meses os vigilantes dessas empresas que prestam servi\u00e7o nas unidades de sa\u00fade do DF sofrem um grande preju\u00edzo por conta dos atrasos, pois pagam multas por conta de pagar suas contas com atraso. Isso \u00e9 inadmiss\u00edvel e extremamente desrespeitoso.<u><\/u><u><\/u><\/p>\n<p id=\"m_-280373424368996780yui_3_16_0_ym19_1_1488900715026_5242\">Portanto, convocamos todos os companheiros e companheiras para ficarem atentos e mobilizados, de olho nas empresas para verificar se far\u00e3o o pagamento hoje, 7\/03. Se n\u00e3o pagarem, j\u00e1 sabem: \u00e9 paralisa\u00e7\u00e3o amanh\u00e3, dia 008\/03.<u><\/u><u><\/u><\/p>\n<hr \/>\n<h2 id=\"m_-280373424368996780yui_3_16_0_ym19_1_1488900715026_5244\" style=\"text-align: center;\"><b id=\"m_-280373424368996780yui_3_16_0_ym19_1_1488900715026_5245\">Se n\u00e3o pagar dia 07\/03<br \/>\n<\/b><b id=\"m_-280373424368996780yui_3_16_0_ym19_1_1488900715026_5248\">Vamos parar dia 08\/03<u><\/u><u><\/u><\/b><\/h2>\n<h2 id=\"m_-280373424368996780yui_3_16_0_ym19_1_1488900715026_5123\" style=\"text-align: center;\">\u00a0<b id=\"m_-280373424368996780yui_3_16_0_ym19_1_1488900715026_5251\">Concentra\u00e7\u00e3o<\/b>: \u00e0s 7 horas em frente ao hospital de sua cidade ou mais pr\u00f3ximo do seu posto de servi\u00e7o.<\/h2>\n<hr \/>\n<h2 style=\"text-align: center;\"><span style=\"font-family: 'Titillium Web', sans-serif;\"><strong><em>Sindesv-DF &#8211; Sempre vigilante em defesa da categoria!<\/em><\/strong><\/span><\/h2>\n<p class=\"wpf_wrapper\"><a class=\"print_link\" href=\"\" target=\"_blank\">Preparar para impress\u00e3o<\/a><\/p><!-- .wpf_wrapper -->","protected":false},"excerpt":{"rendered":"<p>\u00a0Se o sal\u00e1rio n\u00e3o sair hoje, 07\/03, paralisa\u00e7\u00e3o amanh\u00e3, 08\/03! Mais uma vez teremos que recorrer \u00e0 paralisa\u00e7\u00e3o, caso as&hellip; <\/p>\n","protected":false},"author":1,"featured_media":0,"comment_status":"closed","ping_status":"closed","sticky":false,"template":"","format":"standard","meta":{"footnotes":""},"categories":[7],"tags":[],"class_list":["post-7273","post","type-post","status-publish","format-standard","hentry","category-noticias"],"jetpack_featured_media_url":"","_links":{"self":[{"href":"https:\/\/sindesvdf.com.br\/news\/wp-json\/wp\/v2\/posts\/7273","targetHints":{"allow":["GET"]}}],"collection":[{"href":"https:\/\/sindesvdf.com.br\/news\/wp-json\/wp\/v2\/posts"}],"about":[{"href":"https:\/\/sindesvdf.com.br\/news\/wp-json\/wp\/v2\/types\/post"}],"author":[{"embeddable":true,"href":"https:\/\/sindesvdf.com.br\/news\/wp-json\/wp\/v2\/users\/1"}],"replies":[{"embeddable":true,"href":"https:\/\/sindesvdf.com.br\/news\/wp-json\/wp\/v2\/comments?post=7273"}],"version-history":[{"count":5,"href":"https:\/\/sindesvdf.com.br\/news\/wp-json\/wp\/v2\/posts\/7273\/revisions"}],"predecessor-version":[{"id":7282,"href":"https:\/\/sindesvdf.com.br\/news\/wp-json\/wp\/v2\/posts\/7273\/revisions\/7282"}],"wp:attachment":[{"href":"https:\/\/sindesvdf.com.br\/news\/wp-json\/wp\/v2\/media?parent=7273"}],"wp:term":[{"taxonomy":"category","embeddable":true,"href":"https:\/\/sindesvdf.com.br\/news\/wp-json\/wp\/v2\/categories?post=7273"},{"taxonomy":"post_tag","embeddable":true,"href":"https:\/\/sindesvdf.com.br\/news\/wp-json\/wp\/v2\/tags?post=7273"}],"curies":[{"name":"wp","href":"https:\/\/api.w.org\/{rel}","templated":true}]}}