{"id":7288,"date":"2017-03-13T10:13:44","date_gmt":"2017-03-13T13:13:44","guid":{"rendered":"http:\/\/sindesvdf.com.br\/news\/?p=7288"},"modified":"2017-03-13T13:32:56","modified_gmt":"2017-03-13T16:32:56","slug":"campanha-salarial-2017","status":"publish","type":"post","link":"https:\/\/sindesvdf.com.br\/news\/campanha-salarial-2017\/","title":{"rendered":"Campanha Salarial 2017"},"content":{"rendered":"<h1 style=\"text-align: center;\"><strong>20\/03 &#8211; Audi\u00eancia no Minist\u00e9rio P\u00fablico do Trabalho e Assembleia Geral<\/strong><\/h1>\n<h3 style=\"text-align: center;\"><span style=\"font-family: 'Titillium Web', sans-serif;\"><em>Todos e todas presentes para mostrar que os vigilantes s\u00e3o de luta e est\u00e3o mobilizados em defesa da Conven\u00e7\u00e3o Coletiva de Trabalho! <\/em><\/span><br \/>\n<span style=\"font-family: 'Titillium Web', sans-serif;\"><em>N\u00e3o aceitaremos retrocesso!<\/em><\/span><img loading=\"lazy\" decoding=\"async\" class=\"aligncenter wp-image-7290\" src=\"http:\/\/sindesvdf.com.br\/news\/wp-content\/uploads\/2017\/03\/Screenshot_3.png\" alt=\"\" width=\"790\" height=\"280\" \/><\/h3>\n<p>No dia 20 de mar\u00e7o teremos mais uma audi\u00eancia para tratar da nossa Campanha Salarial, data-base 1\u00ba de Janeiro\/2017. Em um momento muito conturbado, em que o Presidente da C\u00e2mara dos Deputados ataca a Justi\u00e7a do Trabalho e o governo Temer apresenta uma reforma trabalhista e da previd\u00eancia que ataca direitos e conquistas da classe trabalhadora, devemos nos mobilizar ainda mais, lutar com mais for\u00e7a para n\u00e3o permitirmos que o retrocesso bata \u00e0 nossa porta.<\/p>\n<p><img loading=\"lazy\" decoding=\"async\" class=\"alignleft wp-image-7289 \" src=\"http:\/\/sindesvdf.com.br\/news\/wp-content\/uploads\/2017\/03\/direitos-site94346-300x211.jpg\" alt=\"\" width=\"435\" height=\"306\" srcset=\"https:\/\/sindesvdf.com.br\/news\/wp-content\/uploads\/2017\/03\/direitos-site94346-300x211.jpg 300w, https:\/\/sindesvdf.com.br\/news\/wp-content\/uploads\/2017\/03\/direitos-site94346-213x150.jpg 213w, https:\/\/sindesvdf.com.br\/news\/wp-content\/uploads\/2017\/03\/direitos-site94346-150x106.jpg 150w, https:\/\/sindesvdf.com.br\/news\/wp-content\/uploads\/2017\/03\/direitos-site94346.jpg 472w\" sizes=\"auto, (max-width: 435px) 100vw, 435px\" \/>Somos uma categoria que j\u00e1 demonstrou em diversas ocasi\u00f5es que a unidade, participa\u00e7\u00e3o e mobiliza\u00e7\u00e3o fazem a diferen\u00e7a para arrancar nossas vit\u00f3rias e avan\u00e7os. Desta vez n\u00e3o pode ser diferente. Apesar de todos os ataques que o Governo Federal e o Congresso Nacional preparam contra os homens e as mulheres do Brasil, vamos resistir e defender o que \u00e9 justo, o que merecemos como profissionais que arriscam a vida diariamente para enriquecer alguns.<br \/>\nO impasse em nossa Campanha Salarial 2017 j\u00e1 \u00e9 por conta desses ataques, e alguns patr\u00f5es pensam que nos intimidar\u00e3o. Enganam-se, pois \u00e9 na adversidade que ficamos ainda mais unidos e preparados para a luta. Vamos defender a Justi\u00e7a do Trabalho e confiar que a nossa mobiliza\u00e7\u00e3o ser\u00e1 fundamental para chegarmos \u00e0 vit\u00f3ria.<\/p>\n<p>Esperamos todos voc\u00eas na Assembleia que ser\u00e1 realizada ap\u00f3s a audi\u00eancia no Minist\u00e9rio P\u00fablico do Trabalho (MPT).<\/p>\n<hr \/>\n<h2 style=\"text-align: center;\"><span style=\"font-family: 'Titillium Web', sans-serif;\"><strong><em>SindesvDF &#8211; Sempre vigilante em defesa da categoria!<\/em><\/strong><\/span><\/h2>\n<p class=\"wpf_wrapper\"><a class=\"print_link\" href=\"\" target=\"_blank\">Preparar para impress\u00e3o<\/a><\/p><!-- .wpf_wrapper -->","protected":false},"excerpt":{"rendered":"<p>20\/03 &#8211; Audi\u00eancia no Minist\u00e9rio P\u00fablico do Trabalho e Assembleia Geral Todos e todas presentes para mostrar que os vigilantes&hellip; <\/p>\n","protected":false},"author":1,"featured_media":0,"comment_status":"closed","ping_status":"closed","sticky":false,"template":"","format":"standard","meta":{"footnotes":""},"categories":[7,101],"tags":[],"class_list":["post-7288","post","type-post","status-publish","format-standard","hentry","category-noticias","category-olho-vivo"],"jetpack_featured_media_url":"","_links":{"self":[{"href":"https:\/\/sindesvdf.com.br\/news\/wp-json\/wp\/v2\/posts\/7288","targetHints":{"allow":["GET"]}}],"collection":[{"href":"https:\/\/sindesvdf.com.br\/news\/wp-json\/wp\/v2\/posts"}],"about":[{"href":"https:\/\/sindesvdf.com.br\/news\/wp-json\/wp\/v2\/types\/post"}],"author":[{"embeddable":true,"href":"https:\/\/sindesvdf.com.br\/news\/wp-json\/wp\/v2\/users\/1"}],"replies":[{"embeddable":true,"href":"https:\/\/sindesvdf.com.br\/news\/wp-json\/wp\/v2\/comments?post=7288"}],"version-history":[{"count":8,"href":"https:\/\/sindesvdf.com.br\/news\/wp-json\/wp\/v2\/posts\/7288\/revisions"}],"predecessor-version":[{"id":7294,"href":"https:\/\/sindesvdf.com.br\/news\/wp-json\/wp\/v2\/posts\/7288\/revisions\/7294"}],"wp:attachment":[{"href":"https:\/\/sindesvdf.com.br\/news\/wp-json\/wp\/v2\/media?parent=7288"}],"wp:term":[{"taxonomy":"category","embeddable":true,"href":"https:\/\/sindesvdf.com.br\/news\/wp-json\/wp\/v2\/categories?post=7288"},{"taxonomy":"post_tag","embeddable":true,"href":"https:\/\/sindesvdf.com.br\/news\/wp-json\/wp\/v2\/tags?post=7288"}],"curies":[{"name":"wp","href":"https:\/\/api.w.org\/{rel}","templated":true}]}}