{"id":7312,"date":"2017-03-13T18:03:26","date_gmt":"2017-03-13T21:03:26","guid":{"rendered":"http:\/\/sindesvdf.com.br\/news\/?p=7312"},"modified":"2017-03-22T08:42:49","modified_gmt":"2017-03-22T11:42:49","slug":"plantao-olho-vivo","status":"publish","type":"post","link":"https:\/\/sindesvdf.com.br\/news\/plantao-olho-vivo\/","title":{"rendered":"Plant\u00e3o Olho Vivo"},"content":{"rendered":"<p><img loading=\"lazy\" decoding=\"async\" class=\"aligncenter wp-image-7281 size-full\" src=\"http:\/\/sindesvdf.com.br\/news\/wp-content\/uploads\/2017\/03\/Plant\u00e3o-Olho-Vivo.png\" alt=\"\" width=\"776\" height=\"204\" \/><\/p>\n<h1 style=\"text-align: center;\"><strong>Irrespons\u00e1veis tentam dividir os vigilantes<br \/>\ne rifar seus direitos e conquistas<\/strong>!<\/h1>\n<p><span style=\"font-family: 'Titillium Web', sans-serif;\"><img loading=\"lazy\" decoding=\"async\" class=\"size-medium wp-image-7320 alignright\" src=\"http:\/\/sindesvdf.com.br\/news\/wp-content\/uploads\/2014\/04\/17264315_685350888303800_5062617574502903094_n-300x300.jpg\" alt=\"\" width=\"300\" height=\"300\" srcset=\"https:\/\/sindesvdf.com.br\/news\/wp-content\/uploads\/2014\/04\/17264315_685350888303800_5062617574502903094_n-300x300.jpg 300w, https:\/\/sindesvdf.com.br\/news\/wp-content\/uploads\/2014\/04\/17264315_685350888303800_5062617574502903094_n-150x150.jpg 150w, https:\/\/sindesvdf.com.br\/news\/wp-content\/uploads\/2014\/04\/17264315_685350888303800_5062617574502903094_n.jpg 480w\" sizes=\"auto, (max-width: 300px) 100vw, 300px\" \/>Pessoas mal intencionadas est\u00e3o soltando notinhas no whatsapp convocando os vigilantes que est\u00e3o desempregados para comparecerem \u00e0 nossa audi\u00eancia no Minist\u00e9rio P\u00fablico do Trabalho, dia <strong>23\/03<\/strong>, para defenderem a figura do horista, que \u00e9 o maior desejo patronal e um dos motivos de ainda n\u00e3o termos fechado a nossa Campanha Salarial 2017.<\/span><\/p>\n<p><span style=\"font-family: 'Titillium Web', sans-serif;\">Esses boateiros est\u00e3o em algumas empresas e at\u00e9 dentro do Sindicato Patronal. Se o Sindicato dos Vigilantes n\u00e3o aceita a figura de horista \u00e9 porque tem conhecimento de que ser\u00e1 p\u00e9ssimo para a categoria. Imaginem que um vigilante horista trabalhe 3 horas por dia. No final do m\u00eas, ele receber\u00e1 um sal\u00e1rio de R$ 736,00 reais. Ora, como aceitar que tenhamos dois sal\u00e1rios na categoria? Um de R$ 2.444,00 reais e outro menor que o sal\u00e1rio m\u00ednimo.<\/span><\/p>\n<p><span style=\"font-family: 'Titillium Web', sans-serif;\">Gostar\u00edamos que todos os vigilantes estivessem empregados, mas, ao mesmo tempo, n\u00e3o podemos aceitar a figura de horista, pois se em um primeiro momento surja uma ou outra vaga para quem se sujeitar a ganhar essa mis\u00e9ria, em um segundo momento, milhares dos atuais vigilantes que est\u00e3o no exerc\u00edcio da atividade passar\u00e3o a ser horista. Este \u00e9 o sonho patronal, de reduzir sal\u00e1rios e aumentar seus lucros.<\/span><\/p>\n<p><span style=\"font-family: 'Titillium Web', sans-serif;\">J\u00e1 vimos isso acontecer em outros estados e foi exatamente como estamos falando: os sal\u00e1rios foram reduzidos da maioria dos vigilantes.<\/span><\/p>\n<p><span style=\"font-family: 'Titillium Web', sans-serif;\">Portanto, alertamos todos os nossos associados e associadas para que compare\u00e7am \u00e0 audi\u00eancia p\u00fablica e Assembleia Geral \u00a0no <strong>dia 23\/03 &#8211; quinta\u00a0feira a partir das 15h<\/strong> para barrarmos de vez essa tentativa irrespons\u00e1vel de alguns empres\u00e1rios alojados no sindicato patronal, junto com seus empregados puxa-sacos, de destruir a nossa Conven\u00e7\u00e3o Coletiva. Vamos dizer n\u00e3o \u00e0 figura do horista.<\/span><\/p>\n<hr \/>\n<h2 style=\"text-align: center;\"><span style=\"font-family: 'Titillium Web', sans-serif;\"><strong><em>SindesvDF &#8211; Sempre vigilante em defesa da categoria!<\/em><\/strong><\/span><\/h2>\n<p class=\"wpf_wrapper\"><a class=\"print_link\" href=\"\" target=\"_blank\">Preparar para impress\u00e3o<\/a><\/p><!-- .wpf_wrapper -->","protected":false},"excerpt":{"rendered":"<p>Irrespons\u00e1veis tentam dividir os vigilantes e rifar seus direitos e conquistas! Pessoas mal intencionadas est\u00e3o soltando notinhas no whatsapp convocando&hellip; <\/p>\n","protected":false},"author":1,"featured_media":0,"comment_status":"closed","ping_status":"closed","sticky":false,"template":"","format":"standard","meta":{"footnotes":""},"categories":[7],"tags":[],"class_list":["post-7312","post","type-post","status-publish","format-standard","hentry","category-noticias"],"jetpack_featured_media_url":"","_links":{"self":[{"href":"https:\/\/sindesvdf.com.br\/news\/wp-json\/wp\/v2\/posts\/7312","targetHints":{"allow":["GET"]}}],"collection":[{"href":"https:\/\/sindesvdf.com.br\/news\/wp-json\/wp\/v2\/posts"}],"about":[{"href":"https:\/\/sindesvdf.com.br\/news\/wp-json\/wp\/v2\/types\/post"}],"author":[{"embeddable":true,"href":"https:\/\/sindesvdf.com.br\/news\/wp-json\/wp\/v2\/users\/1"}],"replies":[{"embeddable":true,"href":"https:\/\/sindesvdf.com.br\/news\/wp-json\/wp\/v2\/comments?post=7312"}],"version-history":[{"count":11,"href":"https:\/\/sindesvdf.com.br\/news\/wp-json\/wp\/v2\/posts\/7312\/revisions"}],"predecessor-version":[{"id":7360,"href":"https:\/\/sindesvdf.com.br\/news\/wp-json\/wp\/v2\/posts\/7312\/revisions\/7360"}],"wp:attachment":[{"href":"https:\/\/sindesvdf.com.br\/news\/wp-json\/wp\/v2\/media?parent=7312"}],"wp:term":[{"taxonomy":"category","embeddable":true,"href":"https:\/\/sindesvdf.com.br\/news\/wp-json\/wp\/v2\/categories?post=7312"},{"taxonomy":"post_tag","embeddable":true,"href":"https:\/\/sindesvdf.com.br\/news\/wp-json\/wp\/v2\/tags?post=7312"}],"curies":[{"name":"wp","href":"https:\/\/api.w.org\/{rel}","templated":true}]}}