{"id":7330,"date":"2017-03-16T17:41:24","date_gmt":"2017-03-16T20:41:24","guid":{"rendered":"http:\/\/sindesvdf.com.br\/news\/?p=7330"},"modified":"2017-03-22T08:46:37","modified_gmt":"2017-03-22T11:46:37","slug":"7330","status":"publish","type":"post","link":"https:\/\/sindesvdf.com.br\/news\/7330\/","title":{"rendered":""},"content":{"rendered":"<p><img loading=\"lazy\" decoding=\"async\" class=\"aligncenter wp-image-7281\" src=\"http:\/\/sindesvdf.com.br\/news\/wp-content\/uploads\/2017\/03\/Plant\u00e3o-Olho-Vivo-300x79.png\" alt=\"\" width=\"790\" height=\"208\" \/><\/p>\n<h2 style=\"text-align: center;\"><span style=\"color: #ff0000;\"><strong>Data de audi\u00eancia no Minist\u00e9rio P\u00fablico do Trabalho, seguida de Assembleia Geral, \u00e9 alterada!<\/strong><\/span><\/h2>\n<h1 style=\"text-align: center;\"><span style=\"font-size: 48px; color: #993366;\"><strong>Agora \u00e9 23\/03, quinta-feira<\/strong><\/span><\/h1>\n<p><span style=\"font-size: 24px;\">O Sindicato informa que, a pedido do Minist\u00e9rio P\u00fablico do Trabalho, e sem explicar o motivo, a data da audi\u00eancia para tratar da nossa <strong>Conven\u00e7\u00e3o Coletiva de Trabalho<\/strong>, data-base\/2017, foi alterada para o\u00a0dia<span style=\"font-size: 30px;\">\u00a0<\/span><\/span><span style=\"color: #ff0000; font-size: 40px;\"><strong><span style=\"font-size: 30px;\">23\/03<\/span> <\/strong><\/span><span style=\"font-size: 24px;\">na pr\u00f3xima quinta-feira, \u00e0s 16 horas.<\/span><\/p>\n<p><span style=\"font-size: 24px;\">Lembramos da import\u00e2ncia da participa\u00e7\u00e3o de todos e todas,<strong> em frente ao MPT, a partir das 15 horas<\/strong>, pois ap\u00f3s a audi\u00eancia ser\u00e1 realizada a nossa Assembleia Geral.<\/span><\/p>\n<p><span style=\"font-size: 24px;\">Vamos manter a unidade e a mobiliza\u00e7\u00e3o, confiando que sairemos vitoriosos.<\/span><\/p>\n<p style=\"text-align: right;\"><em>A Diretoria<\/em><\/p>\n<p style=\"text-align: right;\"><img loading=\"lazy\" decoding=\"async\" class=\"aligncenter wp-image-7341\" src=\"http:\/\/sindesvdf.com.br\/news\/wp-content\/uploads\/2017\/03\/Screenshot_1-300x104.png\" alt=\"\" width=\"790\" height=\"275\" srcset=\"https:\/\/sindesvdf.com.br\/news\/wp-content\/uploads\/2017\/03\/Screenshot_1-300x104.png 300w, https:\/\/sindesvdf.com.br\/news\/wp-content\/uploads\/2017\/03\/Screenshot_1-768x267.png 768w, https:\/\/sindesvdf.com.br\/news\/wp-content\/uploads\/2017\/03\/Screenshot_1-790x275.png 790w, https:\/\/sindesvdf.com.br\/news\/wp-content\/uploads\/2017\/03\/Screenshot_1-250x87.png 250w, https:\/\/sindesvdf.com.br\/news\/wp-content\/uploads\/2017\/03\/Screenshot_1-150x52.png 150w, https:\/\/sindesvdf.com.br\/news\/wp-content\/uploads\/2017\/03\/Screenshot_1.png 1500w\" sizes=\"auto, (max-width: 790px) 100vw, 790px\" \/><\/p>\n<h3 style=\"text-align: center;\"><\/h3>\n<p class=\"wpf_wrapper\"><a class=\"print_link\" href=\"\" target=\"_blank\">Preparar para impress\u00e3o<\/a><\/p><!-- .wpf_wrapper -->","protected":false},"excerpt":{"rendered":"<p>Data de audi\u00eancia no Minist\u00e9rio P\u00fablico do Trabalho, seguida de Assembleia Geral, \u00e9 alterada! Agora \u00e9 23\/03, quinta-feira O Sindicato&hellip; <\/p>\n","protected":false},"author":1,"featured_media":0,"comment_status":"closed","ping_status":"closed","sticky":false,"template":"","format":"standard","meta":{"footnotes":""},"categories":[7],"tags":[],"class_list":["post-7330","post","type-post","status-publish","format-standard","hentry","category-noticias"],"jetpack_featured_media_url":"","_links":{"self":[{"href":"https:\/\/sindesvdf.com.br\/news\/wp-json\/wp\/v2\/posts\/7330","targetHints":{"allow":["GET"]}}],"collection":[{"href":"https:\/\/sindesvdf.com.br\/news\/wp-json\/wp\/v2\/posts"}],"about":[{"href":"https:\/\/sindesvdf.com.br\/news\/wp-json\/wp\/v2\/types\/post"}],"author":[{"embeddable":true,"href":"https:\/\/sindesvdf.com.br\/news\/wp-json\/wp\/v2\/users\/1"}],"replies":[{"embeddable":true,"href":"https:\/\/sindesvdf.com.br\/news\/wp-json\/wp\/v2\/comments?post=7330"}],"version-history":[{"count":15,"href":"https:\/\/sindesvdf.com.br\/news\/wp-json\/wp\/v2\/posts\/7330\/revisions"}],"predecessor-version":[{"id":7346,"href":"https:\/\/sindesvdf.com.br\/news\/wp-json\/wp\/v2\/posts\/7330\/revisions\/7346"}],"wp:attachment":[{"href":"https:\/\/sindesvdf.com.br\/news\/wp-json\/wp\/v2\/media?parent=7330"}],"wp:term":[{"taxonomy":"category","embeddable":true,"href":"https:\/\/sindesvdf.com.br\/news\/wp-json\/wp\/v2\/categories?post=7330"},{"taxonomy":"post_tag","embeddable":true,"href":"https:\/\/sindesvdf.com.br\/news\/wp-json\/wp\/v2\/tags?post=7330"}],"curies":[{"name":"wp","href":"https:\/\/api.w.org\/{rel}","templated":true}]}}