{"id":7379,"date":"2017-03-24T17:08:54","date_gmt":"2017-03-24T20:08:54","guid":{"rendered":"http:\/\/sindesvdf.com.br\/news\/?p=7379"},"modified":"2017-03-24T17:49:55","modified_gmt":"2017-03-24T20:49:55","slug":"campanha-salarial-2017-2","status":"publish","type":"post","link":"https:\/\/sindesvdf.com.br\/news\/campanha-salarial-2017-2\/","title":{"rendered":"Campanha Salarial 2017"},"content":{"rendered":"<h1 style=\"text-align: center;\"><span style=\"font-size: 48px;\"><strong>Acabou a Paci\u00eancia<br \/>\n<\/strong><\/span><em>Assembleia define prazo para patr\u00f5es apresentarem proposta ou a greve come\u00e7a na pr\u00f3xima quinta,<\/em><\/h1>\n<h1 style=\"text-align: center;\"><span style=\"font-size: 48px; font-family: 'Alfa Slab One', sans-serif; color: #993300;\"><strong>30\/03<\/strong><\/span><\/h1>\n<p><img loading=\"lazy\" decoding=\"async\" class=\" wp-image-7381 alignleft\" src=\"http:\/\/sindesvdf.com.br\/news\/wp-content\/uploads\/2017\/03\/FPP4319-300x200.jpg\" alt=\"\" width=\"398\" height=\"265\" srcset=\"https:\/\/sindesvdf.com.br\/news\/wp-content\/uploads\/2017\/03\/FPP4319-300x200.jpg 300w, https:\/\/sindesvdf.com.br\/news\/wp-content\/uploads\/2017\/03\/FPP4319-768x512.jpg 768w, https:\/\/sindesvdf.com.br\/news\/wp-content\/uploads\/2017\/03\/FPP4319-790x526.jpg 790w, https:\/\/sindesvdf.com.br\/news\/wp-content\/uploads\/2017\/03\/FPP4319-225x150.jpg 225w, https:\/\/sindesvdf.com.br\/news\/wp-content\/uploads\/2017\/03\/FPP4319-150x100.jpg 150w, https:\/\/sindesvdf.com.br\/news\/wp-content\/uploads\/2017\/03\/FPP4319-272x182.jpg 272w, https:\/\/sindesvdf.com.br\/news\/wp-content\/uploads\/2017\/03\/FPP4319.jpg 800w\" sizes=\"auto, (max-width: 398px) 100vw, 398px\" \/>Em mais uma audi\u00eancia realizada no Minist\u00e9rio P\u00fablico do Trabalho, dia 23\/03, n\u00e3o se chegou a um consenso, pois os empres\u00e1rios presentes insistiram na figura do vigilante horista e tamb\u00e9m em desfigurar o nosso Plano de Sa\u00fade, o que acabaria inviabilizando o mesmo.<\/p>\n<p>Diante de tanta intransig\u00eancia, a dire\u00e7\u00e3o do Sindicato informou aos procuradores do trabalho presentes que iniciaria a Assembleia convocando a greve de imediato. O procurador, Dr. Valdir, pediu mais um prazo, para a pr\u00f3xima quinta-feira, dia 30\/03, \u00e0s 16h, em nova audi\u00eancia para construir uma sa\u00edda para o impasse. O Sindicato Patronal chamou a dire\u00e7\u00e3o do Sindicato dos Vigilantes para uma reuni\u00e3o, na ter\u00e7a-feira, dia 28\/03, e que at\u00e9 essa data tentaria conversar com os empres\u00e1rios para apresentar uma proposta.<\/p>\n<p>A dire\u00e7\u00e3o do Sindicato dos Vigilantes informou aos presentes que iria submeter a situa\u00e7\u00e3o \u00e0 vontade da categoria, que estava de frente ao MPT aguardando o in\u00edcio da Assembleia Geral.<\/p>\n<p>Ap\u00f3s informar a todos e todas sobre a situa\u00e7\u00e3o, os vigilantes aprovaram por unanimidade dar o prazo at\u00e9 quinta-feira para que os patr\u00f5es apresentem uma proposta. Caso contr\u00e1rio, tamb\u00e9m aprovaram o in\u00edcio da greve nesse mesmo dia, pois a paci\u00eancia acabou e n\u00e3o aceitaremos protelar essa situa\u00e7\u00e3o por mais tempo.<\/p>\n<hr \/>\n<h1 style=\"text-align: center;\"><span style=\"font-size: 48px;\"><strong>Assembleia Geral com Indicativo de Greve<\/strong><\/span><\/h1>\n<p>Alertamos todos os vigilantes para que compare\u00e7am \u00e0 pr\u00f3xima audi\u00eancia no Minist\u00e9rio P\u00fablico do Trabalho, seguida de Assembleia Geral. Se tivermos que come\u00e7ar a greve no dia <strong>30\/03<\/strong>, \u00e9 preciso que todos e todas estejam presentes e com muita disposi\u00e7\u00e3o de luta.<\/p>\n<p>Continuem firmes e mobilizados, n\u00e3o aceitem provoca\u00e7\u00f5es de capachos e marionetes que est\u00e3o tentando vender as nossas conquistas para os patr\u00f5es, inventando boatos e mentiras para enfraquecer a nossa luta.<\/p>\n<p>Conversem com seus colegas e expliquem sobre a import\u00e2ncia de comparecerem no dia 30\/03 em frente ao Minist\u00e9rio P\u00fablico do Trabalho, quando teremos duas alternativas: a vit\u00f3ria ou a greve.<\/p>\n<p><img loading=\"lazy\" decoding=\"async\" class=\"aligncenter wp-image-7386 size-large\" src=\"http:\/\/sindesvdf.com.br\/news\/wp-content\/uploads\/2017\/03\/Assembleia-30-03-2017-790x790.png\" alt=\"\" width=\"750\" height=\"750\" srcset=\"https:\/\/sindesvdf.com.br\/news\/wp-content\/uploads\/2017\/03\/Assembleia-30-03-2017-790x790.png 790w, https:\/\/sindesvdf.com.br\/news\/wp-content\/uploads\/2017\/03\/Assembleia-30-03-2017-150x150.png 150w, https:\/\/sindesvdf.com.br\/news\/wp-content\/uploads\/2017\/03\/Assembleia-30-03-2017-300x300.png 300w, https:\/\/sindesvdf.com.br\/news\/wp-content\/uploads\/2017\/03\/Assembleia-30-03-2017-768x768.png 768w, https:\/\/sindesvdf.com.br\/news\/wp-content\/uploads\/2017\/03\/Assembleia-30-03-2017.png 960w\" sizes=\"auto, (max-width: 750px) 100vw, 750px\" \/><\/p>\n<p class=\"wpf_wrapper\"><a class=\"print_link\" href=\"\" target=\"_blank\">Preparar para impress\u00e3o<\/a><\/p><!-- .wpf_wrapper -->","protected":false},"excerpt":{"rendered":"<p>Acabou a Paci\u00eancia Assembleia define prazo para patr\u00f5es apresentarem proposta ou a greve come\u00e7a na pr\u00f3xima quinta, 30\/03 Em mais&hellip; <\/p>\n","protected":false},"author":1,"featured_media":0,"comment_status":"closed","ping_status":"closed","sticky":false,"template":"","format":"standard","meta":{"footnotes":""},"categories":[7],"tags":[],"class_list":["post-7379","post","type-post","status-publish","format-standard","hentry","category-noticias"],"jetpack_featured_media_url":"","_links":{"self":[{"href":"https:\/\/sindesvdf.com.br\/news\/wp-json\/wp\/v2\/posts\/7379","targetHints":{"allow":["GET"]}}],"collection":[{"href":"https:\/\/sindesvdf.com.br\/news\/wp-json\/wp\/v2\/posts"}],"about":[{"href":"https:\/\/sindesvdf.com.br\/news\/wp-json\/wp\/v2\/types\/post"}],"author":[{"embeddable":true,"href":"https:\/\/sindesvdf.com.br\/news\/wp-json\/wp\/v2\/users\/1"}],"replies":[{"embeddable":true,"href":"https:\/\/sindesvdf.com.br\/news\/wp-json\/wp\/v2\/comments?post=7379"}],"version-history":[{"count":9,"href":"https:\/\/sindesvdf.com.br\/news\/wp-json\/wp\/v2\/posts\/7379\/revisions"}],"predecessor-version":[{"id":7385,"href":"https:\/\/sindesvdf.com.br\/news\/wp-json\/wp\/v2\/posts\/7379\/revisions\/7385"}],"wp:attachment":[{"href":"https:\/\/sindesvdf.com.br\/news\/wp-json\/wp\/v2\/media?parent=7379"}],"wp:term":[{"taxonomy":"category","embeddable":true,"href":"https:\/\/sindesvdf.com.br\/news\/wp-json\/wp\/v2\/categories?post=7379"},{"taxonomy":"post_tag","embeddable":true,"href":"https:\/\/sindesvdf.com.br\/news\/wp-json\/wp\/v2\/tags?post=7379"}],"curies":[{"name":"wp","href":"https:\/\/api.w.org\/{rel}","templated":true}]}}