{"id":7393,"date":"2017-03-27T12:58:18","date_gmt":"2017-03-27T15:58:18","guid":{"rendered":"http:\/\/sindesvdf.com.br\/news\/?p=7393"},"modified":"2017-03-28T08:42:02","modified_gmt":"2017-03-28T11:42:02","slug":"31-de-marco-mobilizacao-vai-preparar-o-pais-para-a-greve-geral-em-abril-cut-central-unica-dos-trabalhadores","status":"publish","type":"post","link":"https:\/\/sindesvdf.com.br\/news\/31-de-marco-mobilizacao-vai-preparar-o-pais-para-a-greve-geral-em-abril-cut-central-unica-dos-trabalhadores\/","title":{"rendered":"31 de mar\u00e7o: Mobiliza\u00e7\u00e3o vai preparar o pa\u00eds para a greve geral em abril &#8211; CUT &#8211; Central \u00danica dos Trabalhadores"},"content":{"rendered":"<blockquote><p>\u201cA \u00fanica coisa que reverte a trag\u00e9dia que est\u00e1 em curso no Brasil \u00e9 promover uma grande greve geral\u201d, afirma secret\u00e1rio geral da CUT<\/p><\/blockquote>\n<div class=\"cover_inside\">\n<p><img decoding=\"async\" class=\"aligncenter\" src=\"http:\/\/www.cut.org.br\/system\/images\/4c3fdff570fcff7571e6cd7583b9774a.jpg\" \/><\/p>\n<p class=\"cover_description\">Contra a retirada de direitos da classe trabalhadora, a CUT e demais centrais sindicais anunciaram um conjunto de a\u00e7\u00f5es para o pr\u00f3ximo dia 31 de mar\u00e7o. O <strong>\u201cDia Nacional de Mobiliza\u00e7\u00e3o\u201d<\/strong> servir\u00e1 para organizar a classe trabalhadora para a greve geral, que deve ocorrer em abril.<\/p>\n<\/div>\n<p><em>\u201cEstaremos na rua contra a reforma\u00a0da Previd\u00eancia, a Reforma Trabalhista e contra esse absurdo da aprova\u00e7\u00e3o da terceiriza\u00e7\u00e3o. Por tudo isso, todo a classe trabalhadora tem motivo para ir \u00e0s ruas no dia 31 de mar\u00e7o. Na semana que vem, as centrais ir\u00e3o se reunir e anunciar uma data, ainda em abril, para a greve geral. O dia 31 de mar\u00e7o vai ser uma etapa dessa constru\u00e7\u00e3o\u201d<\/em>, afirma S\u00e9rgio Nobre, secret\u00e1rio geral da CUT.<\/p>\n<p>As mobiliza\u00e7\u00f5es do dia 31, assim como ocorreu nos dias 8 e 15 de mar\u00e7o, Dia Internacional das Mulheres e Dia Nacional de Paralisa\u00e7\u00e3o, respectivamente, dever\u00e1 tomar as ruas de todo o pa\u00eds. Paralisa\u00e7\u00f5es de categorias, manifesta\u00e7\u00f5es, trancamento de avenidas e rodovias s\u00e3o algumas das a\u00e7\u00f5es previstas.<\/p>\n<p><em>\u201cN\u00f3s queremos fazer dessa data, um dia de conscientiza\u00e7\u00e3o da sociedade brasileira sobre a import\u00e2ncia de uma greve geral\u201d<\/em>, afirmou Nobre, que criticou a postura do governo atual, comandado por Michel Temer, que ascendeu ao poder ap\u00f3s um golpe parlamentar.<\/p>\n<p><em>\u201cN\u00f3s temos um governo sem legitimidade, que n\u00e3o foi eleito pelo povo. Portanto, seu programa n\u00e3o representa a vontade da maioria. A CUT n\u00e3o se nega a negociar, mas pra sentar na mesa com a CUT tem que ter legitimidade e credibilidade e esse governo n\u00e3o tem. A \u00fanica coisa que reverte a trag\u00e9dia que est\u00e1 em curso no Brasil \u00e9 promover uma grande greve geral\u201d<\/em>, alerta o secret\u00e1rio geral da Central.<\/p>\n<p style=\"text-align: right;\"><span style=\"color: #ff0000;\"><em>Fonte: <a href=\"http:\/\/www.cut.org.br\/noticias\/31-de-marco-mobilizacao-vai-preparar-o-pais-para-a-greve-geral-f355\/\">http:\/\/www.cut.org.br<\/a><\/em><\/span><\/p>\n<p class=\"wpf_wrapper\"><a class=\"print_link\" href=\"\" target=\"_blank\">Preparar para impress\u00e3o<\/a><\/p><!-- .wpf_wrapper -->","protected":false},"excerpt":{"rendered":"<p>\u201cA \u00fanica coisa que reverte a trag\u00e9dia que est\u00e1 em curso no Brasil \u00e9 promover uma grande greve geral\u201d, afirma&hellip; <\/p>\n","protected":false},"author":1,"featured_media":0,"comment_status":"closed","ping_status":"closed","sticky":false,"template":"","format":"standard","meta":{"footnotes":""},"categories":[],"tags":[],"class_list":["post-7393","post","type-post","status-publish","format-standard","hentry"],"jetpack_featured_media_url":"","_links":{"self":[{"href":"https:\/\/sindesvdf.com.br\/news\/wp-json\/wp\/v2\/posts\/7393","targetHints":{"allow":["GET"]}}],"collection":[{"href":"https:\/\/sindesvdf.com.br\/news\/wp-json\/wp\/v2\/posts"}],"about":[{"href":"https:\/\/sindesvdf.com.br\/news\/wp-json\/wp\/v2\/types\/post"}],"author":[{"embeddable":true,"href":"https:\/\/sindesvdf.com.br\/news\/wp-json\/wp\/v2\/users\/1"}],"replies":[{"embeddable":true,"href":"https:\/\/sindesvdf.com.br\/news\/wp-json\/wp\/v2\/comments?post=7393"}],"version-history":[{"count":4,"href":"https:\/\/sindesvdf.com.br\/news\/wp-json\/wp\/v2\/posts\/7393\/revisions"}],"predecessor-version":[{"id":7397,"href":"https:\/\/sindesvdf.com.br\/news\/wp-json\/wp\/v2\/posts\/7393\/revisions\/7397"}],"wp:attachment":[{"href":"https:\/\/sindesvdf.com.br\/news\/wp-json\/wp\/v2\/media?parent=7393"}],"wp:term":[{"taxonomy":"category","embeddable":true,"href":"https:\/\/sindesvdf.com.br\/news\/wp-json\/wp\/v2\/categories?post=7393"},{"taxonomy":"post_tag","embeddable":true,"href":"https:\/\/sindesvdf.com.br\/news\/wp-json\/wp\/v2\/tags?post=7393"}],"curies":[{"name":"wp","href":"https:\/\/api.w.org\/{rel}","templated":true}]}}