{"id":7403,"date":"2017-03-31T16:51:55","date_gmt":"2017-03-31T19:51:55","guid":{"rendered":"http:\/\/sindesvdf.com.br\/news\/?p=7403"},"modified":"2017-03-31T16:51:55","modified_gmt":"2017-03-31T19:51:55","slug":"campanha-salarial-2017-3","status":"publish","type":"post","link":"https:\/\/sindesvdf.com.br\/news\/campanha-salarial-2017-3\/","title":{"rendered":"Campanha Salarial 2017"},"content":{"rendered":"<h1 style=\"text-align: center;\"><span style=\"font-size: 48px;\"><strong><span style=\"font-family: 'Titillium Web', sans-serif;\">A GUERRA CONTINUA!<\/span><\/strong><\/span><\/h1>\n<h3 style=\"text-align: center;\"><span style=\"font-family: 'Titillium Web', sans-serif;\"><em>J\u00e1 vencemos algumas batalhas: Reajuste de 6,58% no sal\u00e1rio e no t\u00edquete, manuten\u00e7\u00e3o das cl\u00e1usulas da CCT e do Plano de Sa\u00fade. Mas a guerra continua contra a figura do horista!<\/em><\/span><\/h3>\n<p><img loading=\"lazy\" decoding=\"async\" class=\"aligncenter wp-image-7405 size-large\" src=\"http:\/\/sindesvdf.com.br\/news\/wp-content\/uploads\/2017\/03\/Assembleia-06-04-2017a-790x790.png\" alt=\"\" width=\"750\" height=\"750\" srcset=\"https:\/\/sindesvdf.com.br\/news\/wp-content\/uploads\/2017\/03\/Assembleia-06-04-2017a-790x790.png 790w, https:\/\/sindesvdf.com.br\/news\/wp-content\/uploads\/2017\/03\/Assembleia-06-04-2017a-150x150.png 150w, https:\/\/sindesvdf.com.br\/news\/wp-content\/uploads\/2017\/03\/Assembleia-06-04-2017a-300x300.png 300w, https:\/\/sindesvdf.com.br\/news\/wp-content\/uploads\/2017\/03\/Assembleia-06-04-2017a-768x768.png 768w, https:\/\/sindesvdf.com.br\/news\/wp-content\/uploads\/2017\/03\/Assembleia-06-04-2017a.png 960w\" sizes=\"auto, (max-width: 750px) 100vw, 750px\" \/><\/p>\n<p>Depois de uma semana de intensas negocia\u00e7\u00f5es, os patr\u00f5es finalmente cederam na quest\u00e3o do Plano de Sa\u00fade e ap\u00f3s acenar que desistiriam da nefasta figura do horista, voltaram atr\u00e1s e bateram o p\u00e9. A comiss\u00e3o de negocia\u00e7\u00e3o do Sindicato dos Vigilantes do DF tamb\u00e9m n\u00e3o deixou por menos e na reuni\u00e3o de concilia\u00e7\u00e3o realizada no Minist\u00e9rio P\u00fablico do Trabalho, na tarde do dia 30\/03, afirmou que chamaria a greve, pois n\u00e3o aceitaria em hip\u00f3tese alguma tirar da nossa Conven\u00e7\u00e3o Coletiva de Trabalho (CCT) a proibi\u00e7\u00e3o de contratar vigilante horista.<\/p>\n<p>Sabemos que isto significaria a maior derrota para os vigilantes do DF. E apesar dos esfor\u00e7os do procurador do Trabalho, Dr. Valdir, n\u00e3o chegamos a um consenso. O procurador ent\u00e3o, pediu mais uma semana de prazo e a comiss\u00e3o de negocia\u00e7\u00e3o disse que levaria para a Assembleia decidir.<\/p>\n<p>Na Assembleia foram colocadas duas vota\u00e7\u00f5es. A primeira para aprovar ou rejeitar o que j\u00e1 fora acordado, ou seja, o reajuste, a manuten\u00e7\u00e3o das cl\u00e1usulas da CCT e do Plano de Sa\u00fade, e os vigilantes presentes aprovaram por unanimidade.<\/p>\n<p>A segunda vota\u00e7\u00e3o foi para dar ou n\u00e3o mais uma semana de prazo, conforme solicitado pelo Procurador do Trabalho ou entrar em greve imediatamente. Com apenas um voto em contr\u00e1rio, os vigilantes presentes resolveram dar mais uma semana de prazo aos patr\u00f5es, esperando que estes entendam de uma vez por todas que n\u00e3o aceitaremos a figura do horista.<\/p>\n<p style=\"text-align: right;\"><a href=\"http:\/\/sindesvdf.com.br\/news\/wp-content\/uploads\/2017\/03\/Olho-Vivo_especial_455-Campanha-Salarial-2017_web.pdf\" target=\"_blank\"><strong>Veja mais aqui<\/strong><\/a><\/p>\n<p class=\"wpf_wrapper\"><a class=\"print_link\" href=\"\" target=\"_blank\">Preparar para impress\u00e3o<\/a><\/p><!-- .wpf_wrapper -->","protected":false},"excerpt":{"rendered":"<p>A GUERRA CONTINUA! J\u00e1 vencemos algumas batalhas: Reajuste de 6,58% no sal\u00e1rio e no t\u00edquete, manuten\u00e7\u00e3o das cl\u00e1usulas da CCT&hellip; <\/p>\n","protected":false},"author":1,"featured_media":0,"comment_status":"closed","ping_status":"closed","sticky":false,"template":"","format":"standard","meta":{"footnotes":""},"categories":[7],"tags":[],"class_list":["post-7403","post","type-post","status-publish","format-standard","hentry","category-noticias"],"jetpack_featured_media_url":"","_links":{"self":[{"href":"https:\/\/sindesvdf.com.br\/news\/wp-json\/wp\/v2\/posts\/7403","targetHints":{"allow":["GET"]}}],"collection":[{"href":"https:\/\/sindesvdf.com.br\/news\/wp-json\/wp\/v2\/posts"}],"about":[{"href":"https:\/\/sindesvdf.com.br\/news\/wp-json\/wp\/v2\/types\/post"}],"author":[{"embeddable":true,"href":"https:\/\/sindesvdf.com.br\/news\/wp-json\/wp\/v2\/users\/1"}],"replies":[{"embeddable":true,"href":"https:\/\/sindesvdf.com.br\/news\/wp-json\/wp\/v2\/comments?post=7403"}],"version-history":[{"count":2,"href":"https:\/\/sindesvdf.com.br\/news\/wp-json\/wp\/v2\/posts\/7403\/revisions"}],"predecessor-version":[{"id":7408,"href":"https:\/\/sindesvdf.com.br\/news\/wp-json\/wp\/v2\/posts\/7403\/revisions\/7408"}],"wp:attachment":[{"href":"https:\/\/sindesvdf.com.br\/news\/wp-json\/wp\/v2\/media?parent=7403"}],"wp:term":[{"taxonomy":"category","embeddable":true,"href":"https:\/\/sindesvdf.com.br\/news\/wp-json\/wp\/v2\/categories?post=7403"},{"taxonomy":"post_tag","embeddable":true,"href":"https:\/\/sindesvdf.com.br\/news\/wp-json\/wp\/v2\/tags?post=7403"}],"curies":[{"name":"wp","href":"https:\/\/api.w.org\/{rel}","templated":true}]}}