{"id":7415,"date":"2017-04-01T14:02:13","date_gmt":"2017-04-01T17:02:13","guid":{"rendered":"http:\/\/sindesvdf.com.br\/news\/?p=7415"},"modified":"2017-04-01T14:02:43","modified_gmt":"2017-04-01T17:02:43","slug":"brb-nao-tera-vigilante-horista","status":"publish","type":"post","link":"https:\/\/sindesvdf.com.br\/news\/brb-nao-tera-vigilante-horista\/","title":{"rendered":"BRB n\u00e3o ter\u00e1 vigilante horista"},"content":{"rendered":"<p><img loading=\"lazy\" decoding=\"async\" class=\"aligncenter wp-image-7281 size-full\" src=\"http:\/\/sindesvdf.com.br\/news\/wp-content\/uploads\/2017\/03\/Plant\u00e3o-Olho-Vivo.png\" alt=\"\" width=\"776\" height=\"204\" \/><\/p>\n<figure id=\"attachment_7416\" aria-describedby=\"caption-attachment-7416\" style=\"width: 350px\" class=\"wp-caption alignleft\"><img loading=\"lazy\" decoding=\"async\" class=\"wp-image-7416\" src=\"http:\/\/sindesvdf.com.br\/news\/wp-content\/uploads\/2017\/04\/Pres-BRB.jpg\" alt=\"\" width=\"350\" height=\"233\" srcset=\"https:\/\/sindesvdf.com.br\/news\/wp-content\/uploads\/2017\/04\/Pres-BRB.jpg 275w, https:\/\/sindesvdf.com.br\/news\/wp-content\/uploads\/2017\/04\/Pres-BRB-225x150.jpg 225w, https:\/\/sindesvdf.com.br\/news\/wp-content\/uploads\/2017\/04\/Pres-BRB-150x100.jpg 150w, https:\/\/sindesvdf.com.br\/news\/wp-content\/uploads\/2017\/04\/Pres-BRB-272x182.jpg 272w\" sizes=\"auto, (max-width: 350px) 100vw, 350px\" \/><figcaption id=\"caption-attachment-7416\" class=\"wp-caption-text\">Vasco Gon\u00e7alves: vigilante horista no BRB, n\u00e3o!<\/figcaption><\/figure>\n<p>Na luta contra a implementa\u00e7\u00e3o dessa maldita ideia de vigilantes horistas em postos de vigil\u00e2ncia no DF, tivemos uma importante reuni\u00e3o sexta-feira (31\/03).<\/p>\n<p>Eu, Paulo Quadros (presidente do sindicato) e Jervalino Rodrigues Bispo (diretor da CNTV) fomos recebidos em audi\u00eancia pelo presidente do Banco de Bras\u00edlia (BRB), Vasco Cunha Gon\u00e7alves.<\/p>\n<p>Foi uma reuni\u00e3o muito produtiva na qual o presidente do banco demonstrou muita sensibilidade e sa\u00edmos de l\u00e1 bastante animados.<\/p>\n<p>A ele, explicamos a ideia das empresas de ganharem mais dinheiro com os contratos em vigor com a implementa\u00e7\u00e3o do vigilante horista. Explicamos tamb\u00e9m que o banco ficar\u00e1 vulner\u00e1vel caso seja implementada essa modalidade de vigil\u00e2ncia.<\/p>\n<p>Em resposta, ele nos afirmou categoricamente que o banco paga pelo contrato de vigilante mensalista e que n\u00e3o h\u00e1 possibilidade de ser implementada a modalidade de vigilante horista no BRB.<\/p>\n<p>E mais, tamb\u00e9m nos afirmou que convocar\u00e1 as duas empresas de vigil\u00e2ncia contratadas pelo banco para informar que n\u00e3o quer ouvir essa hist\u00f3ria de horista no BRB e que o servi\u00e7o continuar\u00e1 sendo executado como estabelece o contrato assinado.<\/p>\n<p>Em suma, o presidente do BRB nos garantiu que n\u00e3o quer vigilante horista no banco. O que \u00e9 important\u00edssimo para a nossa luta.<\/p>\n<p>Agora, vamos procurar todos os grandes tomadores de servi\u00e7o, Banco do Brasil, Caixa Econ\u00f4mica Federal, Petrobras e demais contratantes para conscientiz\u00e1-los desta maldade que as empresas pretendem fazer com os trabalhadores vigilantes.<\/p>\n<p>Tamb\u00e9m vamos procurar o Governador Rodrigo Rollemberg, em fun\u00e7\u00e3o dos contratos com as secretarias, para explicar que o desejo das empresas \u00e9 dar o calote nos trabalhadores e, com isso, ganhar mais dinheiro em cima do esfor\u00e7o alheio.<\/p>\n<p>Por fim, n\u00f3s comunicamos ao presidente do BRB que, caso as empresas n\u00e3o voltem atr\u00e1s desta proposta, vai ter greve dos vigilantes. No entanto como o Banco de Bras\u00edlia n\u00e3o aceita a modalidade do vigilante horista, o banco ser\u00e1 preservado.<\/p>\n<p style=\"text-align: right;\"><span style=\"color: #ff0000;\"><em>Chico Vigilante, deputado distrital (PT) \u00a0e diretor do Sindesv-DF<\/em><\/span><\/p>\n<p class=\"wpf_wrapper\"><a class=\"print_link\" href=\"\" target=\"_blank\">Preparar para impress\u00e3o<\/a><\/p><!-- .wpf_wrapper -->","protected":false},"excerpt":{"rendered":"<p>Na luta contra a implementa\u00e7\u00e3o dessa maldita ideia de vigilantes horistas em postos de vigil\u00e2ncia no DF, tivemos uma importante&hellip; <\/p>\n","protected":false},"author":1,"featured_media":0,"comment_status":"closed","ping_status":"closed","sticky":false,"template":"","format":"standard","meta":{"footnotes":""},"categories":[7],"tags":[],"class_list":["post-7415","post","type-post","status-publish","format-standard","hentry","category-noticias"],"jetpack_featured_media_url":"","_links":{"self":[{"href":"https:\/\/sindesvdf.com.br\/news\/wp-json\/wp\/v2\/posts\/7415","targetHints":{"allow":["GET"]}}],"collection":[{"href":"https:\/\/sindesvdf.com.br\/news\/wp-json\/wp\/v2\/posts"}],"about":[{"href":"https:\/\/sindesvdf.com.br\/news\/wp-json\/wp\/v2\/types\/post"}],"author":[{"embeddable":true,"href":"https:\/\/sindesvdf.com.br\/news\/wp-json\/wp\/v2\/users\/1"}],"replies":[{"embeddable":true,"href":"https:\/\/sindesvdf.com.br\/news\/wp-json\/wp\/v2\/comments?post=7415"}],"version-history":[{"count":4,"href":"https:\/\/sindesvdf.com.br\/news\/wp-json\/wp\/v2\/posts\/7415\/revisions"}],"predecessor-version":[{"id":7420,"href":"https:\/\/sindesvdf.com.br\/news\/wp-json\/wp\/v2\/posts\/7415\/revisions\/7420"}],"wp:attachment":[{"href":"https:\/\/sindesvdf.com.br\/news\/wp-json\/wp\/v2\/media?parent=7415"}],"wp:term":[{"taxonomy":"category","embeddable":true,"href":"https:\/\/sindesvdf.com.br\/news\/wp-json\/wp\/v2\/categories?post=7415"},{"taxonomy":"post_tag","embeddable":true,"href":"https:\/\/sindesvdf.com.br\/news\/wp-json\/wp\/v2\/tags?post=7415"}],"curies":[{"name":"wp","href":"https:\/\/api.w.org\/{rel}","templated":true}]}}