{"id":7480,"date":"2017-04-07T09:40:48","date_gmt":"2017-04-07T12:40:48","guid":{"rendered":"http:\/\/sindesvdf.com.br\/news\/?p=7480"},"modified":"2017-08-03T11:47:52","modified_gmt":"2017-08-03T14:47:52","slug":"campanha-salarial-2017-4","status":"publish","type":"post","link":"https:\/\/sindesvdf.com.br\/news\/campanha-salarial-2017-4\/","title":{"rendered":"Campanha Salarial 2017"},"content":{"rendered":"<h2 style=\"text-align: center;\"><strong>Audi\u00eancia no Minist\u00e9rio P\u00fablico \u00e9 suspensa e a continuidade ser\u00e1 na segunda, 10\/04<\/strong><\/h2>\n<p><span style=\"font-weight: 400;\"><img loading=\"lazy\" decoding=\"async\" class=\"aligncenter wp-image-7481 size-large\" src=\"http:\/\/sindesvdf.com.br\/news\/wp-content\/uploads\/2017\/04\/WhatsApp-Image-2017-04-06-at-20-06-13-790x593.jpeg\" alt=\"\" width=\"750\" height=\"563\" srcset=\"https:\/\/sindesvdf.com.br\/news\/wp-content\/uploads\/2017\/04\/WhatsApp-Image-2017-04-06-at-20-06-13-790x593.jpeg 790w, https:\/\/sindesvdf.com.br\/news\/wp-content\/uploads\/2017\/04\/WhatsApp-Image-2017-04-06-at-20-06-13-300x225.jpeg 300w, https:\/\/sindesvdf.com.br\/news\/wp-content\/uploads\/2017\/04\/WhatsApp-Image-2017-04-06-at-20-06-13-768x576.jpeg 768w, https:\/\/sindesvdf.com.br\/news\/wp-content\/uploads\/2017\/04\/WhatsApp-Image-2017-04-06-at-20-06-13-200x150.jpeg 200w, https:\/\/sindesvdf.com.br\/news\/wp-content\/uploads\/2017\/04\/WhatsApp-Image-2017-04-06-at-20-06-13-150x113.jpeg 150w, https:\/\/sindesvdf.com.br\/news\/wp-content\/uploads\/2017\/04\/WhatsApp-Image-2017-04-06-at-20-06-13.jpeg 1024w\" sizes=\"auto, (max-width: 750px) 100vw, 750px\" \/>Os vigilantes j\u00e1 compreenderam o quanto a figura do horista \u00e9 ruim, cheia de armadilhas e arapucas, e s\u00f3 interessa aos patr\u00f5es que desejam aumentar seus lucros \u00e0 custa da explora\u00e7\u00e3o dos trabalhadores. Por isso, a Assembleia do dia 06\/04 foi bastante representativa e a categoria aguentou firme e mobilizada enquanto a comiss\u00e3o de negocia\u00e7\u00e3o estava na audi\u00eancia no Minist\u00e9rio P\u00fablico por quase tr\u00eas horas.<\/span><\/p>\n<p><span style=\"font-weight: 400;\">Diante do prolongamento da audi\u00eancia, o Procurador do Trabalho pediu que fosse suspensa e retomada na segunda-feira. Ainda n\u00e3o chegamos a um acordo em rela\u00e7\u00e3o ao horista, mas \u00e9 s\u00f3 uma quest\u00e3o de tempo, pois os empres\u00e1rios j\u00e1 entenderam que a categoria far\u00e1 sim greve caso insistam nessa indec\u00eancia.<\/span><\/p>\n<p><span style=\"font-weight: 400;\">Com a nossa luta e mobiliza\u00e7\u00e3o vamos vencer esse impasse. \u00c9 s\u00f3 uma quest\u00e3o de tempo.<\/span><\/p>\n<div style=\"width: 960px;\" class=\"wp-video\"><video class=\"wp-video-shortcode\" id=\"video-7480-1\" width=\"960\" height=\"540\" preload=\"metadata\" controls=\"controls\"><source type=\"video\/mp4\" src=\"http:\/\/sindesvdf.com.br\/news\/wp-content\/uploads\/2017\/04\/Video-Assembleia-06-04-2017.mp4?_=1\" \/><a href=\"http:\/\/sindesvdf.com.br\/news\/wp-content\/uploads\/2017\/04\/Video-Assembleia-06-04-2017.mp4\">http:\/\/sindesvdf.com.br\/news\/wp-content\/uploads\/2017\/04\/Video-Assembleia-06-04-2017.mp4<\/a><\/video><\/div>\n<p class=\"wpf_wrapper\"><a class=\"print_link\" href=\"\" target=\"_blank\">Preparar para impress\u00e3o<\/a><\/p><!-- .wpf_wrapper -->","protected":false},"excerpt":{"rendered":"<p>Audi\u00eancia no Minist\u00e9rio P\u00fablico \u00e9 suspensa e a continuidade ser\u00e1 na segunda, 10\/04 Os vigilantes j\u00e1 compreenderam o quanto a&hellip; <\/p>\n","protected":false},"author":1,"featured_media":0,"comment_status":"closed","ping_status":"closed","sticky":false,"template":"","format":"standard","meta":{"footnotes":""},"categories":[116],"tags":[],"class_list":["post-7480","post","type-post","status-publish","format-standard","hentry","category-campanha-salarial-2017"],"jetpack_featured_media_url":"","_links":{"self":[{"href":"https:\/\/sindesvdf.com.br\/news\/wp-json\/wp\/v2\/posts\/7480","targetHints":{"allow":["GET"]}}],"collection":[{"href":"https:\/\/sindesvdf.com.br\/news\/wp-json\/wp\/v2\/posts"}],"about":[{"href":"https:\/\/sindesvdf.com.br\/news\/wp-json\/wp\/v2\/types\/post"}],"author":[{"embeddable":true,"href":"https:\/\/sindesvdf.com.br\/news\/wp-json\/wp\/v2\/users\/1"}],"replies":[{"embeddable":true,"href":"https:\/\/sindesvdf.com.br\/news\/wp-json\/wp\/v2\/comments?post=7480"}],"version-history":[{"count":3,"href":"https:\/\/sindesvdf.com.br\/news\/wp-json\/wp\/v2\/posts\/7480\/revisions"}],"predecessor-version":[{"id":7485,"href":"https:\/\/sindesvdf.com.br\/news\/wp-json\/wp\/v2\/posts\/7480\/revisions\/7485"}],"wp:attachment":[{"href":"https:\/\/sindesvdf.com.br\/news\/wp-json\/wp\/v2\/media?parent=7480"}],"wp:term":[{"taxonomy":"category","embeddable":true,"href":"https:\/\/sindesvdf.com.br\/news\/wp-json\/wp\/v2\/categories?post=7480"},{"taxonomy":"post_tag","embeddable":true,"href":"https:\/\/sindesvdf.com.br\/news\/wp-json\/wp\/v2\/tags?post=7480"}],"curies":[{"name":"wp","href":"https:\/\/api.w.org\/{rel}","templated":true}]}}