{"id":7512,"date":"2017-04-19T08:49:02","date_gmt":"2017-04-19T11:49:02","guid":{"rendered":"http:\/\/sindesvdf.com.br\/news\/?p=7512"},"modified":"2017-08-03T11:47:29","modified_gmt":"2017-08-03T14:47:29","slug":"7512","status":"publish","type":"post","link":"https:\/\/sindesvdf.com.br\/news\/7512\/","title":{"rendered":"Campanha Salarial 2017"},"content":{"rendered":"<h1 style=\"text-align: center;\"><span style=\"font-size: 48px;\"><strong><em><span style=\"color: #ff0000;\">\u00c9 GREVE!<\/span><\/em><\/strong><\/span><\/h1>\n<h2 style=\"text-align: center;\"><strong>Assembleia hist\u00f3rica decreta greve por tempo indeterminado\u00a0contra a figura do horista!<\/strong><\/h2>\n<p><img loading=\"lazy\" decoding=\"async\" class=\"aligncenter wp-image-7518\" src=\"http:\/\/sindesvdf.com.br\/news\/wp-content\/uploads\/2017\/04\/FPP6663.jpg\" alt=\"\" width=\"1050\" height=\"398\" srcset=\"https:\/\/sindesvdf.com.br\/news\/wp-content\/uploads\/2017\/04\/FPP6663.jpg 3000w, https:\/\/sindesvdf.com.br\/news\/wp-content\/uploads\/2017\/04\/FPP6663-300x114.jpg 300w, https:\/\/sindesvdf.com.br\/news\/wp-content\/uploads\/2017\/04\/FPP6663-768x291.jpg 768w, https:\/\/sindesvdf.com.br\/news\/wp-content\/uploads\/2017\/04\/FPP6663-790x299.jpg 790w, https:\/\/sindesvdf.com.br\/news\/wp-content\/uploads\/2017\/04\/FPP6663-250x95.jpg 250w, https:\/\/sindesvdf.com.br\/news\/wp-content\/uploads\/2017\/04\/FPP6663-150x57.jpg 150w\" sizes=\"auto, (max-width: 1050px) 100vw, 1050px\" \/><\/p>\n<p>Com as negocia\u00e7\u00f5es iniciadas em outubro de 2016, fomos em mais de 13 rodadas de negocia\u00e7\u00e3o e cinco intermedia\u00e7\u00f5es no Minist\u00e9rio P\u00fablico do Trabalho quebrando a intransig\u00eancia patronal para arrancar reajuste no sal\u00e1rio e no t\u00edquete e manuten\u00e7\u00e3o das cl\u00e1usulas da Conven\u00e7\u00e3o Coletiva de Trabalho, excetuando-se uma, a cl\u00e1usula que pro\u00edbe a figura do horista, que est\u00e1 em nossa CCT desde 1998.<\/p>\n<p>O sindicato patronal n\u00e3o arredou o p\u00e9 e ficou insistindo na retirada da referida cl\u00e1usula, que representaria um grande retrocesso aos vigilantes, inclusive com redu\u00e7\u00e3o de sal\u00e1rio e de postos de trabalho. Tamb\u00e9m somos teimosos quando se trata de defender conquistas da categoria e n\u00e3o aceitamos.<\/p>\n<p>Ocorre que o sindicato patronal apostava que os vigilantes n\u00e3o fariam greve por causa dessa cl\u00e1usula. Usaram de mentiras e de toda sorte de boatos nas redes sociais, mas quebraram a cara e a Assembleia da noite do dia 18\/04, al\u00e9m de gigantesca, estava preparada para a luta, para a greve e para defender a manuten\u00e7\u00e3o da cl\u00e1usula.<\/p>\n<p>Desde quando amea\u00e7as, intimida\u00e7\u00f5es e intransig\u00eancia patronal nos intimidaram? Desde nunca, pois jamais aceitamos entregar qualquer direito que seja da categoria e n\u00e3o \u00e9 porque estamos em uma crise, que vamos jogar anos e anos de luta pela janela. At\u00e9 parece.<\/p>\n<p>Esperamos, sinceramente que eles entendam que o plano deles deu errado e temos uma categoria mobilizada, valente e corajosa em greve geral e os patr\u00f5es podem ter certeza que temos f\u00f4lego para seguir em frente at\u00e9 que eles compreendam que n\u00e3o se mexe com direito e conquista de vigilante do DF.<\/p>\n<h2 style=\"text-align: center;\"><strong>Parab\u00e9ns vigilantes pela bravura e consci\u00eancia pol\u00edtica!<\/strong><\/h2>\n<p>Os vigilantes compreenderam desde o in\u00edcio o qu\u00e3o nefasta \u00e9 a figura do horista, por isso, n\u00e3o pensaram duas vezes em decretar a greve para enterrar de vez as pretens\u00f5es patronais.<\/p>\n<p>Agora, o momento exige que cada companheiro e cada companheira fiquem atentos e se informem apenas pelos \u00f3rg\u00e3os oficiais do Sindicato dos Vigilantes do DF, nos jornais, site e demais redes sociais, al\u00e9m dos informativos do deputado Chico Vigilante. N\u00e3o deem trela para os grupelhos patronais que insistem em espalhar boatos e mentiras, com atas falsas, al\u00e9m de outras fofocas.<\/p>\n<p>Vamos manter a unidade, lembrando que somente com muita press\u00e3o e participa\u00e7\u00e3o de todos e todas, sairemos vitoriosos nessa batalha.<\/p>\n<h2 style=\"text-align: center;\"><span style=\"color: #ff0000;\"><strong>Enquanto durar a greve, temos Assembleia Geral todos os dias,\u00a0\u00e0s 17h, no estacionamento do Conic<\/strong><\/span><\/h2>\n<p class=\"wpf_wrapper\"><a class=\"print_link\" href=\"\" target=\"_blank\">Preparar para impress\u00e3o<\/a><\/p><!-- .wpf_wrapper -->","protected":false},"excerpt":{"rendered":"<p>\u00c9 GREVE! Assembleia hist\u00f3rica decreta greve por tempo indeterminado\u00a0contra a figura do horista! Com as negocia\u00e7\u00f5es iniciadas em outubro de&hellip; <\/p>\n","protected":false},"author":1,"featured_media":0,"comment_status":"closed","ping_status":"closed","sticky":false,"template":"","format":"standard","meta":{"footnotes":""},"categories":[116],"tags":[],"class_list":["post-7512","post","type-post","status-publish","format-standard","hentry","category-campanha-salarial-2017"],"jetpack_featured_media_url":"","_links":{"self":[{"href":"https:\/\/sindesvdf.com.br\/news\/wp-json\/wp\/v2\/posts\/7512","targetHints":{"allow":["GET"]}}],"collection":[{"href":"https:\/\/sindesvdf.com.br\/news\/wp-json\/wp\/v2\/posts"}],"about":[{"href":"https:\/\/sindesvdf.com.br\/news\/wp-json\/wp\/v2\/types\/post"}],"author":[{"embeddable":true,"href":"https:\/\/sindesvdf.com.br\/news\/wp-json\/wp\/v2\/users\/1"}],"replies":[{"embeddable":true,"href":"https:\/\/sindesvdf.com.br\/news\/wp-json\/wp\/v2\/comments?post=7512"}],"version-history":[{"count":13,"href":"https:\/\/sindesvdf.com.br\/news\/wp-json\/wp\/v2\/posts\/7512\/revisions"}],"predecessor-version":[{"id":7545,"href":"https:\/\/sindesvdf.com.br\/news\/wp-json\/wp\/v2\/posts\/7512\/revisions\/7545"}],"wp:attachment":[{"href":"https:\/\/sindesvdf.com.br\/news\/wp-json\/wp\/v2\/media?parent=7512"}],"wp:term":[{"taxonomy":"category","embeddable":true,"href":"https:\/\/sindesvdf.com.br\/news\/wp-json\/wp\/v2\/categories?post=7512"},{"taxonomy":"post_tag","embeddable":true,"href":"https:\/\/sindesvdf.com.br\/news\/wp-json\/wp\/v2\/tags?post=7512"}],"curies":[{"name":"wp","href":"https:\/\/api.w.org\/{rel}","templated":true}]}}