{"id":7537,"date":"2017-04-19T14:37:37","date_gmt":"2017-04-19T17:37:37","guid":{"rendered":"http:\/\/sindesvdf.com.br\/news\/?p=7537"},"modified":"2017-08-03T11:37:08","modified_gmt":"2017-08-03T14:37:08","slug":"horista-jamais-vigilantes-decretam-greve-geral","status":"publish","type":"post","link":"https:\/\/sindesvdf.com.br\/news\/horista-jamais-vigilantes-decretam-greve-geral\/","title":{"rendered":"Horista, jamais! Vigilantes decretam greve geral"},"content":{"rendered":"<p style=\"text-align: center;\"><img loading=\"lazy\" decoding=\"async\" class=\"alignleft wp-image-7541 size-medium\" src=\"http:\/\/sindesvdf.com.br\/news\/wp-content\/uploads\/2017\/04\/18034123_661461344053026_4647984725672011779_n-300x300.png\" alt=\"\" width=\"300\" height=\"300\" srcset=\"https:\/\/sindesvdf.com.br\/news\/wp-content\/uploads\/2017\/04\/18034123_661461344053026_4647984725672011779_n-300x300.png 300w, https:\/\/sindesvdf.com.br\/news\/wp-content\/uploads\/2017\/04\/18034123_661461344053026_4647984725672011779_n-150x150.png 150w, https:\/\/sindesvdf.com.br\/news\/wp-content\/uploads\/2017\/04\/18034123_661461344053026_4647984725672011779_n-768x768.png 768w, https:\/\/sindesvdf.com.br\/news\/wp-content\/uploads\/2017\/04\/18034123_661461344053026_4647984725672011779_n-790x790.png 790w, https:\/\/sindesvdf.com.br\/news\/wp-content\/uploads\/2017\/04\/18034123_661461344053026_4647984725672011779_n.png 960w\" sizes=\"auto, (max-width: 300px) 100vw, 300px\" \/><\/p>\n<p>Em uma das maiores assembleias realizadas pela Categoria, mais de 5 mil vigilantes decidiram, por unanimidade, entrar em greve geral com efeito imediato. A Categoria se manteve firme e n\u00e3o aceitou, sob hip\u00f3tese nenhuma, a proposta do sindicato patronal de implantar o vigilante horista no Distrito Federal.<\/p>\n<p><em>\u201cPor causa das provoca\u00e7\u00f5es, da picaretagem, do desrespeito com que trataram os vigilantes, a nossa proposta \u00e9 greve geral no DF\u201d<\/em>, declarou o deputado Chico Vigilante momentos antes da vota\u00e7\u00e3o que decidiu os rumos da paralisa\u00e7\u00e3o.<\/p>\n<p>A paralisa\u00e7\u00e3o geral foi decretada ap\u00f3s meses de uma conturbada negocia\u00e7\u00e3o entre o Sindicato dos Vigilantes (Sindesv) e o sindicato patronal, que insistiu em adotar a modalidade do horista na vigil\u00e2ncia privada. A categoria decidiu realizar assembleias di\u00e1rias para monitorar a evolu\u00e7\u00e3o das paralisa\u00e7\u00f5es.<\/p>\n<p>Para Chico Vigilante, a categoria negociou at\u00e9 aonde pode e, como os patr\u00f5es estavam irredut\u00edveis na proposta do vigilante horista, n\u00e3o restou alternativa, sen\u00e3o a greve geral com efeito imediato.<\/p>\n<p>\u201cEssa \u00e9 uma categoria que tem brilho no rosto, coragem, vergonha na cara e n\u00e3o tem medo de patr\u00e3o. \u00c9 uma categoria que n\u00e3o se dobra e n\u00e3o aceita picaretagem\u201d, discursou o parlamentar sob aplausos e gritos de ordem dos companheiros vigilantes.<\/p>\n<p>Na avalia\u00e7\u00e3o do deputado, caso fosse adotado o vigilante horista, cerca de um ter\u00e7o dos vigilantes do DF correriam o risco de serem demitidos, al\u00e9m do fato do horista ganhar bem menos do que o vigilante mensalista.<\/p>\n<p><em>\u201cEst\u00e1vamos negociando desde outubro e os empres\u00e1rios insistiram nessa ideia absurda. Nos Estados onde foi implantada a figura do horista, existem tr\u00eas pisos salariais. Isso \u00e9 a completa destrui\u00e7\u00e3o da categoria. Isso a gente n\u00e3o aceitou\u201d<\/em>, completou.<\/p>\n<p>O deputado tamb\u00e9m rebateu as cr\u00edticas dos patr\u00f5es que afirmaram que era para os vigilantes terem cuidado com a greve porque o emprego estava dif\u00edcil. <em>\u201cN\u00f3s n\u00e3o estamos fazendo greve para ficar desempregado, n\u00e3o. Estamos fazendo greve \u00e9 para garantir os nossos empregos\u201d<\/em>, avisou.<\/p>\n<p>Mais cedo, Chico Vigilante telefonou para o secret\u00e1rio-adjunto do Planejamento para informar da grande probabilidade de ser decretada greve. <em>\u201cLiguei e disse que ele se preparasse porque amanh\u00e3 (quarta-feira) n\u00e3o haver\u00e1 vigilantes nos \u00f3rg\u00e3os do Distrito Federal\u201d<\/em>, contou.<\/p>\n<p><span style=\"font-size: 16px;\"><strong>Negocia\u00e7\u00e3o tensa<\/strong><\/span><br \/>\nAs negocia\u00e7\u00f5es foram marcadas por uma intensa queda de bra\u00e7o entre as partes. Meses ap\u00f3s o in\u00edcio de uma conturbada e exaustiva negocia\u00e7\u00e3o, com intermedia\u00e7\u00e3o do Minist\u00e9rio P\u00fablico do Trabalho, os vigilantes fizeram valer a luta deles, ao dizer \u201cn\u00e3o\u201d ao horista no DF.<\/p>\n<p>Nas reuni\u00f5es anteriores, trabalhadores e patr\u00f5es chegaram a um entendimento para os demais pontos da conven\u00e7\u00e3o coletiva da categoria. Entre eles, foi aceita a proposta de reajuste de 6,58% em cima do sal\u00e1rio e do ticket de refei\u00e7\u00e3o e a manuten\u00e7\u00e3o de todas as cl\u00e1usulas da conven\u00e7\u00e3o coletiva de 2016. O acordo tamb\u00e9m estabeleceu a manuten\u00e7\u00e3o das regras em vigor do plano de sa\u00fade dos trabalhadores.<\/p>\n<p style=\"text-align: right;\"><span style=\"color: #ff0000; font-size: 12px;\"><em>Fonte: <strong>Equipe Chico Vigilante<\/strong><\/em><\/span><\/p>\n<p class=\"wpf_wrapper\"><a class=\"print_link\" href=\"\" target=\"_blank\">Preparar para impress\u00e3o<\/a><\/p><!-- .wpf_wrapper -->","protected":false},"excerpt":{"rendered":"<p>Em uma das maiores assembleias realizadas pela Categoria, mais de 5 mil vigilantes decidiram, por unanimidade, entrar em greve geral&hellip; <\/p>\n","protected":false},"author":1,"featured_media":0,"comment_status":"closed","ping_status":"closed","sticky":false,"template":"","format":"standard","meta":{"footnotes":""},"categories":[116],"tags":[],"class_list":["post-7537","post","type-post","status-publish","format-standard","hentry","category-campanha-salarial-2017"],"jetpack_featured_media_url":"","_links":{"self":[{"href":"https:\/\/sindesvdf.com.br\/news\/wp-json\/wp\/v2\/posts\/7537","targetHints":{"allow":["GET"]}}],"collection":[{"href":"https:\/\/sindesvdf.com.br\/news\/wp-json\/wp\/v2\/posts"}],"about":[{"href":"https:\/\/sindesvdf.com.br\/news\/wp-json\/wp\/v2\/types\/post"}],"author":[{"embeddable":true,"href":"https:\/\/sindesvdf.com.br\/news\/wp-json\/wp\/v2\/users\/1"}],"replies":[{"embeddable":true,"href":"https:\/\/sindesvdf.com.br\/news\/wp-json\/wp\/v2\/comments?post=7537"}],"version-history":[{"count":7,"href":"https:\/\/sindesvdf.com.br\/news\/wp-json\/wp\/v2\/posts\/7537\/revisions"}],"predecessor-version":[{"id":7549,"href":"https:\/\/sindesvdf.com.br\/news\/wp-json\/wp\/v2\/posts\/7537\/revisions\/7549"}],"wp:attachment":[{"href":"https:\/\/sindesvdf.com.br\/news\/wp-json\/wp\/v2\/media?parent=7537"}],"wp:term":[{"taxonomy":"category","embeddable":true,"href":"https:\/\/sindesvdf.com.br\/news\/wp-json\/wp\/v2\/categories?post=7537"},{"taxonomy":"post_tag","embeddable":true,"href":"https:\/\/sindesvdf.com.br\/news\/wp-json\/wp\/v2\/tags?post=7537"}],"curies":[{"name":"wp","href":"https:\/\/api.w.org\/{rel}","templated":true}]}}