{"id":7629,"date":"2017-04-26T14:59:40","date_gmt":"2017-04-26T17:59:40","guid":{"rendered":"http:\/\/sindesvdf.com.br\/news\/?p=7629"},"modified":"2019-08-20T16:29:03","modified_gmt":"2019-08-20T19:29:03","slug":"10-argumentos-contra-as-mentiras-do-governo-sobre-a-previdencia","status":"publish","type":"post","link":"https:\/\/sindesvdf.com.br\/news\/10-argumentos-contra-as-mentiras-do-governo-sobre-a-previdencia\/","title":{"rendered":"10 argumentos contra as mentiras do governo sobre a Previd\u00eancia"},"content":{"rendered":"<p style=\"text-align: left;\"><em>Por Helena Borges, The Intercept<\/em><\/p>\n<p><img loading=\"lazy\" decoding=\"async\" class=\" wp-image-7630 alignright\" src=\"http:\/\/sindesvdf.com.br\/news\/wp-content\/uploads\/2017\/04\/temeraposentadoria03108488-300x199.jpg\" alt=\"\" width=\"415\" height=\"275\" srcset=\"https:\/\/sindesvdf.com.br\/news\/wp-content\/uploads\/2017\/04\/temeraposentadoria03108488-300x199.jpg 300w, https:\/\/sindesvdf.com.br\/news\/wp-content\/uploads\/2017\/04\/temeraposentadoria03108488-226x150.jpg 226w, https:\/\/sindesvdf.com.br\/news\/wp-content\/uploads\/2017\/04\/temeraposentadoria03108488-150x100.jpg 150w, https:\/\/sindesvdf.com.br\/news\/wp-content\/uploads\/2017\/04\/temeraposentadoria03108488.jpg 429w\" sizes=\"auto, (max-width: 415px) 100vw, 415px\" \/>Na tentativa de reverter a elevada rejei\u00e7\u00e3o que a reforma da Previd\u00eancia tem junto aos trabalhadores e mesmo entre os que apoiaram o golpe contra a presidenta Dilma Rousseff e o pa\u00eds, o governo federal lan\u00e7ou uma campanha onde afirma que est\u00e3o falando mentiras sobre o assunto. Com a ajuda da professora Denise Gentil, da Universidade Federal do Rio de Janeiro (UFRJ), o site <a href=\"https:\/\/theintercept.com\/brasil\/\">The Intercept Brasil<\/a>\u00a0desmente todas as afirma\u00e7\u00f5es do ministro Henrique Meireles.<\/p>\n<hr \/>\n<p>Com inspira\u00e7\u00e3o na pe\u00e7a produzida pelo governo, The Intercept Brasil elencou 10 argumentos usados pelo governo para defender a proposta de Reforma da Previd\u00eancia apresentada por ele e convidou a professora Denise Lobato Gentil, do departamento Economia da Universidade Federal do Rio de Janeiro, especializada em Macroeconomia e Economia do Setor P\u00fablico, para comentar cada um. Os argumentos foram todos tirados de discursos e entrevistas do ministro da Fazenda, Henrique Meirelles.<\/p>\n<div style=\"width: 720px;\" class=\"wp-video\"><video class=\"wp-video-shortcode\" id=\"video-7629-1\" width=\"720\" height=\"720\" preload=\"metadata\" controls=\"controls\"><source type=\"video\/mp4\" src=\"http:\/\/sindesvdf.com.br\/news\/wp-content\/uploads\/2017\/04\/Mentira-Pura-Reforma-da-Previd\u00eancia.mp4?_=1\" \/><a href=\"http:\/\/sindesvdf.com.br\/news\/wp-content\/uploads\/2017\/04\/Mentira-Pura-Reforma-da-Previd\u00eancia.mp4\">http:\/\/sindesvdf.com.br\/news\/wp-content\/uploads\/2017\/04\/Mentira-Pura-Reforma-da-Previd\u00eancia.mp4<\/a><\/video><\/div>\n<hr \/>\n<h4 style=\"text-align: center;\"><strong>1. \u201cSem reforma, gasto previdenci\u00e1rio vai a 17,2% do PIB em 2060\u201d<\/strong><\/h4>\n<div style=\"width: 1110px;\" class=\"wp-video\"><video class=\"wp-video-shortcode\" id=\"video-7629-2\" width=\"1110\" height=\"624\" preload=\"metadata\" controls=\"controls\"><source type=\"video\/mp4\" src=\"http:\/\/sindesvdf.com.br\/news\/wp-content\/uploads\/2017\/04\/Denise-Lobato-Gentil-corrige-Henrique-Meirelles-parte-1.mp4?_=2\" \/><a href=\"http:\/\/sindesvdf.com.br\/news\/wp-content\/uploads\/2017\/04\/Denise-Lobato-Gentil-corrige-Henrique-Meirelles-parte-1.mp4\">http:\/\/sindesvdf.com.br\/news\/wp-content\/uploads\/2017\/04\/Denise-Lobato-Gentil-corrige-Henrique-Meirelles-parte-1.mp4<\/a><\/video><\/div>\n<p>Para fazer uma proje\u00e7\u00e3o segura, \u00e9 necess\u00e1rio trabalhar com uma margem de erro, e n\u00e3o tratar os n\u00fameros com determinismo, como faz o ministro. A professora cita o exemplo do Banco Central estipulando a infla\u00e7\u00e3o prevista para um ano:<em> \u201cEle diz \u2018vai estar entre\u2026\u2019 e a\u00ed estabelece um intervalo de confian\u00e7a. Se acerta naquele intervalo, est\u00e1 cumprindo a meta\u201d<\/em>. J\u00e1 a proposta da Reforma da Previd\u00eancia n\u00e3o faz isso: o ministro d\u00e1 um n\u00famero com exatid\u00e3o at\u00e9 nos d\u00e9cimos.<\/p>\n<p>Previs\u00f5es econ\u00f4micas tamb\u00e9m costumam apresentar, pelo menos, tr\u00eas \u201ccen\u00e1rios poss\u00edveis\u201d. Isso \u00e9 feito para se abranger possibilidades de crises ou de melhoras no plano econ\u00f4mico. O governo trabalha com apenas uma possibilidade.<\/p>\n<hr \/>\n<h4 style=\"text-align: center;\"><strong>2. \u201cEstados ficam insustent\u00e1veis sem uma reforma\u201d<\/strong><\/h4>\n<div style=\"width: 1110px;\" class=\"wp-video\"><video class=\"wp-video-shortcode\" id=\"video-7629-3\" width=\"1110\" height=\"624\" preload=\"metadata\" controls=\"controls\"><source type=\"video\/mp4\" src=\"http:\/\/sindesvdf.com.br\/news\/wp-content\/uploads\/2017\/04\/Denise-Lobato-Gentil-corrige-Henrique-Meirelles-parte-2.mp4?_=3\" \/><a href=\"http:\/\/sindesvdf.com.br\/news\/wp-content\/uploads\/2017\/04\/Denise-Lobato-Gentil-corrige-Henrique-Meirelles-parte-2.mp4\">http:\/\/sindesvdf.com.br\/news\/wp-content\/uploads\/2017\/04\/Denise-Lobato-Gentil-corrige-Henrique-Meirelles-parte-2.mp4<\/a><\/video><\/div>\n<p>A especialista afirma que \u00e9 necess\u00e1rio investigar a raiz do problema em cada estado e que o \u201cdiscurso oficial\u201d \u2014 todos est\u00e3o endividados por quest\u00f5es previdenci\u00e1rias \u2014 joga a culpa sobre quem n\u00e3o foi respons\u00e1vel pelos problemas.<\/p>\n<p>Ela cita como exemplo o Rio de Janeiro, que considera o mais encrencado: \u201cDizer que o estado est\u00e1 quebrado \u00e9 de fato uma platitude, se voc\u00ea n\u00e3o disser quem causou\u201d. E explica que o maior problema foi o Fundo de Previd\u00eancia dos Servidores P\u00fablicos ter sido \u201cdesfalcado\u201d pelo governo S\u00e9rgio Cabral (PMDB-RJ).<\/p>\n<p>Duas sa\u00eddas estrat\u00e9gicas sugeridas para a crise do Rio foram a suspens\u00e3o da d\u00edvida do estado com a Uni\u00e3o e a revis\u00e3o de desonera\u00e7\u00f5es concedidas em impostos, como o ICMS e o IPVA.<\/p>\n<hr \/>\n<h4 style=\"text-align: center;\"><strong>3. \u201cOutros pa\u00edses tiveram que tomar atitudes dram\u00e1ticas porque esperaram por muitos anos\u201d<\/strong><\/h4>\n<div style=\"width: 1110px;\" class=\"wp-video\"><video class=\"wp-video-shortcode\" id=\"video-7629-4\" width=\"1110\" height=\"624\" preload=\"metadata\" controls=\"controls\"><source type=\"video\/mp4\" src=\"http:\/\/sindesvdf.com.br\/news\/wp-content\/uploads\/2017\/04\/Denise-Lobato-Gentil-corrige-Henrique-Meirelles-parte-3.mp4?_=4\" \/><a href=\"http:\/\/sindesvdf.com.br\/news\/wp-content\/uploads\/2017\/04\/Denise-Lobato-Gentil-corrige-Henrique-Meirelles-parte-3.mp4\">http:\/\/sindesvdf.com.br\/news\/wp-content\/uploads\/2017\/04\/Denise-Lobato-Gentil-corrige-Henrique-Meirelles-parte-3.mp4<\/a><\/video><\/div>\n<p>Em pa\u00edses europeus existe uma idade m\u00ednima e uma idade de refer\u00eancia: \u201cA m\u00ednima \u00e9 aquela em que um europeu pode se aposentar sem ganhar a aposentadoria integral, com 57, 58 ou 59 anos. A idade de refer\u00eancia que \u00e9 65 anos\u201d. O governo brasileiro quer \u201ctomar atitudes\u201d ainda mais \u201cdram\u00e1ticas\u201d, elevando a idade m\u00ednima aos <a href=\"http:\/\/www.seg-social.pt\/pensao-de-velhice\" target=\"_blank\" rel=\"noopener noreferrer\">patamares daquela usada como refer\u00eancia<\/a> em outros pa\u00edses.<\/p>\n<p>Muitos tamb\u00e9m est\u00e3o revendo as regras de aposentadoria escritas depois de 2008, mas para diminuir as exig\u00eancias. Na Fran\u00e7a, os dois candidatos que foram para o segundo turno falam em <a href=\"http:\/\/www.huffingtonpost.fr\/2017\/03\/29\/ce-que-les-differents-candidats-ont-prevu-pour-augmenter-votre-r_a_22016933\/\" target=\"_blank\" rel=\"noopener noreferrer\">rever o tempo de contribui\u00e7\u00e3o exigido<\/a>. No Jap\u00e3o, ele \u00a0foi reduzido de <a href=\"https:\/\/japantoday.com\/category\/features\/kuchikomi\/changes-coming-in-japans-tax-code-from-2017\" target=\"_blank\" rel=\"noopener noreferrer\">25 para 10 anos<\/a> recentemente.<\/p>\n<p>Por \u00faltimo, Lobato lembra que a presidente do FMI, Christine Lagarde chamou a aten\u00e7\u00e3o do ministro Henrique Meirelles <a href=\"https:\/\/www.cartacapital.com.br\/economia\/apos-fala-de-meirelles-chefe-do-fmi-pede-preocupacao-com-desigualdade\" target=\"_blank\" rel=\"noopener noreferrer\">em Davos (Su\u00ed\u00e7a), durante o F\u00f3rum Econ\u00f4mico Mundial<\/a>. Ap\u00f3s uma apresenta\u00e7\u00e3o de Meirelles sobre o ajuste fiscal e a Reforma da Previd\u00eancia, Lagarde afirmou que a prioridade deveria ser combater as desigualdades sociais e alfinetou:<em> \u201cN\u00e3o sei por que as pessoas n\u00e3o escutaram (que a desigualdade \u00e9 nociva), mas, certamente, os economistas se revoltaram e disseram que <a href=\"http:\/\/www.bbc.com\/portuguese\/brasil-38670576\" target=\"_blank\" rel=\"noopener noreferrer\">n\u00e3o era problema deles<\/a>\u201d.<\/em><\/p>\n<hr \/>\n<h4 style=\"text-align: center;\"><strong>4. \u201c\u00c9 fundamental para a recupera\u00e7\u00e3o da economia em 2017\u201d<\/strong><\/h4>\n<div style=\"width: 1110px;\" class=\"wp-video\"><video class=\"wp-video-shortcode\" id=\"video-7629-5\" width=\"1110\" height=\"624\" preload=\"metadata\" controls=\"controls\"><source type=\"video\/mp4\" src=\"http:\/\/sindesvdf.com.br\/news\/wp-content\/uploads\/2017\/04\/Denise-Lobato-Gentil-corrige-Henrique-Meirelles-parte-4.mp4?_=5\" \/><a href=\"http:\/\/sindesvdf.com.br\/news\/wp-content\/uploads\/2017\/04\/Denise-Lobato-Gentil-corrige-Henrique-Meirelles-parte-4.mp4\">http:\/\/sindesvdf.com.br\/news\/wp-content\/uploads\/2017\/04\/Denise-Lobato-Gentil-corrige-Henrique-Meirelles-parte-4.mp4<\/a><\/video><\/div>\n<p>No curto prazo, a maior possibilidade, segundo a professora, \u00e9 que a reforma agrave a situa\u00e7\u00e3o da Previd\u00eancia, <em>\u201cporque a gente j\u00e1 sabe que, ao anunciar a Reforma da Previd\u00eancia, houve uma corrida \u00e0s aposentadorias\u201d.<\/em> Ela ressalta que os a<a href=\"http:\/\/oglobo.globo.com\/economia\/aportes-planos-de-previdencia-privada-crescem-quase-20-em-2016-21017902\" target=\"_blank\" rel=\"noopener noreferrer\">portes em previd\u00eancias privadas aumentaram em 2016<\/a> e que devem <a href=\"http:\/\/www.em.com.br\/app\/noticia\/economia\/2017\/01\/09\/internas_economia,837986\/reforma-aumenta-corrida-por-planos-de-aposentadoria-complementar.shtml\" target=\"_blank\" rel=\"noopener noreferrer\">continuar a subir em 2017<\/a>.<\/p>\n<p>No longo prazo, Lobato explica que a reforma vai desestimular o recolhimento do benef\u00edcio, porque as pessoas achar\u00e3o que n\u00e3o conseguir\u00e3o contribuir o suficiente para se aposentar e, por considerar que nunca alcan\u00e7ar\u00e3o os requisitos, v\u00e3o desistir de contribuir: <em>\u201cElas v\u00e3o preferir contribuir com um plano privado. Ali\u00e1s, esse \u00e9 o projeto: estimular os fundos privados de aposentadoria\u201d.<\/em><\/p>\n<p>Outro fator que puxa a receita da previd\u00eancia para baixo, no curto prazo, \u00e9 o desemprego. Foram encerrados <a href=\"http:\/\/agenciabrasil.ebc.com.br\/economia\/noticia\/2017-01\/desemprego-atinge-123-milhoes-de-pessoas-e-e-maior-taxa-desde-2012\" target=\"_blank\" rel=\"noopener noreferrer\">1.3 milh\u00e3o de postos de trabalho em 2016<\/a> e, em janeiro e fevereiro, os <a href=\"http:\/\/g1.globo.com\/economia\/noticia\/desemprego-fica-em-132-no-trimestre-terminado-em-fevereiro.ghtml\" target=\"_blank\" rel=\"noopener noreferrer\">\u00edndices continuaram aumentando<\/a>. Com a perda de empregos, a receita tende a cair. No longo prazo, a Lei de Terceiriza\u00e7\u00e3o pode complicar ainda mais esse cen\u00e1rio, com a transforma\u00e7\u00e3o de muitos trabalhadores em Microempreendedores Individuais (MEI), que contribuem menos para a Previd\u00eancia.<\/p>\n<hr \/>\n<h4 style=\"text-align: center;\"><strong>5. \u201cN\u00e3o vai prejudicar o trabalho com menor renda\u201d<\/strong><\/h4>\n<div style=\"width: 1110px;\" class=\"wp-video\"><video class=\"wp-video-shortcode\" id=\"video-7629-6\" width=\"1110\" height=\"624\" preload=\"metadata\" controls=\"controls\"><source type=\"video\/mp4\" src=\"http:\/\/sindesvdf.com.br\/news\/wp-content\/uploads\/2017\/04\/Denise-Lobato-Gentil-corrige-Henrique-Meirelles-parte-5.mp4?_=6\" \/><a href=\"http:\/\/sindesvdf.com.br\/news\/wp-content\/uploads\/2017\/04\/Denise-Lobato-Gentil-corrige-Henrique-Meirelles-parte-5.mp4\">http:\/\/sindesvdf.com.br\/news\/wp-content\/uploads\/2017\/04\/Denise-Lobato-Gentil-corrige-Henrique-Meirelles-parte-5.mp4<\/a><\/video><\/div>\n<p>Em primeiro lugar, a nova aposentadoria n\u00e3o desprezar\u00e1 mais, no c\u00e1lculo do valor a ser pago, os 25% da contribui\u00e7\u00e3o referente aos menores sal\u00e1rios do trabalhador. Ser\u00e1 feito com base na m\u00e9dia do valor total contribu\u00eddo. Isso significa incluir o per\u00edodo em que o trabalhador recebia um sal\u00e1rio baixo e, portanto, puxa a m\u00e9dia para baixo.<\/p>\n<p>Para o trabalhador com menor renda, por\u00e9m, a situa\u00e7\u00e3o \u00e9 ainda mais perigosa porque, <a href=\"http:\/\/epocanegocios.globo.com\/Brasil\/noticia\/2016\/12\/trabalhadores-formais-ganham-o-dobro-dos-informais.html\" target=\"_blank\" rel=\"noopener noreferrer\">em geral, s\u00e3o trabalhadores informais<\/a>. A professora lembra que a taxa de informalidade no Brasil \u00e9 <a href=\"https:\/\/www.cartacapital.com.br\/economia\/informalidade-a-cara-da-crise-no-brasil\" target=\"_blank\" rel=\"noopener noreferrer\">superior a 40%<\/a>: <em>\u201cvoc\u00ea tem a\u00ed muita gente que sequer receber\u00e1 um benef\u00edcio previdenci\u00e1rio. O governo n\u00e3o fez nenhuma reforma para inclu\u00ed-los, o que j\u00e1 \u00e9 um equ\u00edvoco\u201d.<\/em><\/p>\n<hr \/>\n<h4 style=\"text-align: center;\"><strong>6. \u201cPreservam o ajuste fiscal e beneficiam os mais pobres\u201d<\/strong><\/h4>\n<div style=\"width: 1110px;\" class=\"wp-video\"><video class=\"wp-video-shortcode\" id=\"video-7629-7\" width=\"1110\" height=\"624\" preload=\"metadata\" controls=\"controls\"><source type=\"video\/mp4\" src=\"http:\/\/sindesvdf.com.br\/news\/wp-content\/uploads\/2017\/04\/Denise-Lobato-Gentil-corrige-Henrique-Meirelles-parte-6.mp4?_=7\" \/><a href=\"http:\/\/sindesvdf.com.br\/news\/wp-content\/uploads\/2017\/04\/Denise-Lobato-Gentil-corrige-Henrique-Meirelles-parte-6.mp4\">http:\/\/sindesvdf.com.br\/news\/wp-content\/uploads\/2017\/04\/Denise-Lobato-Gentil-corrige-Henrique-Meirelles-parte-6.mp4<\/a><\/video><\/div>\n<p>A juventude do nordeste e da periferia das grandes cidades ser\u00e1 a mais afetada e mais empobrecida. A expectativa de vida dos homens do nordeste e do norte \u00e9 muito mais baixa do que no sudeste, em muitas cidades das duas regi\u00f5es, <a href=\"https:\/\/theintercept.com\/2016\/12\/16\/os-dois-lados-da-proposta-de-reforma-da-previdencia\/\" target=\"_blank\" rel=\"noopener noreferrer\">n\u00e3o chega aos 65 anos<\/a>. Quando o governo exige uma idade m\u00ednima de 65 anos,<em> \u201cele t\u00e1 dizendo para uma grande parte da popula\u00e7\u00e3o brasileira pobre que ela n\u00e3o se aposentar\u00e1\u201d.<\/em><\/p>\n<hr \/>\n<h4 style=\"text-align: center;\"><strong>7. \u201cEle [trabalhador mais pobre] j\u00e1 tende a se aposentar por idade\u201d<\/strong><\/h4>\n<div style=\"width: 1110px;\" class=\"wp-video\"><video class=\"wp-video-shortcode\" id=\"video-7629-8\" width=\"1110\" height=\"624\" preload=\"metadata\" controls=\"controls\"><source type=\"video\/mp4\" src=\"http:\/\/sindesvdf.com.br\/news\/wp-content\/uploads\/2017\/04\/Denise-Lobato-Gentil-corrige-Henrique-Meirelles-parte-7.mp4?_=8\" \/><a href=\"http:\/\/sindesvdf.com.br\/news\/wp-content\/uploads\/2017\/04\/Denise-Lobato-Gentil-corrige-Henrique-Meirelles-parte-7.mp4\">http:\/\/sindesvdf.com.br\/news\/wp-content\/uploads\/2017\/04\/Denise-Lobato-Gentil-corrige-Henrique-Meirelles-parte-7.mp4<\/a><\/video><\/div>\n<p>Segundo a professora, a frase est\u00e1 correta, mas deve ser relativizada. Grande parte das pessoas mais pobres \u00a0se aposenta por idade porque <a href=\"http:\/\/webcache.googleusercontent.com\/search?q=cache:Qp0-SLqJ6SMJ:www.fgv.br\/ibre\/blogdoibre\/artigos\/Como%2520Deve%2520Ser%2520Distribu%25C3%25ADdo%2520o%2520%25C3%2594nus%2520da%2520Reforma%2520da%2520Previd%25C3%25AAncia.html+&amp;cd=1&amp;hl=pt-BR&amp;ct=clnk&amp;gl=br\" target=\"_blank\" rel=\"noopener noreferrer\">n\u00e3o consegue comprovar 15 anos de contribui\u00e7\u00e3o.<\/a> Ela aponta, no entanto, que muitos <a href=\"http:\/\/g1.globo.com\/economia\/seu-dinheiro\/noticia\/2016\/09\/mais-de-um-terco-dos-aposentados-continua-trabalhando-diz-pesquisa.html\" target=\"_blank\" rel=\"noopener noreferrer\">continuam trabalhando<\/a> na informalidade, recebendo paralelamente aposentadorias <a href=\"https:\/\/economia.uol.com.br\/noticias\/redacao\/2017\/01\/18\/brasileiro-se-aposenta-aos-58-em-media-e-a-maioria-ganha-1-salario-minimo.htm\" target=\"_blank\" rel=\"noopener noreferrer\">equivalentes a um sal\u00e1rio m\u00ednimo<\/a>.<\/p>\n<hr \/>\n<h4 style=\"text-align: center;\"><strong>8. \u201cAs mulheres mais jovens j\u00e1 est\u00e3o com remunera\u00e7\u00e3o igual \u00e0 dos homens. A tend\u00eancia obviamente \u00e9 que em 20 anos isso estar\u00e1 igualado. Ent\u00e3o n\u00f3s teremos um mercado de trabalho igualit\u00e1rio\u201d<\/strong><\/h4>\n<div style=\"width: 1110px;\" class=\"wp-video\"><video class=\"wp-video-shortcode\" id=\"video-7629-9\" width=\"1110\" height=\"624\" preload=\"metadata\" controls=\"controls\"><source type=\"video\/mp4\" src=\"http:\/\/sindesvdf.com.br\/news\/wp-content\/uploads\/2017\/04\/Denise-Lobato-Gentil-corrige-Henrique-Meirelles-parte-8.mp4?_=9\" \/><a href=\"http:\/\/sindesvdf.com.br\/news\/wp-content\/uploads\/2017\/04\/Denise-Lobato-Gentil-corrige-Henrique-Meirelles-parte-8.mp4\">http:\/\/sindesvdf.com.br\/news\/wp-content\/uploads\/2017\/04\/Denise-Lobato-Gentil-corrige-Henrique-Meirelles-parte-8.mp4<\/a><\/video><\/div>\n<p>Dados do IBGE indicam o contr\u00e1rio. Na Pnad de 2015, mulheres em cargos de chefia ou dire\u00e7\u00e3o recebiam <a href=\"http:\/\/www1.folha.uol.com.br\/mercado\/2016\/12\/1837738-diferenca-de-salarios-entre-homens-e-mulheres-aumenta-em-cargos-de-chefia.shtml\" target=\"_blank\" rel=\"noopener noreferrer\">68% do que era pago aos homens<\/a> na mesma posi\u00e7\u00e3o. E o pior: o \u00edndice apresentado \u00e9 <a href=\"http:\/\/agenciabrasil.ebc.com.br\/geral\/noticia\/2016-12\/mercado-de-trabalho-continua-discriminando-mulheres-independentemente-da-crise\" target=\"_blank\" rel=\"noopener noreferrer\">inferior ao registrado dez anos antes<\/a>: em 2005, a remunera\u00e7\u00e3o das mulheres no alto escal\u00e3o equivalia a 71% do que era pago aos homens.<\/p>\n<p>De acordo com um estudo do F\u00f3rum Econ\u00f4mico Mundial publicado em novembro, a igualdade salarial entre os g\u00eaneros no mundo s\u00f3 ser\u00e1 alcan\u00e7ada daqui a 169 anos.<\/p>\n<p>A professora ressalta que as mulheres negras recebem <a href=\"http:\/\/zh.clicrbs.com.br\/rs\/vida-e-estilo\/noticia\/2016\/03\/mulher-negra-ganha-menos-de-40-do-que-homem-branco-no-brasil-5083605.html\" target=\"_blank\" rel=\"noopener noreferrer\">menos de 40% <\/a>do sal\u00e1rio m\u00e9dio de um homem branco e, as brancas, <a href=\"http:\/\/trabalho.gov.br\/images\/Documentos\/Noticias\/Mulher_e_trabalho_marco_2016.pdf\" target=\"_blank\" rel=\"noopener noreferrer\">70% do sal\u00e1rio de um homem<\/a> branco.<\/p>\n<p>Ela lembra que <a href=\"http:\/\/fundacaoanfip.org.br\/site\/2017\/03\/entre-aposentados-por-idade-mulher-e-maioria-e-renda-e-menor\/\" target=\"_blank\" rel=\"noopener noreferrer\">64% das aposentadorias por idade s\u00e3o de mulheres<\/a>. E explica que elas n\u00e3o conseguem comprovar os 30 anos de contribui\u00e7\u00e3o necess\u00e1rios para se aposentarem por tempo de contribui\u00e7\u00e3o. Lobato lembra que os \u00edndices de participa\u00e7\u00e3o das mulheres no mercado formal <a href=\"http:\/\/www.onumulheres.org.br\/noticias\/8277\/\" target=\"_blank\" rel=\"noopener noreferrer\">ainda \u00e9 muito baixo<\/a>. Isso \u00e9 o que dificulta a comprova\u00e7\u00e3o da contribui\u00e7\u00e3o.<\/p>\n<hr \/>\n<h4 style=\"text-align: center;\"><strong>9. \u201cEsse argumento falacioso [de que n\u00e3o existe rombo] usa todas as receitas vinculadas \u00e0 seguridade social e Previd\u00eancia para cobrir somente despesas com a Previd\u00eancia, o que gera um super\u00e1vit de R$ 100,1 bilh\u00f5es\u201d<\/strong><\/h4>\n<div style=\"width: 1110px;\" class=\"wp-video\"><video class=\"wp-video-shortcode\" id=\"video-7629-10\" width=\"1110\" height=\"624\" preload=\"metadata\" controls=\"controls\"><source type=\"video\/mp4\" src=\"http:\/\/sindesvdf.com.br\/news\/wp-content\/uploads\/2017\/04\/Denise-Lobato-Gentil-corrige-Henrique-Meirelles-parte-9.mp4?_=10\" \/><a href=\"http:\/\/sindesvdf.com.br\/news\/wp-content\/uploads\/2017\/04\/Denise-Lobato-Gentil-corrige-Henrique-Meirelles-parte-9.mp4\">http:\/\/sindesvdf.com.br\/news\/wp-content\/uploads\/2017\/04\/Denise-Lobato-Gentil-corrige-Henrique-Meirelles-parte-9.mp4<\/a><\/video><\/div>\n<p>Lobato \u00e9 uma dos vinte especialistas reunidos para escrever o livro <em><a href=\"http:\/\/plataformapoliticasocial.com.br\/wp-content\/uploads\/2017\/03\/Doc-3_final-redes.pdf\" target=\"_blank\" rel=\"noopener noreferrer\">\u201cA Previd\u00eancia Social em 2060: As inconsist\u00eancias do modelo de proje\u00e7\u00e3o atuarial do governo brasileiro\u201d<\/a><\/em>, que <a href=\"https:\/\/theintercept.com\/2017\/04\/19\/governo-apresenta-calculo-com-erros-basicos-e-omite-dados-de-material-para-justificar-reforma-da-previdencia\/\" target=\"_blank\" rel=\"noopener noreferrer\">desmontou o modelo de c\u00e1lculo<\/a> utilizado para estruturar a proposta de Reforma da Previd\u00eancia.<\/p>\n<p>Ela explica que a base do trabalho \u00e9 a <a href=\"http:\/\/www.planalto.gov.br\/ccivil_03\/constituicao\/constituicao.htm\" target=\"_blank\" rel=\"noopener noreferrer\">Constitui\u00e7\u00e3o Federal de 1988<\/a>. Segundo a Carta, a seguridade social garante um Sistema \u00danico de Sa\u00fade universal, benef\u00edcios assistenciais para aqueles que n\u00e3o conseguem contribuir e uma previd\u00eancia digna, que n\u00e3o pode ser inferior ao sal\u00e1rio m\u00ednimo, para aqueles que n\u00e3o conseguem retornar ao mercado de trabalho. \u201cA conta que voc\u00ea faz \u00e9 pegar todas as receitas que est\u00e3o asseguradas na Constitui\u00e7\u00e3o Federal como vinculadas \u00e0 seguridade social e coloc\u00e1-las a servi\u00e7o das despesas da seguridade social\u201d, ensina a professora.<\/p>\n<p>Al\u00e9m desta conta, Lobato lembra que h\u00e1, ainda, os desvios feitos com base na Lei de Desvincula\u00e7\u00e3o de Receitas da Uni\u00e3o (DRU). Ela explica que o governo Michel Temer, em julho de 2016, aumentou o percentual de desvincula\u00e7\u00e3o de receitas da Uni\u00e3o \u2014 dinheiro desviado do fundo previdenci\u00e1rio para outros fins \u2014 de 20% para 30%.<\/p>\n<p><em>\u201cE h\u00e1 tamb\u00e9m um enorme espa\u00e7o para combate aos devedores da d\u00edvida ativa\u201d<\/em>, conta Lobato. Ela cita um <a href=\"http:\/\/blogs.correiobraziliense.com.br\/servidor\/estudo-do-sinprofaz-aponta-que-montante-sonegado-em-2016-supera-deficit-dos-cofres-publicos-estimado-para-o-ano\/\" target=\"_blank\" rel=\"noopener noreferrer\">estudo da Procuradoria Geral da Fazenda Nacional<\/a>, que mostra que R$ 100 bilh\u00f5es s\u00e3o de <a href=\"https:\/\/www.sinprofaz.org.br\/noticias\/em-audiencia-no-senado-federal-sinprofaz-critica-reforma-da-previdencia\/\" target=\"_blank\" rel=\"noopener noreferrer\">recuperabilidade f\u00e1cil<\/a>. A economista lembra que estima-se que as <a href=\"https:\/\/www.cartacapital.com.br\/economia\/reforma-da-previdencia-ignora-426-bilhoes-devidos-por-empresas-ao-inss\" target=\"_blank\" rel=\"noopener noreferrer\">sonega\u00e7\u00f5es por parte das grandes empresas<\/a> representem <a href=\"http:\/\/www.correiobraziliense.com.br\/app\/noticia\/economia\/2016\/05\/19\/internas_economia,532598\/cerca-de-r-90-bilhoes-escorrem-pelo-ralo-da-previdencia.shtml\" target=\"_blank\" rel=\"noopener noreferrer\">27% da receita da previd\u00eancia<\/a>. <em>\u201c\u00c9 uma coisa assombrosa, o governo de um lado desonera de forma estratosf\u00e9rica: <a href=\"http:\/\/epocanegocios.globo.com\/Informacao\/Acao\/noticia\/2015\/02\/governo-limita-gastos-de-ministerios-e-reve-desoneracoes-de-folha-salarial.html\" target=\"_blank\" rel=\"noopener noreferrer\">R$ 283 bilh\u00f5es por ano<\/a> \u00e9 o valor da desonera\u00e7\u00e3o no Brasil. N\u00e3o persegue os devedores e ainda quer fazer um ajuste fiscal pelo lado do gasto, ou seja, nas costas da popula\u00e7\u00e3o mais pobre\u201d.<\/em><\/p>\n<hr \/>\n<h4 style=\"text-align: center;\"><strong>10. \u201cO mais importante \u00e9 que cada um tenha a certeza de que vai receber aposentadoria.\u201d<\/strong><\/h4>\n<div style=\"width: 1110px;\" class=\"wp-video\"><video class=\"wp-video-shortcode\" id=\"video-7629-11\" width=\"1110\" height=\"624\" preload=\"metadata\" controls=\"controls\"><source type=\"video\/mp4\" src=\"http:\/\/sindesvdf.com.br\/news\/wp-content\/uploads\/2017\/04\/Denise-Lobato-Gentil-corrige-Henrique-Meirelles-parte-10.mp4?_=11\" \/><a href=\"http:\/\/sindesvdf.com.br\/news\/wp-content\/uploads\/2017\/04\/Denise-Lobato-Gentil-corrige-Henrique-Meirelles-parte-10.mp4\">http:\/\/sindesvdf.com.br\/news\/wp-content\/uploads\/2017\/04\/Denise-Lobato-Gentil-corrige-Henrique-Meirelles-parte-10.mp4<\/a><\/video><\/div>\n<p>Lobato faz parte de um grupo de economistas, matem\u00e1ticos, engenheiros e analistas que est\u00e3o fazendo uma avalia\u00e7\u00e3o criteriosa sobre o novo modelo de c\u00e1lculo apresentado pelo governo. Segundo os resultados mais recentes das simula\u00e7\u00f5es feitas a partir dos dados entregues pelo pr\u00f3prio governo \u2014 de acordo com os valores previstos para a infla\u00e7\u00e3o e o sal\u00e1rio m\u00ednimo, por exemplo \u2014, o poder de compra da aposentadoria ir\u00e1 cair:<\/p>\n<p><em>\u201cAs curvas do poder de compra dessas aposentadorias s\u00e3o todas decrescentes, conforme os pr\u00f3prios c\u00e1lculos do governo. H\u00e1 uma queda na renda dos aposentados prevista no modelo atuarial do governo. \u00c9 um modelo de empobrecimento.\u201d<\/em><\/p>\n<p class=\"wpf_wrapper\"><a class=\"print_link\" href=\"\" target=\"_blank\">Preparar para impress\u00e3o<\/a><\/p><!-- .wpf_wrapper -->","protected":false},"excerpt":{"rendered":"<p>Por Helena Borges, The Intercept Na tentativa de reverter a elevada rejei\u00e7\u00e3o que a reforma da Previd\u00eancia tem junto aos&hellip; <\/p>\n","protected":false},"author":1,"featured_media":0,"comment_status":"closed","ping_status":"closed","sticky":false,"template":"","format":"standard","meta":{"footnotes":""},"categories":[112],"tags":[],"class_list":["post-7629","post","type-post","status-publish","format-standard","hentry","category-as-reformas-do-mal"],"jetpack_featured_media_url":"","_links":{"self":[{"href":"https:\/\/sindesvdf.com.br\/news\/wp-json\/wp\/v2\/posts\/7629","targetHints":{"allow":["GET"]}}],"collection":[{"href":"https:\/\/sindesvdf.com.br\/news\/wp-json\/wp\/v2\/posts"}],"about":[{"href":"https:\/\/sindesvdf.com.br\/news\/wp-json\/wp\/v2\/types\/post"}],"author":[{"embeddable":true,"href":"https:\/\/sindesvdf.com.br\/news\/wp-json\/wp\/v2\/users\/1"}],"replies":[{"embeddable":true,"href":"https:\/\/sindesvdf.com.br\/news\/wp-json\/wp\/v2\/comments?post=7629"}],"version-history":[{"count":10,"href":"https:\/\/sindesvdf.com.br\/news\/wp-json\/wp\/v2\/posts\/7629\/revisions"}],"predecessor-version":[{"id":7657,"href":"https:\/\/sindesvdf.com.br\/news\/wp-json\/wp\/v2\/posts\/7629\/revisions\/7657"}],"wp:attachment":[{"href":"https:\/\/sindesvdf.com.br\/news\/wp-json\/wp\/v2\/media?parent=7629"}],"wp:term":[{"taxonomy":"category","embeddable":true,"href":"https:\/\/sindesvdf.com.br\/news\/wp-json\/wp\/v2\/categories?post=7629"},{"taxonomy":"post_tag","embeddable":true,"href":"https:\/\/sindesvdf.com.br\/news\/wp-json\/wp\/v2\/tags?post=7629"}],"curies":[{"name":"wp","href":"https:\/\/api.w.org\/{rel}","templated":true}]}}