{"id":7663,"date":"2017-04-27T13:18:02","date_gmt":"2017-04-27T16:18:02","guid":{"rendered":"http:\/\/sindesvdf.com.br\/news\/?p=7663"},"modified":"2019-08-20T16:28:51","modified_gmt":"2019-08-20T19:28:51","slug":"nota-publica-do-mpt-sobre-a","status":"publish","type":"post","link":"https:\/\/sindesvdf.com.br\/news\/nota-publica-do-mpt-sobre-a\/","title":{"rendered":"NOTA P\u00daBLICA do MPT sobre a reforma trabalhista"},"content":{"rendered":"<p>Para quem ainda \u00a0tem duvidas quanto \u00e0\u00a0gravidade com que a efetiva\u00e7\u00e3o dessa reforma trabalhista proposta pelo governo Temer atingir\u00e1 os trabalhadores leiam o manifesto do Minist\u00e9rio P\u00fablico do Trabalho.<\/p>\n<p><a href=\"http:\/\/sindesvdf.com.br\/news\/wp-content\/uploads\/2017\/04\/NotaP\u00fablicaMPT-1.pdf\" target=\"_blank\" rel=\"noopener noreferrer\"><img loading=\"lazy\" decoding=\"async\" class=\"aligncenter wp-image-7665\" src=\"http:\/\/sindesvdf.com.br\/news\/wp-content\/uploads\/2017\/04\/Screenshot_7.png\" alt=\"\" width=\"790\" height=\"1122\" srcset=\"https:\/\/sindesvdf.com.br\/news\/wp-content\/uploads\/2017\/04\/Screenshot_7.png 616w, https:\/\/sindesvdf.com.br\/news\/wp-content\/uploads\/2017\/04\/Screenshot_7-211x300.png 211w, https:\/\/sindesvdf.com.br\/news\/wp-content\/uploads\/2017\/04\/Screenshot_7-556x790.png 556w, https:\/\/sindesvdf.com.br\/news\/wp-content\/uploads\/2017\/04\/Screenshot_7-106x150.png 106w\" sizes=\"auto, (max-width: 790px) 100vw, 790px\" \/><\/a><\/p>\n<p class=\"wpf_wrapper\"><a class=\"print_link\" href=\"\" target=\"_blank\">Preparar para impress\u00e3o<\/a><\/p><!-- .wpf_wrapper -->","protected":false},"excerpt":{"rendered":"<p>Para quem ainda \u00a0tem duvidas quanto \u00e0\u00a0gravidade com que a efetiva\u00e7\u00e3o dessa reforma trabalhista proposta pelo governo Temer atingir\u00e1 os&hellip; <\/p>\n","protected":false},"author":1,"featured_media":0,"comment_status":"closed","ping_status":"closed","sticky":false,"template":"","format":"standard","meta":{"footnotes":""},"categories":[112],"tags":[],"class_list":["post-7663","post","type-post","status-publish","format-standard","hentry","category-as-reformas-do-mal"],"jetpack_featured_media_url":"","_links":{"self":[{"href":"https:\/\/sindesvdf.com.br\/news\/wp-json\/wp\/v2\/posts\/7663","targetHints":{"allow":["GET"]}}],"collection":[{"href":"https:\/\/sindesvdf.com.br\/news\/wp-json\/wp\/v2\/posts"}],"about":[{"href":"https:\/\/sindesvdf.com.br\/news\/wp-json\/wp\/v2\/types\/post"}],"author":[{"embeddable":true,"href":"https:\/\/sindesvdf.com.br\/news\/wp-json\/wp\/v2\/users\/1"}],"replies":[{"embeddable":true,"href":"https:\/\/sindesvdf.com.br\/news\/wp-json\/wp\/v2\/comments?post=7663"}],"version-history":[{"count":2,"href":"https:\/\/sindesvdf.com.br\/news\/wp-json\/wp\/v2\/posts\/7663\/revisions"}],"predecessor-version":[{"id":7667,"href":"https:\/\/sindesvdf.com.br\/news\/wp-json\/wp\/v2\/posts\/7663\/revisions\/7667"}],"wp:attachment":[{"href":"https:\/\/sindesvdf.com.br\/news\/wp-json\/wp\/v2\/media?parent=7663"}],"wp:term":[{"taxonomy":"category","embeddable":true,"href":"https:\/\/sindesvdf.com.br\/news\/wp-json\/wp\/v2\/categories?post=7663"},{"taxonomy":"post_tag","embeddable":true,"href":"https:\/\/sindesvdf.com.br\/news\/wp-json\/wp\/v2\/tags?post=7663"}],"curies":[{"name":"wp","href":"https:\/\/api.w.org\/{rel}","templated":true}]}}