{"id":7668,"date":"2017-04-27T13:53:37","date_gmt":"2017-04-27T16:53:37","guid":{"rendered":"http:\/\/sindesvdf.com.br\/news\/?p=7668"},"modified":"2019-08-20T16:28:37","modified_gmt":"2019-08-20T19:28:37","slug":"13-pontos-da-reforma-trabalhista-que-mexerao-na-sua-vida-pra-sempre-e-pra-pior","status":"publish","type":"post","link":"https:\/\/sindesvdf.com.br\/news\/13-pontos-da-reforma-trabalhista-que-mexerao-na-sua-vida-pra-sempre-e-pra-pior\/","title":{"rendered":"13 pontos da reforma trabalhista que mexer\u00e3o na sua vida pra sempre e pra pior"},"content":{"rendered":"<p>A C\u00e2mara aprovou o maior retrocesso nos direitos das \u00faltimas d\u00e9cadas. O governo ileg\u00edtimo, sem votos, deixou que uma reforma nos direitos dos trabalhadores fosse comandada por grandes empres\u00e1rios e lobistas de bancos, da Confedera\u00e7\u00e3o Nacional da Ind\u00fastria (CNI) e de outras confedera\u00e7\u00f5es empresariais, como mostrou o site <strong><a href=\"https:\/\/theintercept.com\/2017\/04\/26\/lobistas-de-bancos-industrias-e-transportes-quem-esta-por-tras-das-emendas-da-reforma-trabalhista\/\">The Intercept Brasil<\/a><\/strong>. O resultado \u00e9 a supress\u00e3o dos direitos trabalhistas.<\/p>\n<p>N\u00e3o podemos deixar que esse projeto seja aprovado tamb\u00e9m no Senado. Temos que nos unir e somar for\u00e7as numa grande mobiliza\u00e7\u00e3o nacional. E ainda assim, se aprovado, precisaremos de um referendo revogat\u00f3rio.<\/p>\n<p><strong><img loading=\"lazy\" decoding=\"async\" class=\"aligncenter wp-image-7671 size-large\" src=\"http:\/\/sindesvdf.com.br\/news\/wp-content\/uploads\/2017\/04\/carteira-assinada-e1458648029421-2-790x473.jpg\" alt=\"\" width=\"750\" height=\"449\" srcset=\"https:\/\/sindesvdf.com.br\/news\/wp-content\/uploads\/2017\/04\/carteira-assinada-e1458648029421-2-790x473.jpg 790w, https:\/\/sindesvdf.com.br\/news\/wp-content\/uploads\/2017\/04\/carteira-assinada-e1458648029421-2-300x180.jpg 300w, https:\/\/sindesvdf.com.br\/news\/wp-content\/uploads\/2017\/04\/carteira-assinada-e1458648029421-2-768x460.jpg 768w, https:\/\/sindesvdf.com.br\/news\/wp-content\/uploads\/2017\/04\/carteira-assinada-e1458648029421-2-250x150.jpg 250w, https:\/\/sindesvdf.com.br\/news\/wp-content\/uploads\/2017\/04\/carteira-assinada-e1458648029421-2-150x90.jpg 150w, https:\/\/sindesvdf.com.br\/news\/wp-content\/uploads\/2017\/04\/carteira-assinada-e1458648029421-2.jpg 886w\" sizes=\"auto, (max-width: 750px) 100vw, 750px\" \/>Leia aqui 13 pontos desta reforma que podem piorar a sua vida para sempre.<\/strong><\/p>\n<p><strong>1. Demiss\u00f5es coletivas.<\/strong> Agora os empregadores podem demitir todo mundo da sua empresa e contratar outras pessoas por menores sal\u00e1rios e menores benef\u00edcios sem nenhuma multa.<\/p>\n<p><strong>2. Trabalho tempor\u00e1rio, pra sempre.<\/strong> O patr\u00e3o vai poder te contratar por hora durante toda a sua vida. Sem garantias. Por exemplo: bares, restaurantes, ind\u00fastrias poder\u00e3o te chamar para trabalhar temporariamente quando quiser e voc\u00ea n\u00e3o ter\u00e1 seu emprego e sal\u00e1rio fixos garantidos.<\/p>\n<p><strong>3. Fim da hora-extra.<\/strong> A CLT prev\u00ea jornada de trabalho de no m\u00e1ximo 8 horas por dia. Agora, ao inv\u00e9s de pagar horas extras para o trabalhador que ficar mais tempo trabalhando, o empregador vai contratar uma jornada de trabalho maior. Diminui o sal\u00e1rio do empregado no final do m\u00eas.<\/p>\n<p><strong>4. Meia-hora de almo\u00e7o.<\/strong> Antes era obrigat\u00f3rio almo\u00e7o de uma hora. Mas para este governo apenas meia-hora \u00e9 suficiente.<\/p>\n<p><strong>5. Suas roupas tamb\u00e9m entraram na reforma.<\/strong> A partir de hoje o patr\u00e3o vai poder dizer at\u00e9 como voc\u00ea tem que se vestir. Mesmo aqueles uniformes que te exponham ao rid\u00edculo est\u00e3o liberados. E n\u00e3o importa que fa\u00e7a frio ou calor, a roupa \u00e9 a que os patr\u00f5es escolherem.<\/p>\n<p><strong>6. Fim do transporte de empregados.<\/strong> As empresas n\u00e3o precisar\u00e3o mais pagar pelas suas horas de deslocamento. Quem mora mais longe \u00e9 o mais prejudicado. Vai perder tempo e dinheiro.<\/p>\n<p><strong>7. Mexeram nas suas f\u00e9rias.<\/strong> Agora os patr\u00f5es podem parcelar livremente suas f\u00e9rias em at\u00e9 3 vezes, como for melhor pra eles.<\/p>\n<p><strong>8. Se voc\u00ea \u00e9 terceirizado, preste aten\u00e7\u00e3o:<\/strong> a empresa que contratou a terceiriza\u00e7\u00e3o (\u00e0s vezes \u00e9 o governo ou outra empresa bem maior) n\u00e3o vai mais ter responsabilidade nenhuma sobre sua indeniza\u00e7\u00e3o se voc\u00ea for demitido. Se voc\u00ea n\u00e3o receber os seus direitos, j\u00e1 era.<\/p>\n<p><strong>9. E se voc\u00ea tem carteira assinada e est\u00e1 h\u00e1 muitos anos na empresa?<\/strong> Saiba que agora a empresa vai poder te demitir e demitir todos os teus colegas para contratar terceirizados, mais baratos pros patr\u00f5es, sem direitos, sem carteira assinada.<\/p>\n<p><strong>10. A crueldade chega at\u00e9 \u00e0s gr\u00e1vidas:<\/strong> quem decide aonde as gr\u00e1vidas (e as lactantes) trabalham \u00e9 o m\u00e9dico da empresa. Ou seja, mesmo que ela esteja em um local insalubre para ela e o beb\u00ea, quem decide agora o lugar de trabalho \u00e9 teu patr\u00e3o.<br \/>\nE a quem voc\u00ea vai poder reclamar?<\/p>\n<p><strong>11. N\u00e3o tem mais Comiss\u00e3o de Concilia\u00e7\u00e3o Pr\u00e9via.<\/strong> O que o patr\u00e3o negociar com voc\u00ea vai valer mais do que a Lei. Vale o que o patr\u00e3o mandou e a regra que voc\u00ea assinou quando conseguiu o emprego.<\/p>\n<p><strong>12. Rescis\u00e3o.<\/strong> N\u00e3o vai ser mais obrigat\u00f3rio o sindicato assinar a tua rescis\u00e3o. Eles podem agora fazer a rescis\u00e3o do jeito que eles quiserem. Voc\u00ea ficou n\u00e3o m\u00e3o dos patr\u00f5es.<\/p>\n<p><strong>13. Golpe na Justi\u00e7a do Trabalho.<\/strong> A justi\u00e7a do trabalho n\u00e3o \u00e9 mais gratuita. Voc\u00ea vai ter que pagar honor\u00e1rio at\u00e9 do perito. E se n\u00e3o tiver dinheiro, fica sem poder reclamar.<\/p>\n<p style=\"text-align: right;\">#ForaTemer<\/p>\n<p class=\"wpf_wrapper\"><a class=\"print_link\" href=\"\" target=\"_blank\">Preparar para impress\u00e3o<\/a><\/p><!-- .wpf_wrapper -->","protected":false},"excerpt":{"rendered":"<p>A C\u00e2mara aprovou o maior retrocesso nos direitos das \u00faltimas d\u00e9cadas. O governo ileg\u00edtimo, sem votos, deixou que uma reforma&hellip; <\/p>\n","protected":false},"author":1,"featured_media":0,"comment_status":"closed","ping_status":"closed","sticky":false,"template":"","format":"standard","meta":{"footnotes":""},"categories":[112],"tags":[],"class_list":["post-7668","post","type-post","status-publish","format-standard","hentry","category-as-reformas-do-mal"],"jetpack_featured_media_url":"","_links":{"self":[{"href":"https:\/\/sindesvdf.com.br\/news\/wp-json\/wp\/v2\/posts\/7668","targetHints":{"allow":["GET"]}}],"collection":[{"href":"https:\/\/sindesvdf.com.br\/news\/wp-json\/wp\/v2\/posts"}],"about":[{"href":"https:\/\/sindesvdf.com.br\/news\/wp-json\/wp\/v2\/types\/post"}],"author":[{"embeddable":true,"href":"https:\/\/sindesvdf.com.br\/news\/wp-json\/wp\/v2\/users\/1"}],"replies":[{"embeddable":true,"href":"https:\/\/sindesvdf.com.br\/news\/wp-json\/wp\/v2\/comments?post=7668"}],"version-history":[{"count":6,"href":"https:\/\/sindesvdf.com.br\/news\/wp-json\/wp\/v2\/posts\/7668\/revisions"}],"predecessor-version":[{"id":7737,"href":"https:\/\/sindesvdf.com.br\/news\/wp-json\/wp\/v2\/posts\/7668\/revisions\/7737"}],"wp:attachment":[{"href":"https:\/\/sindesvdf.com.br\/news\/wp-json\/wp\/v2\/media?parent=7668"}],"wp:term":[{"taxonomy":"category","embeddable":true,"href":"https:\/\/sindesvdf.com.br\/news\/wp-json\/wp\/v2\/categories?post=7668"},{"taxonomy":"post_tag","embeddable":true,"href":"https:\/\/sindesvdf.com.br\/news\/wp-json\/wp\/v2\/tags?post=7668"}],"curies":[{"name":"wp","href":"https:\/\/api.w.org\/{rel}","templated":true}]}}