{"id":8014,"date":"2017-07-14T14:33:17","date_gmt":"2017-07-14T17:33:17","guid":{"rendered":"http:\/\/sindesvdf.com.br\/news\/?p=8014"},"modified":"2017-08-03T11:19:32","modified_gmt":"2017-08-03T14:19:32","slug":"ultimas-noticias-sobre-a-campanha-salarial","status":"publish","type":"post","link":"https:\/\/sindesvdf.com.br\/news\/ultimas-noticias-sobre-a-campanha-salarial\/","title":{"rendered":"\u00daltimas not\u00edcias sobre a Campanha Salarial"},"content":{"rendered":"<p style=\"text-align: justify;\">No final da tarde do dia 13\/06\/2017, o presidente do Sindicato dos Vigilantes do DF, Paulo Quadros, participou de uma reuni\u00e3o com o Procurador do Trabalho, Dr. Valdir, e este afirmou que no dia de hoje, 14\/07\/2017, entregaria o parecer t\u00e9cnico referente ao nosso processo do Diss\u00eddio Coletivo, que vai analisar a nossa Conven\u00e7\u00e3o Coletiva de Trabalho.<\/p>\n<p style=\"text-align: justify;\">Entregue o parecer t\u00e9cnico, o pr\u00f3ximo passo \u00e9 o presidente do TRT designar um relator para dar prosseguimento ao julgamento do Diss\u00eddio. Assim que tivermos novos encaminhamentos, comunicaremos \u00e0 categoria.<\/p>\n<p style=\"text-align: justify;\">A diretoria<\/p>\n<p class=\"wpf_wrapper\"><a class=\"print_link\" href=\"\" target=\"_blank\">Preparar para impress\u00e3o<\/a><\/p><!-- .wpf_wrapper -->","protected":false},"excerpt":{"rendered":"<p>No final da tarde do dia 13\/06\/2017, o presidente do Sindicato dos Vigilantes do DF, Paulo Quadros, participou de uma&hellip; <\/p>\n","protected":false},"author":1,"featured_media":8015,"comment_status":"closed","ping_status":"closed","sticky":false,"template":"","format":"standard","meta":{"footnotes":""},"categories":[116],"tags":[],"class_list":["post-8014","post","type-post","status-publish","format-standard","has-post-thumbnail","hentry","category-campanha-salarial-2017"],"jetpack_featured_media_url":"https:\/\/sindesvdf.com.br\/news\/wp-content\/uploads\/2017\/07\/justi\u00e7a-do-trabalho.jpg","_links":{"self":[{"href":"https:\/\/sindesvdf.com.br\/news\/wp-json\/wp\/v2\/posts\/8014","targetHints":{"allow":["GET"]}}],"collection":[{"href":"https:\/\/sindesvdf.com.br\/news\/wp-json\/wp\/v2\/posts"}],"about":[{"href":"https:\/\/sindesvdf.com.br\/news\/wp-json\/wp\/v2\/types\/post"}],"author":[{"embeddable":true,"href":"https:\/\/sindesvdf.com.br\/news\/wp-json\/wp\/v2\/users\/1"}],"replies":[{"embeddable":true,"href":"https:\/\/sindesvdf.com.br\/news\/wp-json\/wp\/v2\/comments?post=8014"}],"version-history":[{"count":1,"href":"https:\/\/sindesvdf.com.br\/news\/wp-json\/wp\/v2\/posts\/8014\/revisions"}],"predecessor-version":[{"id":8016,"href":"https:\/\/sindesvdf.com.br\/news\/wp-json\/wp\/v2\/posts\/8014\/revisions\/8016"}],"wp:featuredmedia":[{"embeddable":true,"href":"https:\/\/sindesvdf.com.br\/news\/wp-json\/wp\/v2\/media\/8015"}],"wp:attachment":[{"href":"https:\/\/sindesvdf.com.br\/news\/wp-json\/wp\/v2\/media?parent=8014"}],"wp:term":[{"taxonomy":"category","embeddable":true,"href":"https:\/\/sindesvdf.com.br\/news\/wp-json\/wp\/v2\/categories?post=8014"},{"taxonomy":"post_tag","embeddable":true,"href":"https:\/\/sindesvdf.com.br\/news\/wp-json\/wp\/v2\/tags?post=8014"}],"curies":[{"name":"wp","href":"https:\/\/api.w.org\/{rel}","templated":true}]}}