{"id":8076,"date":"2017-08-02T11:29:33","date_gmt":"2017-08-02T14:29:33","guid":{"rendered":"http:\/\/sindesvdf.com.br\/news\/?p=8076"},"modified":"2017-08-04T17:14:45","modified_gmt":"2017-08-04T20:14:45","slug":"sindesv-df-confeccionara-a-nova-cnv","status":"publish","type":"post","link":"https:\/\/sindesvdf.com.br\/news\/sindesv-df-confeccionara-a-nova-cnv\/","title":{"rendered":"Sindesv-DF confeccionar\u00e1 novo modelo da CNV"},"content":{"rendered":"<p>[row]<br \/>\n[column lg=&#8221;6&#8243; md=&#8221;12&#8243; sm=&#8221;12&#8243; xs=&#8221;12&#8243; ]<br \/>\nO Sindicato dos Vigilantes do DF, com a autoriza\u00e7\u00e3o da Pol\u00edcia Federal, confeccionar\u00e1 a partir do dia<strong>\u00a07 de agosto de 2017<\/strong>, novo modelo da Carteira Nacional dos Vigilantes (CNV) em PVC (mesmo material dos cart\u00f5es de banco), oferecendo ao vigilante uma seguran\u00e7a maior na hora de sua identifica\u00e7\u00e3o.<\/p>\n<p>Lembrando que o novo modelo da CNV s\u00f3 poder\u00e1 ser confeccionado para os vigilantes sindicalizados que j\u00e1 possuem a CNV (<em>de papel<\/em>) emitida pela empresa de vigil\u00e2ncia e sem custos adicionais.<\/p>\n<p>[\/column]<br \/>\n[column lg=&#8221;6&#8243; md=&#8221;12&#8243; sm=&#8221;12&#8243; xs=&#8221;12&#8243; ]<\/p>\n<p><video style=\"background-image: url('img\/object.gif');\" controls=\"controls\" width=\"350\" height=\"350\"><source src=\"http:\/\/sindesvdf.com.br\/news\/wp-content\/uploads\/2017\/08\/CNV.mp4\" type=\"video\/mp4\" \/><\/video>[\/column]<br \/>\n[\/row]<\/p>\n<p>&nbsp;<\/p>\n<p class=\"wpf_wrapper\"><a class=\"print_link\" href=\"\" target=\"_blank\">Preparar para impress\u00e3o<\/a><\/p><!-- .wpf_wrapper -->","protected":false},"excerpt":{"rendered":"<p>[row] [column lg=&#8221;6&#8243; md=&#8221;12&#8243; sm=&#8221;12&#8243; xs=&#8221;12&#8243; ] O Sindicato dos Vigilantes do DF, com a autoriza\u00e7\u00e3o da Pol\u00edcia Federal, confeccionar\u00e1&hellip; <\/p>\n","protected":false},"author":1,"featured_media":0,"comment_status":"closed","ping_status":"closed","sticky":false,"template":"","format":"standard","meta":{"footnotes":""},"categories":[7],"tags":[],"class_list":["post-8076","post","type-post","status-publish","format-standard","hentry","category-noticias"],"jetpack_featured_media_url":"","_links":{"self":[{"href":"https:\/\/sindesvdf.com.br\/news\/wp-json\/wp\/v2\/posts\/8076","targetHints":{"allow":["GET"]}}],"collection":[{"href":"https:\/\/sindesvdf.com.br\/news\/wp-json\/wp\/v2\/posts"}],"about":[{"href":"https:\/\/sindesvdf.com.br\/news\/wp-json\/wp\/v2\/types\/post"}],"author":[{"embeddable":true,"href":"https:\/\/sindesvdf.com.br\/news\/wp-json\/wp\/v2\/users\/1"}],"replies":[{"embeddable":true,"href":"https:\/\/sindesvdf.com.br\/news\/wp-json\/wp\/v2\/comments?post=8076"}],"version-history":[{"count":10,"href":"https:\/\/sindesvdf.com.br\/news\/wp-json\/wp\/v2\/posts\/8076\/revisions"}],"predecessor-version":[{"id":8155,"href":"https:\/\/sindesvdf.com.br\/news\/wp-json\/wp\/v2\/posts\/8076\/revisions\/8155"}],"wp:attachment":[{"href":"https:\/\/sindesvdf.com.br\/news\/wp-json\/wp\/v2\/media?parent=8076"}],"wp:term":[{"taxonomy":"category","embeddable":true,"href":"https:\/\/sindesvdf.com.br\/news\/wp-json\/wp\/v2\/categories?post=8076"},{"taxonomy":"post_tag","embeddable":true,"href":"https:\/\/sindesvdf.com.br\/news\/wp-json\/wp\/v2\/tags?post=8076"}],"curies":[{"name":"wp","href":"https:\/\/api.w.org\/{rel}","templated":true}]}}