{"id":8079,"date":"2017-08-03T08:51:56","date_gmt":"2017-08-03T11:51:56","guid":{"rendered":"http:\/\/sindesvdf.com.br\/news\/?p=8079"},"modified":"2017-08-03T08:57:51","modified_gmt":"2017-08-03T11:57:51","slug":"sindicato-alerta-as-empresas-e-o-gdf","status":"publish","type":"post","link":"https:\/\/sindesvdf.com.br\/news\/sindicato-alerta-as-empresas-e-o-gdf\/","title":{"rendered":"Sindicato alerta as empresas e o GDF"},"content":{"rendered":"<p><img loading=\"lazy\" decoding=\"async\" class=\"aligncenter wp-image-7802 size-large\" src=\"http:\/\/sindesvdf.com.br\/news\/wp-content\/uploads\/2017\/06\/plat\u00e3o-olho-vivo-790x247.png\" alt=\"\" width=\"750\" height=\"234\" srcset=\"https:\/\/sindesvdf.com.br\/news\/wp-content\/uploads\/2017\/06\/plat\u00e3o-olho-vivo-790x247.png 790w, https:\/\/sindesvdf.com.br\/news\/wp-content\/uploads\/2017\/06\/plat\u00e3o-olho-vivo-300x94.png 300w, https:\/\/sindesvdf.com.br\/news\/wp-content\/uploads\/2017\/06\/plat\u00e3o-olho-vivo-768x240.png 768w, https:\/\/sindesvdf.com.br\/news\/wp-content\/uploads\/2017\/06\/plat\u00e3o-olho-vivo-250x78.png 250w, https:\/\/sindesvdf.com.br\/news\/wp-content\/uploads\/2017\/06\/plat\u00e3o-olho-vivo-150x47.png 150w\" sizes=\"auto, (max-width: 750px) 100vw, 750px\" \/><\/p>\n<h1 style=\"text-align: center;\"><span style=\"font-size: 45px;\"><strong>Sindicato alerta as empresas e o GDF<\/strong><\/span><\/h1>\n<p style=\"text-align: center;\"><span style=\"font-size: 30px;\"><em><span style=\"color: #808080;\">Se o pagamento n\u00e3o for depositado no 5\u00b0 dia \u00fatil,<br \/>\ntem paralisa\u00e7\u00e3o a partir do dia 8 de agosto<\/span><\/em><\/span><\/p>\n<p><span style=\"font-size: 18px;\">O Sindicato dos Vigilantes encaminhou of\u00edcio \u00e0s Secretarias de Sa\u00fade, Educa\u00e7\u00e3o e da Fazenda (GDF), e \u00e0s empresas Confederal, Ipanema, Global e Bras\u00edlia Seguran\u00e7a alertando que, se o pagamento dos vigilantes que prestam servi\u00e7o nas Secretarias de Sa\u00fade e de Educa\u00e7\u00e3o n\u00e3o for depositado at\u00e9 o dia 7 de agosto (segunda-feira), na ter\u00e7a-feira (8\/ago) vamos paralisar as atividades.<\/span><\/p>\n<p><span style=\"font-size: 18px;\">Desde j\u00e1 alertamos os vigilantes que prestam servi\u00e7o nas Secretarias de Educa\u00e7\u00e3o e de Sa\u00fade que fiquem atentos e mobilizados e caso o pagamento n\u00e3o saia at\u00e9 o dia 7 de agosto, a paralisa\u00e7\u00e3o come\u00e7a a partir das 7 horas do dia 8 de agosto.<\/span><\/p>\n<p>&nbsp;<\/p>\n<p style=\"text-align: justify;\">[panel style=&#8221;panel-danger&#8221;]<br \/>\n[panel-header]<br \/>\n<span style=\"font-size: 24px;\"><strong>Se n\u00e3o tiver pagamento dia 7\/ago, tem paralisa\u00e7\u00e3o dia 8\/ago<\/strong><\/span><br \/>\n[\/panel-header]<br \/>\n[panel-content]<\/p>\n<p style=\"text-align: center;\"><span style=\"font-size: 24px;\"><strong>Concentra\u00e7\u00e3o<\/strong><\/span><\/p>\n<p><span style=\"font-size: 18px;\"><strong>Vigilantes da Secretaria de Sa\u00fade<\/strong> &#8211; em frente ao hospital da sua cidade.<\/span><br \/>\n<span style=\"font-size: 18px;\"><strong>Vigilantes da Secretaria de Educa\u00e7\u00e3o<\/strong> &#8211; em frente \u00e0 Regional de Ensino da sua cidade.<\/span><br \/>\n<span style=\"font-size: 18px;\"><strong>Hor\u00e1rio:<\/strong> A partir das 7 horas da manh\u00e3.<br \/>\n<\/span>[\/panel-content]<br \/>\n[\/panel]<\/p>\n<p class=\"wpf_wrapper\"><a class=\"print_link\" href=\"\" target=\"_blank\">Preparar para impress\u00e3o<\/a><\/p><!-- .wpf_wrapper -->","protected":false},"excerpt":{"rendered":"<p>Sindicato alerta as empresas e o GDF Se o pagamento n\u00e3o for depositado no 5\u00b0 dia \u00fatil, tem paralisa\u00e7\u00e3o a&hellip; <\/p>\n","protected":false},"author":1,"featured_media":0,"comment_status":"closed","ping_status":"closed","sticky":false,"template":"","format":"standard","meta":{"footnotes":""},"categories":[7],"tags":[],"class_list":["post-8079","post","type-post","status-publish","format-standard","hentry","category-noticias"],"jetpack_featured_media_url":"","_links":{"self":[{"href":"https:\/\/sindesvdf.com.br\/news\/wp-json\/wp\/v2\/posts\/8079","targetHints":{"allow":["GET"]}}],"collection":[{"href":"https:\/\/sindesvdf.com.br\/news\/wp-json\/wp\/v2\/posts"}],"about":[{"href":"https:\/\/sindesvdf.com.br\/news\/wp-json\/wp\/v2\/types\/post"}],"author":[{"embeddable":true,"href":"https:\/\/sindesvdf.com.br\/news\/wp-json\/wp\/v2\/users\/1"}],"replies":[{"embeddable":true,"href":"https:\/\/sindesvdf.com.br\/news\/wp-json\/wp\/v2\/comments?post=8079"}],"version-history":[{"count":38,"href":"https:\/\/sindesvdf.com.br\/news\/wp-json\/wp\/v2\/posts\/8079\/revisions"}],"predecessor-version":[{"id":8126,"href":"https:\/\/sindesvdf.com.br\/news\/wp-json\/wp\/v2\/posts\/8079\/revisions\/8126"}],"wp:attachment":[{"href":"https:\/\/sindesvdf.com.br\/news\/wp-json\/wp\/v2\/media?parent=8079"}],"wp:term":[{"taxonomy":"category","embeddable":true,"href":"https:\/\/sindesvdf.com.br\/news\/wp-json\/wp\/v2\/categories?post=8079"},{"taxonomy":"post_tag","embeddable":true,"href":"https:\/\/sindesvdf.com.br\/news\/wp-json\/wp\/v2\/tags?post=8079"}],"curies":[{"name":"wp","href":"https:\/\/api.w.org\/{rel}","templated":true}]}}