{"id":8136,"date":"2017-08-03T10:38:21","date_gmt":"2017-08-03T13:38:21","guid":{"rendered":"http:\/\/sindesvdf.com.br\/news\/?p=8136"},"modified":"2017-08-07T17:07:16","modified_gmt":"2017-08-07T20:07:16","slug":"vigilantes-acusam-empresa-do-df-de-reter-pagamento-de-consignado","status":"publish","type":"post","link":"https:\/\/sindesvdf.com.br\/news\/vigilantes-acusam-empresa-do-df-de-reter-pagamento-de-consignado\/","title":{"rendered":"Vigilantes acusam empresa do DF de reter pagamento de consignado"},"content":{"rendered":"<p style=\"text-align: center;\"><span style=\"font-size: 20px;\"><em>Funcion\u00e1rios da Ipanema dizem que tiveram nomes negativados mesmo com parcelas de empr\u00e9stimo descontadas em folha.<\/em><\/span><\/p>\n<p><img loading=\"lazy\" decoding=\"async\" class=\"aligncenter wp-image-8138 size-large\" src=\"http:\/\/sindesvdf.com.br\/news\/wp-content\/uploads\/2017\/08\/2017-08-03_consignado-retido-Ipanema-790x494.jpg\" alt=\"\" width=\"750\" height=\"469\" srcset=\"https:\/\/sindesvdf.com.br\/news\/wp-content\/uploads\/2017\/08\/2017-08-03_consignado-retido-Ipanema-790x494.jpg 790w, https:\/\/sindesvdf.com.br\/news\/wp-content\/uploads\/2017\/08\/2017-08-03_consignado-retido-Ipanema-300x188.jpg 300w, https:\/\/sindesvdf.com.br\/news\/wp-content\/uploads\/2017\/08\/2017-08-03_consignado-retido-Ipanema-768x480.jpg 768w, https:\/\/sindesvdf.com.br\/news\/wp-content\/uploads\/2017\/08\/2017-08-03_consignado-retido-Ipanema-240x150.jpg 240w, https:\/\/sindesvdf.com.br\/news\/wp-content\/uploads\/2017\/08\/2017-08-03_consignado-retido-Ipanema-150x94.jpg 150w, https:\/\/sindesvdf.com.br\/news\/wp-content\/uploads\/2017\/08\/2017-08-03_consignado-retido-Ipanema.jpg 800w\" sizes=\"auto, (max-width: 750px) 100vw, 750px\" \/><\/p>\n<p>Vigilantes da Ipanema Seguran\u00e7a que pegaram empr\u00e9stimos consignados acusam a empresa de descontar os valores das parcelas dos contracheques e n\u00e3o repass\u00e1-los ao Banco de Bras\u00edlia (BRB). O sindicato da categoria denuncia que, devido \u00e0 situa\u00e7\u00e3o, cerca de 500 profissionais est\u00e3o com o nome sujo em \u00f3rg\u00e3os como o Servi\u00e7o de Prote\u00e7\u00e3o ao Cr\u00e9dito (SPC) e a\u00a0Centraliza\u00e7\u00e3o de Servi\u00e7os dos Bancos (Serasa).<\/p>\n<div id=\"content_post\" class=\"d-3of4 t-all\">\n<p>Segundo o Sindicato dos Vigilantes do DF (Sindesv-DF), embora os profissionais estejam indignados, eles t\u00eam evitado subir o tom das reclama\u00e7\u00f5es pois temem sofrer repres\u00e1lias. Ainda assim, sobram relatos de problemas. <em>\u201cEu j\u00e1 nem vou mais em lojas se tiver que fazer compra a prazo. Sei que ser\u00e1 recusada e n\u00e3o quero passar vergonha. Isso \u00e9 um absurdo, porque a d\u00edvida tem sido descontada do meu sal\u00e1rio\u201d<\/em>, contou um vigilante.<\/p>\n<p>Outro homem disse que a situa\u00e7\u00e3o dele \u00e9 ainda pior, pois n\u00e3o conseguiu um financiamento e, assim, foi impedido de comprar um im\u00f3vel por estar com o nome no SPC. <em>\u201cEu trabalho na empresa h\u00e1 mais de 10 anos e nunca pensei que isso poderia acontecer. De repente, recebi uma carta avisando que meu nome estava sujo. Liguei para ver porque e descobri que o banco n\u00e3o recebeu as \u00faltimas quatro parcelas que eu tive descontadas do meu sal\u00e1rio\u201d<\/em>, afirmou.<\/p>\n<p><strong>Um sem casa, outra sem carro<\/strong><br \/>\nUma trabalhadora disse \u00e0 reportagem que tentou financiar um ve\u00edculo usado, o que ajudaria no transporte de toda a fam\u00edlia, mas, quando entregou a papelada para ter o cr\u00e9dito aprovado na uma financeira, recebeu a m\u00e1 not\u00edcia.<em> \u201cA gente est\u00e1 abrindo m\u00e3o de v\u00e1rios sonhos por conta disso\u201d<\/em>, desabafou.<\/p>\n<p>Segundo o Sindicato dos Vigilantes, relatos do g\u00eanero come\u00e7aram no in\u00edcio do ano, mas se multiplicaram nos \u00faltimos tr\u00eas meses. <em>\u201cOs funcion\u00e1rios reclamam que, quando ligam na empresa e pedem para que a situa\u00e7\u00e3o seja regularizada, a pessoa que atende diz que <strong>\u2018\u00e9 assim mesmo\u2019<\/strong>, e <strong>\u2018quem quiser que procure a Justi\u00e7a\u2019<\/strong>\u201d<\/em>, denuncia Gilmar Rodrigues, secret\u00e1rio de imprensa do Sindesv-DF.<\/p>\n<p style=\"text-align: right;\"><span style=\"font-size: 12px;\"><em><span style=\"color: #ff0000;\">Fonte: Metr\u00f3poles<\/span><\/em><\/span><\/p>\n<p style=\"text-align: center;\">Mat\u00e9ria do DFTV sobre o assunto<br \/>\n<video controls=\"controls\" width=\"400\" height=\"200\"><source src=\"http:\/\/sindesvdf.com.br\/news\/wp-content\/uploads\/2017\/08\/Video_g1-entrevista-Paulo_consignado-Ipanema.mp4\" type=\"video\/mp4\" \/><\/video><\/p>\n<p>&nbsp;<\/p>\n<\/div>\n<p class=\"wpf_wrapper\"><a class=\"print_link\" href=\"\" target=\"_blank\">Preparar para impress\u00e3o<\/a><\/p><!-- .wpf_wrapper -->","protected":false},"excerpt":{"rendered":"<p>Funcion\u00e1rios da Ipanema dizem que tiveram nomes negativados mesmo com parcelas de empr\u00e9stimo descontadas em folha. Vigilantes da Ipanema Seguran\u00e7a&hellip; <\/p>\n","protected":false},"author":1,"featured_media":0,"comment_status":"closed","ping_status":"closed","sticky":false,"template":"","format":"standard","meta":{"footnotes":""},"categories":[7],"tags":[],"class_list":["post-8136","post","type-post","status-publish","format-standard","hentry","category-noticias"],"jetpack_featured_media_url":"","_links":{"self":[{"href":"https:\/\/sindesvdf.com.br\/news\/wp-json\/wp\/v2\/posts\/8136","targetHints":{"allow":["GET"]}}],"collection":[{"href":"https:\/\/sindesvdf.com.br\/news\/wp-json\/wp\/v2\/posts"}],"about":[{"href":"https:\/\/sindesvdf.com.br\/news\/wp-json\/wp\/v2\/types\/post"}],"author":[{"embeddable":true,"href":"https:\/\/sindesvdf.com.br\/news\/wp-json\/wp\/v2\/users\/1"}],"replies":[{"embeddable":true,"href":"https:\/\/sindesvdf.com.br\/news\/wp-json\/wp\/v2\/comments?post=8136"}],"version-history":[{"count":4,"href":"https:\/\/sindesvdf.com.br\/news\/wp-json\/wp\/v2\/posts\/8136\/revisions"}],"predecessor-version":[{"id":8157,"href":"https:\/\/sindesvdf.com.br\/news\/wp-json\/wp\/v2\/posts\/8136\/revisions\/8157"}],"wp:attachment":[{"href":"https:\/\/sindesvdf.com.br\/news\/wp-json\/wp\/v2\/media?parent=8136"}],"wp:term":[{"taxonomy":"category","embeddable":true,"href":"https:\/\/sindesvdf.com.br\/news\/wp-json\/wp\/v2\/categories?post=8136"},{"taxonomy":"post_tag","embeddable":true,"href":"https:\/\/sindesvdf.com.br\/news\/wp-json\/wp\/v2\/tags?post=8136"}],"curies":[{"name":"wp","href":"https:\/\/api.w.org\/{rel}","templated":true}]}}