{"id":8161,"date":"2017-08-07T18:02:08","date_gmt":"2017-08-07T21:02:08","guid":{"rendered":"http:\/\/sindesvdf.com.br\/news\/?p=8161"},"modified":"2017-08-11T17:01:24","modified_gmt":"2017-08-11T20:01:24","slug":"novo-modelo-da-cnv-ja-esta-disponivel-para-os-vigilantes-associados","status":"publish","type":"post","link":"https:\/\/sindesvdf.com.br\/news\/novo-modelo-da-cnv-ja-esta-disponivel-para-os-vigilantes-associados\/","title":{"rendered":"Novo modelo da CNV j\u00e1 est\u00e1 dispon\u00edvel para os vigilantes associados"},"content":{"rendered":"<p><img loading=\"lazy\" decoding=\"async\" class=\"aligncenter wp-image-8162 size-large\" src=\"http:\/\/sindesvdf.com.br\/news\/wp-content\/uploads\/2017\/08\/WhatsApp-Image-2017-08-07-at-11.02.30-790x593.jpeg\" alt=\"\" width=\"750\" height=\"563\" srcset=\"https:\/\/sindesvdf.com.br\/news\/wp-content\/uploads\/2017\/08\/WhatsApp-Image-2017-08-07-at-11.02.30-790x593.jpeg 790w, https:\/\/sindesvdf.com.br\/news\/wp-content\/uploads\/2017\/08\/WhatsApp-Image-2017-08-07-at-11.02.30-300x225.jpeg 300w, https:\/\/sindesvdf.com.br\/news\/wp-content\/uploads\/2017\/08\/WhatsApp-Image-2017-08-07-at-11.02.30-768x576.jpeg 768w, https:\/\/sindesvdf.com.br\/news\/wp-content\/uploads\/2017\/08\/WhatsApp-Image-2017-08-07-at-11.02.30-200x150.jpeg 200w, https:\/\/sindesvdf.com.br\/news\/wp-content\/uploads\/2017\/08\/WhatsApp-Image-2017-08-07-at-11.02.30-150x113.jpeg 150w, https:\/\/sindesvdf.com.br\/news\/wp-content\/uploads\/2017\/08\/WhatsApp-Image-2017-08-07-at-11.02.30.jpeg 1280w\" sizes=\"auto, (max-width: 750px) 100vw, 750px\" \/><\/p>\n<p id=\"m_-5211097553547418292yui_3_16_0_ym19_1_1502114922648_41118\"><span id=\"m_-5211097553547418292yui_3_16_0_ym19_1_1502114922648_41119\">Na manh\u00e3 desta segunda, 07\/08, teve in\u00edcio a confec\u00e7\u00e3o do novo modelo da <strong>Carteira Nacional dos Vigilantes (CNV)<\/strong>, no Sindicato dos Vigilantes do DF (Sindesv-DF). Quase 200 vigilantes correram para fazer a sua, em material PVC com boa durabilidade. O presidente do Sindesv-DF, Paulo Quadros e o deputado Chico Vigilante fizeram uma transmiss\u00e3o ao vivo do momento em que as primeiras carteirinhas foram confeccionadas e falaram da import\u00e2ncia do documento, fruto da luta da Confedera\u00e7\u00e3o Nacional dos Vigilantes (CNTV) e Sindicatos.<\/span><\/p>\n<p style=\"text-align: center;\"><span id=\"m_-5211097553547418292yui_3_16_0_ym19_1_1502114922648_41126\"><strong>Perguntas e respostas a respeito da emiss\u00e3o das novas carteiras de vigilantes confeccionadas pelo Sindicato dos Vigilantes.<\/strong><\/span><\/p>\n<p><strong>1. Quem emite a Carteira Nacional do Vigilante?<\/strong><br \/>\n<span id=\"m_-5211097553547418292yui_3_16_0_ym19_1_1502114922648_41126\">Com a autoriza\u00e7\u00e3o da PF quem tem obriga\u00e7\u00e3o de emitir a CNV \u00e9 a empresa em que o vigilante trabalha. No entanto, o Sindicato est\u00e1 fazendo a segunda via em um material melhor, mais dur\u00e1vel e mais bonito, sem qualquer custo para o associado.<\/span><\/p>\n<p><span id=\"m_-5211097553547418292yui_3_16_0_ym19_1_1502114922648_41126\"><strong>2. Onde consigo fazer minha 2\u00aa via da carteira de vigilante?<br \/>\n<\/strong><\/span><span id=\"m_-5211097553547418292yui_3_16_0_ym19_1_1502114922648_41126\">Voc\u00ea vigilante, sindicalizado, compare\u00e7a na sede do Sindicato dos Vigilantes localizada no Edif\u00edcio Ven\u00e2ncio IV, loja 74, no Conic, munido do antigo documento de identifica\u00e7\u00e3o profissional. Em pouco tempo, voc\u00ea sair\u00e1 com sua nova Carteira Nacional de Vigilante.<\/span><\/p>\n<p><span id=\"m_-5211097553547418292yui_3_16_0_ym19_1_1502114922648_41126\"><strong>4. Porque os vigilantes que moram em Goi\u00e1s e trabalham em Bras\u00edlia ainda n\u00e3o podem adquirir a 2\u00aa via de sua carteira pelo Sindicato?<br \/>\n<\/strong><\/span>A Pol\u00edcia Federal ainda n\u00e3o autorizou o Sindicato dos Vigilantes a emiss\u00e3o dessas carteiras. O Sindicato \u00a0j\u00e1 solicitou autoriza\u00e7\u00e3o \u00e0 Pol\u00edcia Federal para confeccionar as carteiras desses vigilantes e aguarda a resposta do \u00f3rg\u00e3o.<\/p>\n<p><span id=\"m_-5211097553547418292yui_3_16_0_ym19_1_1502114922648_41126\"><strong>5. \u00c9 preciso levar foto 3&#215;4?<br \/>\n<\/strong><\/span><span id=\"m_-5211097553547418292yui_3_16_0_ym19_1_1502114922648_41126\">N\u00e3o. O Sindesv-DF utiliza a foto cadastrada no sistema da Pol\u00edcia Federal.\u00a0<span id=\"m_-5211097553547418292yui_3_16_0_ym19_1_1502114922648_41132\">Algumas Carteirinhas podem sair sem foto, pois, como j\u00e1 dissemos, imprimimos o que est\u00e1 no sistema do DPF. Nos pr\u00f3ximos dias, o DPF marcar\u00e1 reuni\u00e3o com as academias para que, quando elas enviarem a documenta\u00e7\u00e3o do vigilante para o DPF, que enviem as fotos tamb\u00e9m. Se a academia n\u00e3o envia a foto, a carteirinha do vigilante fica sem a mesma.<\/span><\/span><\/p>\n<p><span id=\"m_-5211097553547418292yui_3_16_0_ym19_1_1502114922648_41126\"><strong>6. Os seguran\u00e7as de shopping, agente de portaria, que possuem o curso de vigilante e que n\u00e3o est\u00e3o exercendo a fun\u00e7\u00e3o de vigilante, por quaisquer motivos, tem direito \u00e0 emiss\u00e3o da carteira?<\/strong><br \/>\nN\u00e3o. Somente os profissionais que est\u00e3o atuando como vigilantes.<\/span><\/p>\n<p id=\"m_-5211097553547418292yui_3_16_0_ym19_1_1502114922648_41134\"><span id=\"m_-5211097553547418292yui_3_16_0_ym19_1_1502114922648_41135\"><strong>7. \u00a0<\/strong>Como todos sabem, o porte da Carteira Nacional do Vigilante \u00e9 obrigat\u00f3rio para todos aqueles que est\u00e3o atuando.<\/span><\/p>\n<p style=\"text-align: center;\"><b id=\"m_-5211097553547418292yui_3_16_0_ym19_1_1502114922648_41137\"><span id=\"m_-5211097553547418292yui_3_16_0_ym19_1_1502114922648_41138\"><span style=\"font-size: 14px;\">Veja nas fotos como foi o primeiro dia de impress\u00e3o da nova CNV<\/span><br \/>\n<\/span><\/b><span id=\"m_-5211097553547418292yui_3_16_0_ym19_1_1502114922648_41138\">\u00a0[metaslider id=8165]<\/span><b id=\"m_-5211097553547418292yui_3_16_0_ym19_1_1502114922648_41137\"><span id=\"m_-5211097553547418292yui_3_16_0_ym19_1_1502114922648_41138\"><br \/>\n<\/span><\/b><\/p>\n<p class=\"wpf_wrapper\"><a class=\"print_link\" href=\"\" target=\"_blank\">Preparar para impress\u00e3o<\/a><\/p><!-- .wpf_wrapper -->","protected":false},"excerpt":{"rendered":"<p>Na manh\u00e3 desta segunda, 07\/08, teve in\u00edcio a confec\u00e7\u00e3o do novo modelo da Carteira Nacional dos Vigilantes (CNV), no Sindicato&hellip; <\/p>\n","protected":false},"author":1,"featured_media":0,"comment_status":"closed","ping_status":"closed","sticky":false,"template":"","format":"standard","meta":{"footnotes":""},"categories":[7],"tags":[],"class_list":["post-8161","post","type-post","status-publish","format-standard","hentry","category-noticias"],"jetpack_featured_media_url":"","_links":{"self":[{"href":"https:\/\/sindesvdf.com.br\/news\/wp-json\/wp\/v2\/posts\/8161","targetHints":{"allow":["GET"]}}],"collection":[{"href":"https:\/\/sindesvdf.com.br\/news\/wp-json\/wp\/v2\/posts"}],"about":[{"href":"https:\/\/sindesvdf.com.br\/news\/wp-json\/wp\/v2\/types\/post"}],"author":[{"embeddable":true,"href":"https:\/\/sindesvdf.com.br\/news\/wp-json\/wp\/v2\/users\/1"}],"replies":[{"embeddable":true,"href":"https:\/\/sindesvdf.com.br\/news\/wp-json\/wp\/v2\/comments?post=8161"}],"version-history":[{"count":8,"href":"https:\/\/sindesvdf.com.br\/news\/wp-json\/wp\/v2\/posts\/8161\/revisions"}],"predecessor-version":[{"id":8237,"href":"https:\/\/sindesvdf.com.br\/news\/wp-json\/wp\/v2\/posts\/8161\/revisions\/8237"}],"wp:attachment":[{"href":"https:\/\/sindesvdf.com.br\/news\/wp-json\/wp\/v2\/media?parent=8161"}],"wp:term":[{"taxonomy":"category","embeddable":true,"href":"https:\/\/sindesvdf.com.br\/news\/wp-json\/wp\/v2\/categories?post=8161"},{"taxonomy":"post_tag","embeddable":true,"href":"https:\/\/sindesvdf.com.br\/news\/wp-json\/wp\/v2\/tags?post=8161"}],"curies":[{"name":"wp","href":"https:\/\/api.w.org\/{rel}","templated":true}]}}