{"id":8213,"date":"2017-08-10T11:22:12","date_gmt":"2017-08-10T14:22:12","guid":{"rendered":"http:\/\/sindesvdf.com.br\/news\/?p=8213"},"modified":"2017-08-10T12:08:15","modified_gmt":"2017-08-10T15:08:15","slug":"brb-abre-linha-de-credito-emergencial-e-terceirizados-comecam-a-receber-salarios","status":"publish","type":"post","link":"https:\/\/sindesvdf.com.br\/news\/brb-abre-linha-de-credito-emergencial-e-terceirizados-comecam-a-receber-salarios\/","title":{"rendered":"BRB abre linha de cr\u00e9dito emergencial e terceirizados come\u00e7am a receber sal\u00e1rios hoje"},"content":{"rendered":"<p><img loading=\"lazy\" decoding=\"async\" class=\"aligncenter wp-image-8214 size-large\" src=\"http:\/\/sindesvdf.com.br\/news\/wp-content\/uploads\/2017\/08\/WhatsApp-Image-2017-08-10-at-07.50.10-790x593.jpeg\" alt=\"\" width=\"750\" height=\"563\" srcset=\"https:\/\/sindesvdf.com.br\/news\/wp-content\/uploads\/2017\/08\/WhatsApp-Image-2017-08-10-at-07.50.10-790x593.jpeg 790w, https:\/\/sindesvdf.com.br\/news\/wp-content\/uploads\/2017\/08\/WhatsApp-Image-2017-08-10-at-07.50.10-300x225.jpeg 300w, https:\/\/sindesvdf.com.br\/news\/wp-content\/uploads\/2017\/08\/WhatsApp-Image-2017-08-10-at-07.50.10-768x576.jpeg 768w, https:\/\/sindesvdf.com.br\/news\/wp-content\/uploads\/2017\/08\/WhatsApp-Image-2017-08-10-at-07.50.10-200x150.jpeg 200w, https:\/\/sindesvdf.com.br\/news\/wp-content\/uploads\/2017\/08\/WhatsApp-Image-2017-08-10-at-07.50.10-150x113.jpeg 150w, https:\/\/sindesvdf.com.br\/news\/wp-content\/uploads\/2017\/08\/WhatsApp-Image-2017-08-10-at-07.50.10.jpeg 1280w\" sizes=\"auto, (max-width: 750px) 100vw, 750px\" \/><\/p>\n<p>Os trabalhadores terceirizados que prestam servi\u00e7o nas secretarias de Sa\u00fade e de Educa\u00e7\u00e3o come\u00e7am a receber os sal\u00e1rios a partir do meio-dia de hoje (10\/08).<\/p>\n<p>Por iniciativa do deputado Chico Vigilante, o Banco de Bras\u00edlia concedeu linha de cr\u00e9dito extraordin\u00e1ria \u00e0s empresas prestadoras de servi\u00e7o para que os sal\u00e1rios possam ser pagos antes do dia 15 de agosto, prazo dado pelo Governo do Distrito Federal.<\/p>\n<p>\u201cFoi isso o que foi poss\u00edvel fazer. Caso n\u00e3o tiv\u00e9ssemos chegado a esse entendimento, os trabalhadores terceirizados apenas receberiam os sal\u00e1rios na ter\u00e7a-feira da semana que vem, dia 15 de agosto\u201d, afirmou Chico Vigilante.<\/p>\n<p>A assinatura das linhas de cr\u00e9dito saiu ap\u00f3s uma longa reuni\u00e3o de tr\u00eas horas de dura\u00e7\u00e3o, entre Chico Vigilante; o l\u00edder do governo, deputado Agaciel Maia; o presidente do Banco de Bras\u00edlia, Vasco Cunha de Oliveira; os secret\u00e1rios S\u00e9rgio Sampaio (Casa-Civil), Jos\u00e9 Wilson Porto (Fazenda) e Jos\u00e9 Fl\u00e1vio de Oliveira (Rela\u00e7\u00f5es Institucionais); os presidentes de sindicatos Paulo Quadros (Vigilantes) e Isabel Caetano (Sindiservi\u00e7o) e as empresas contratadas pelas secretarias.<\/p>\n<p>Na pr\u00e1tica, o BRB vai adiantar cerca de R$ 50 milh\u00f5es referentes \u00e0 folha de pagamento das secretarias de Sa\u00fade e de Educa\u00e7\u00e3o que somente seriam pagos pelo governo no pr\u00f3ximo dia 15. Quando o GDF tiver fluxo de caixa no dia 15 e transferir os recursos para as empresas, a d\u00edvida com o BRB ser\u00e1 quitada.<\/p>\n<p><strong>Negocia\u00e7\u00f5es<\/strong><br \/>\nAs negocia\u00e7\u00f5es come\u00e7aram ontem, quando surgiram informa\u00e7\u00f5es do prolongamento do atraso no pagamento dos terceirizados. O deputado Chico Vigilante conseguiu o agendamento de audi\u00eancia na manh\u00e3 desta quarta-feira com o Governador Rodrigo Rollemberg, as empresas e sindicalistas.<\/p>\n<p>No encontro, o governador afirmou que o governo n\u00e3o teria como arcar com o pagamento das empresas n\u00e3o antes do dia 15 deste m\u00eas, prazo em que o caixa do governo ser\u00e1 abastecido com as entradas de impostos. Chico Vigilante, ent\u00e3o, fez a proposta de empr\u00e9stimo do BRB \u00e0s empresas como forma de antecipa\u00e7\u00e3o de receitas. A proposta foi aceita e o governador marcou reuni\u00e3o de trabalho com o presidente do BRB para o hor\u00e1rio das 15h, na sede do banco.<\/p>\n<p>Ainda na noite desta quarta, Chico Vigilante vai se reunir novamente com o governador para tratar de estrat\u00e9gias, no \u00e2mbito da C\u00e2mara Legislativa, para que essa situa\u00e7\u00e3o de atraso do pagamento dos sal\u00e1rios dos terceirizados n\u00e3o se repita todos os meses.<\/p>\n<p style=\"text-align: right;\"><span style=\"color: #ff0000;\"><em>Fonte: Ascom Chico Vigilante<\/em><\/span><\/p>\n<p class=\"wpf_wrapper\"><a class=\"print_link\" href=\"\" target=\"_blank\">Preparar para impress\u00e3o<\/a><\/p><!-- .wpf_wrapper -->","protected":false},"excerpt":{"rendered":"<p>Os trabalhadores terceirizados que prestam servi\u00e7o nas secretarias de Sa\u00fade e de Educa\u00e7\u00e3o come\u00e7am a receber os sal\u00e1rios a partir&hellip; <\/p>\n","protected":false},"author":1,"featured_media":0,"comment_status":"closed","ping_status":"closed","sticky":false,"template":"","format":"standard","meta":{"footnotes":""},"categories":[7],"tags":[],"class_list":["post-8213","post","type-post","status-publish","format-standard","hentry","category-noticias"],"jetpack_featured_media_url":"","_links":{"self":[{"href":"https:\/\/sindesvdf.com.br\/news\/wp-json\/wp\/v2\/posts\/8213","targetHints":{"allow":["GET"]}}],"collection":[{"href":"https:\/\/sindesvdf.com.br\/news\/wp-json\/wp\/v2\/posts"}],"about":[{"href":"https:\/\/sindesvdf.com.br\/news\/wp-json\/wp\/v2\/types\/post"}],"author":[{"embeddable":true,"href":"https:\/\/sindesvdf.com.br\/news\/wp-json\/wp\/v2\/users\/1"}],"replies":[{"embeddable":true,"href":"https:\/\/sindesvdf.com.br\/news\/wp-json\/wp\/v2\/comments?post=8213"}],"version-history":[{"count":3,"href":"https:\/\/sindesvdf.com.br\/news\/wp-json\/wp\/v2\/posts\/8213\/revisions"}],"predecessor-version":[{"id":8218,"href":"https:\/\/sindesvdf.com.br\/news\/wp-json\/wp\/v2\/posts\/8213\/revisions\/8218"}],"wp:attachment":[{"href":"https:\/\/sindesvdf.com.br\/news\/wp-json\/wp\/v2\/media?parent=8213"}],"wp:term":[{"taxonomy":"category","embeddable":true,"href":"https:\/\/sindesvdf.com.br\/news\/wp-json\/wp\/v2\/categories?post=8213"},{"taxonomy":"post_tag","embeddable":true,"href":"https:\/\/sindesvdf.com.br\/news\/wp-json\/wp\/v2\/tags?post=8213"}],"curies":[{"name":"wp","href":"https:\/\/api.w.org\/{rel}","templated":true}]}}