{"id":8220,"date":"2017-08-10T12:16:43","date_gmt":"2017-08-10T15:16:43","guid":{"rendered":"http:\/\/sindesvdf.com.br\/news\/?p=8220"},"modified":"2017-08-10T12:46:27","modified_gmt":"2017-08-10T15:46:27","slug":"tentativa-de-invasao-ao-sindicato-dos-vigilantes","status":"publish","type":"post","link":"https:\/\/sindesvdf.com.br\/news\/tentativa-de-invasao-ao-sindicato-dos-vigilantes\/","title":{"rendered":"Tentativa de invas\u00e3o ao Sindicato dos Vigilantes"},"content":{"rendered":"<p><img loading=\"lazy\" decoding=\"async\" class=\"aligncenter wp-image-7806 size-full\" src=\"http:\/\/sindesvdf.com.br\/news\/wp-content\/uploads\/2017\/06\/Plant\u00e3o-Olho-Vivo.png\" alt=\"\" width=\"776\" height=\"204\" srcset=\"https:\/\/sindesvdf.com.br\/news\/wp-content\/uploads\/2017\/06\/Plant\u00e3o-Olho-Vivo.png 776w, https:\/\/sindesvdf.com.br\/news\/wp-content\/uploads\/2017\/06\/Plant\u00e3o-Olho-Vivo-300x79.png 300w, https:\/\/sindesvdf.com.br\/news\/wp-content\/uploads\/2017\/06\/Plant\u00e3o-Olho-Vivo-768x202.png 768w, https:\/\/sindesvdf.com.br\/news\/wp-content\/uploads\/2017\/06\/Plant\u00e3o-Olho-Vivo-250x66.png 250w, https:\/\/sindesvdf.com.br\/news\/wp-content\/uploads\/2017\/06\/Plant\u00e3o-Olho-Vivo-150x39.png 150w\" sizes=\"auto, (max-width: 776px) 100vw, 776px\" \/><\/p>\n<p id=\"m_7295988663607291484yui_3_16_0_ym19_1_1502372580829_4902\">Na manh\u00e3 desta quinta-feira, 10\/08\/2017, um grupo formado de sindicalistas pelegos, pertencentes \u00e0 For\u00e7a Sindical e \u00e0 CTB, oriundos do Mato Grosso do Sul, de Minas Gerais, Rio de Janeiro e do Amazonas tentou invadir o Sindicato dos Vigilantes. Eles contaram com o apoio de uma meia d\u00fazia de vigilantes de uma pseudo-associa\u00e7\u00e3o tamb\u00e9m formada por pelegos.<\/p>\n<p>O motivo \u00e9 claro: os vigilantes do Distrito Federal t\u00eam o maior piso salarial do pa\u00eds, jornada de 12 por 36 horas, o mais alto ticket de alimenta\u00e7\u00e3o, plano de sa\u00fade e n\u00e3o aceitam a modalidade de vigilante horista.<\/p>\n<p id=\"m_7295988663607291484yui_3_16_0_ym19_1_1502372580829_4904\"><u><\/u>Estas condi\u00e7\u00f5es, a maioria dos estados n\u00e3o tem. E tudo foi conquistado com muita luta por esta dire\u00e7\u00e3o junto com a categoria mais combativa do Brasil. E isto desagrada imensamente alguns patr\u00f5es que tem patrocinado grupos para desestabilizar a luta dos vigilantes no Distrito Federal. Sonham em ganhar o Sindicato para reduzir direitos e conquistas, aumentando assim seus altos lucros.\u00a0 E como os vigilantes e o Sindicato do Distrito Federal s\u00e3o refer\u00eancias em todo o Brasil, esses grupos tentam destruir a nossa uni\u00e3o e mobiliza\u00e7\u00e3o, para que vigilantes de alguns outros estados n\u00e3o fiquem comparando a mis\u00e9ria que recebem (pela falta de luta de seu sindicato) com os nossos sal\u00e1rios e benef\u00edcios. Mal sabem eles que este Sindicato e o deputado Chico Vigilante est\u00e3o sempre na luta para ampliar o que temos, pois consideramos que o vigilante merece muito mais, e jamais aceitaremos retrocesso ou qualquer tipo de intimida\u00e7\u00e3o desses parasitas, aliados de patr\u00f5es, para defender seus pr\u00f3prios interesses. Aqui, n\u00e3o passar\u00e3o.<u><\/u><u><\/u><\/p>\n<p id=\"m_7295988663607291484yui_3_16_0_ym19_1_1502372580829_4908\">As lutas travadas e as conquistas alcan\u00e7adas no \u00e2mbito do Distrito Federal t\u00eam repercutido nos outros estados. Os companheiros vigilantes de outros estados est\u00e3o cada vez mais se mobilizando para pressionar as dire\u00e7\u00f5es estaduais, em muitos casos formadas por pelegos, para que lutem por condi\u00e7\u00f5es semelhantes \u00e0s encontradas em Bras\u00edlia.<u><\/u><u><\/u><\/p>\n<p id=\"m_7295988663607291484yui_3_16_0_ym19_1_1502372580829_4910\">Justamente esses pelegos se mobilizaram para vir a Bras\u00edlia para tentar invadir e depredar o Sindicato dos Vigilantes como forma de intimida\u00e7\u00e3o.<u><\/u><u><\/u><\/p>\n<p id=\"m_7295988663607291484yui_3_16_0_ym19_1_1502372580829_4912\">No momento da invas\u00e3o \u00e0 sede do sindicato, estavam centenas de companheiros vigilantes de Bras\u00edlia presentes na sede (muitos resolvendo problemas do dia-a-dia, outros fazendo a nova CNV, entre outros) \u00a0e os invasores foram recha\u00e7ados e expulsos do Sindicato.<u><\/u><u><\/u><\/p>\n<p id=\"m_7295988663607291484yui_3_16_0_ym19_1_1502372580829_4914\">Os invasores est\u00e3o sendo identificados pela Pol\u00edcia Civil.<u><\/u><u><\/u><\/p>\n<p>O Sindesv-DF est\u00e1 estudando as a\u00e7\u00f5es judiciais necess\u00e1rias contra essa quadrilha que tentou sujar o nome desta entidade t\u00e3o importante e respeitada, o Sindicato dos Vigilantes do Distrito Federal.<\/p>\n<p class=\"wpf_wrapper\"><a class=\"print_link\" href=\"\" target=\"_blank\">Preparar para impress\u00e3o<\/a><\/p><!-- .wpf_wrapper -->","protected":false},"excerpt":{"rendered":"<p>Na manh\u00e3 desta quinta-feira, 10\/08\/2017, um grupo formado de sindicalistas pelegos, pertencentes \u00e0 For\u00e7a Sindical e \u00e0 CTB, oriundos do&hellip; <\/p>\n","protected":false},"author":1,"featured_media":0,"comment_status":"closed","ping_status":"closed","sticky":false,"template":"","format":"standard","meta":{"footnotes":""},"categories":[7],"tags":[],"class_list":["post-8220","post","type-post","status-publish","format-standard","hentry","category-noticias"],"jetpack_featured_media_url":"","_links":{"self":[{"href":"https:\/\/sindesvdf.com.br\/news\/wp-json\/wp\/v2\/posts\/8220","targetHints":{"allow":["GET"]}}],"collection":[{"href":"https:\/\/sindesvdf.com.br\/news\/wp-json\/wp\/v2\/posts"}],"about":[{"href":"https:\/\/sindesvdf.com.br\/news\/wp-json\/wp\/v2\/types\/post"}],"author":[{"embeddable":true,"href":"https:\/\/sindesvdf.com.br\/news\/wp-json\/wp\/v2\/users\/1"}],"replies":[{"embeddable":true,"href":"https:\/\/sindesvdf.com.br\/news\/wp-json\/wp\/v2\/comments?post=8220"}],"version-history":[{"count":7,"href":"https:\/\/sindesvdf.com.br\/news\/wp-json\/wp\/v2\/posts\/8220\/revisions"}],"predecessor-version":[{"id":8228,"href":"https:\/\/sindesvdf.com.br\/news\/wp-json\/wp\/v2\/posts\/8220\/revisions\/8228"}],"wp:attachment":[{"href":"https:\/\/sindesvdf.com.br\/news\/wp-json\/wp\/v2\/media?parent=8220"}],"wp:term":[{"taxonomy":"category","embeddable":true,"href":"https:\/\/sindesvdf.com.br\/news\/wp-json\/wp\/v2\/categories?post=8220"},{"taxonomy":"post_tag","embeddable":true,"href":"https:\/\/sindesvdf.com.br\/news\/wp-json\/wp\/v2\/tags?post=8220"}],"curies":[{"name":"wp","href":"https:\/\/api.w.org\/{rel}","templated":true}]}}