{"id":8251,"date":"2017-08-16T15:10:37","date_gmt":"2017-08-16T18:10:37","guid":{"rendered":"http:\/\/sindesvdf.com.br\/news\/?p=8251"},"modified":"2019-08-20T16:27:29","modified_gmt":"2019-08-20T19:27:29","slug":"governo-nao-tem-votos-para-aprovar-reforma-da-previdencia-admite-maia","status":"publish","type":"post","link":"https:\/\/sindesvdf.com.br\/news\/governo-nao-tem-votos-para-aprovar-reforma-da-previdencia-admite-maia\/","title":{"rendered":"Governo n\u00e3o tem votos para aprovar reforma da Previd\u00eancia, admite Maia"},"content":{"rendered":"<p><img loading=\"lazy\" decoding=\"async\" class=\"aligncenter wp-image-8254 size-full\" src=\"http:\/\/sindesvdf.com.br\/news\/wp-content\/uploads\/2017\/08\/rodrigo_maia_-_agncia_camara107311.jpg\" alt=\"\" width=\"472\" height=\"332\" srcset=\"https:\/\/sindesvdf.com.br\/news\/wp-content\/uploads\/2017\/08\/rodrigo_maia_-_agncia_camara107311.jpg 472w, https:\/\/sindesvdf.com.br\/news\/wp-content\/uploads\/2017\/08\/rodrigo_maia_-_agncia_camara107311-300x211.jpg 300w, https:\/\/sindesvdf.com.br\/news\/wp-content\/uploads\/2017\/08\/rodrigo_maia_-_agncia_camara107311-213x150.jpg 213w, https:\/\/sindesvdf.com.br\/news\/wp-content\/uploads\/2017\/08\/rodrigo_maia_-_agncia_camara107311-150x106.jpg 150w\" sizes=\"auto, (max-width: 472px) 100vw, 472px\" \/>A vota\u00e7\u00e3o para engavetar a den\u00fancia contra Michel Temer, por corrup\u00e7\u00e3o passiva, foi a confirma\u00e7\u00e3o de que o governo n\u00e3o tem condi\u00e7\u00f5es de avan\u00e7ar na agenda das reformas e aprovar as mudan\u00e7as na Previd\u00eancia. Mas o presidente da C\u00e2mara, o deputado Rodrigo Maia (DEM-RJ), que n\u00e3o anda com muita paci\u00eancia com o governo, admitiu nesta ter\u00e7a-feira (15\/08), que Temer n\u00e3o possui &#8220;hoje&#8221; os votos m\u00ednimos para aprovar a reforma no plen\u00e1rio.<\/p>\n<p>O governo precisaria de pelo menos 308 votos dos 513 deputados para aprovar a proposta, j\u00e1 que se trata de uma emenda \u00e0 Constitui\u00e7\u00e3o e, portanto, necessita de qu\u00f3rum especial.<\/p>\n<p>Antes da dela\u00e7\u00e3o dos irm\u00e3os Batista, da JBS, o texto era fortemente criticado pela oposi\u00e7\u00e3o e j\u00e1 encontrava resist\u00eancia na pr\u00f3pria base aliada do governo. Agora, denunciado, com uma impopularidade recorde e sem margem financeira para barganhar (j\u00e1 que gastou boa parte das emendas parlamentares para salvar a sua pele da investiga\u00e7\u00e3o do Supremo Tribunal Federal) o governo reduz as chances para colocar a proposta em pauta.<\/p>\n<p>A declara\u00e7\u00e3o de Maia foi feita ao sair da reuni\u00e3o com a equipe econ\u00f4mica do governo, com os ministros da Fazenda, Henrique Meirelles, e do Planejamento, Dyogo Oliveira, al\u00e9m de deputados l\u00edderes de bancada na C\u00e2mara.<\/p>\n<p>De acordo com Maia, o encontro foi sobre <em>&#8220;toda a situa\u00e7\u00e3o fiscal do estado brasileiro&#8221;<\/em>. Maia refor\u00e7ou o discurso de que a \u00fanica solu\u00e7\u00e3o para a crise econ\u00f4mica \u00e9 a reforma da Previd\u00eancia.<\/p>\n<p><em>&#8220;A mais estruturante, a mais definitiva, ali\u00e1s a \u00fanica [solu\u00e7\u00e3o] definitiva \u00e9 a reforma da Previd\u00eancia, que hoje n\u00f3s n\u00e3o temos voto para aprov\u00e1-la e eu estou deixando bem claro isso entre os l\u00edderes&#8221;<\/em>, disse Maia, refor\u00e7ando que para conseguir os votos necess\u00e1rios vai exigir mais tempo de negocia\u00e7\u00f5es, o que o governo n\u00e3o tem.<\/p>\n<p><em>&#8220;Para mim, o ideal era que a gente conseguisse aprovar a reforma da Previd\u00eancia hoje. Mas essa maioria n\u00e3o ser\u00e1 constru\u00edda hoje&#8221;<\/em>, afirmou.<\/p>\n<p style=\"text-align: right;\"><span style=\"color: #ff0000;\"><em>Fonte: Portal Vermelho, com informa\u00e7\u00f5es de ag\u00eancias<\/em><\/span><\/p>\n<p class=\"wpf_wrapper\"><a class=\"print_link\" href=\"\" target=\"_blank\">Preparar para impress\u00e3o<\/a><\/p><!-- .wpf_wrapper -->","protected":false},"excerpt":{"rendered":"<p>A vota\u00e7\u00e3o para engavetar a den\u00fancia contra Michel Temer, por corrup\u00e7\u00e3o passiva, foi a confirma\u00e7\u00e3o de que o governo n\u00e3o&hellip; <\/p>\n","protected":false},"author":1,"featured_media":0,"comment_status":"closed","ping_status":"closed","sticky":false,"template":"","format":"standard","meta":{"footnotes":""},"categories":[112],"tags":[],"class_list":["post-8251","post","type-post","status-publish","format-standard","hentry","category-as-reformas-do-mal"],"jetpack_featured_media_url":"","_links":{"self":[{"href":"https:\/\/sindesvdf.com.br\/news\/wp-json\/wp\/v2\/posts\/8251","targetHints":{"allow":["GET"]}}],"collection":[{"href":"https:\/\/sindesvdf.com.br\/news\/wp-json\/wp\/v2\/posts"}],"about":[{"href":"https:\/\/sindesvdf.com.br\/news\/wp-json\/wp\/v2\/types\/post"}],"author":[{"embeddable":true,"href":"https:\/\/sindesvdf.com.br\/news\/wp-json\/wp\/v2\/users\/1"}],"replies":[{"embeddable":true,"href":"https:\/\/sindesvdf.com.br\/news\/wp-json\/wp\/v2\/comments?post=8251"}],"version-history":[{"count":6,"href":"https:\/\/sindesvdf.com.br\/news\/wp-json\/wp\/v2\/posts\/8251\/revisions"}],"predecessor-version":[{"id":8258,"href":"https:\/\/sindesvdf.com.br\/news\/wp-json\/wp\/v2\/posts\/8251\/revisions\/8258"}],"wp:attachment":[{"href":"https:\/\/sindesvdf.com.br\/news\/wp-json\/wp\/v2\/media?parent=8251"}],"wp:term":[{"taxonomy":"category","embeddable":true,"href":"https:\/\/sindesvdf.com.br\/news\/wp-json\/wp\/v2\/categories?post=8251"},{"taxonomy":"post_tag","embeddable":true,"href":"https:\/\/sindesvdf.com.br\/news\/wp-json\/wp\/v2\/tags?post=8251"}],"curies":[{"name":"wp","href":"https:\/\/api.w.org\/{rel}","templated":true}]}}