{"id":8339,"date":"2017-08-28T11:01:29","date_gmt":"2017-08-28T14:01:29","guid":{"rendered":"http:\/\/sindesvdf.com.br\/news\/?p=8339"},"modified":"2017-08-28T11:04:57","modified_gmt":"2017-08-28T14:04:57","slug":"gdf-desrespeita-vigilantes-e-sugere-corte-criativo-aos-gestores","status":"publish","type":"post","link":"https:\/\/sindesvdf.com.br\/news\/gdf-desrespeita-vigilantes-e-sugere-corte-criativo-aos-gestores\/","title":{"rendered":"GDF desrespeita vigilantes e sugere \u201ccorte criativo\u201d aos gestores"},"content":{"rendered":"<p><img loading=\"lazy\" decoding=\"async\" class=\"aligncenter wp-image-8340 size-full\" src=\"http:\/\/sindesvdf.com.br\/news\/wp-content\/uploads\/2017\/08\/vigilantes-700x249.jpg\" alt=\"\" width=\"700\" height=\"249\" srcset=\"https:\/\/sindesvdf.com.br\/news\/wp-content\/uploads\/2017\/08\/vigilantes-700x249.jpg 700w, https:\/\/sindesvdf.com.br\/news\/wp-content\/uploads\/2017\/08\/vigilantes-700x249-300x107.jpg 300w, https:\/\/sindesvdf.com.br\/news\/wp-content\/uploads\/2017\/08\/vigilantes-700x249-250x89.jpg 250w, https:\/\/sindesvdf.com.br\/news\/wp-content\/uploads\/2017\/08\/vigilantes-700x249-150x53.jpg 150w\" sizes=\"auto, (max-width: 700px) 100vw, 700px\" \/><\/p>\n<p>Mais uma vez o governador do DF, Rodrigo Rollemberg, demonstrou descaso e desrespeito com os trabalhadores, seguindo a cartilha do golpista Temer. N\u00e3o bastassem os desmontes e calotes j\u00e1 vistos em sua gest\u00e3o, descaradamente a equipe econ\u00f4mica do governador sugeriu uma \u201csolu\u00e7\u00e3o\u201d para o reequil\u00edbrio das contas do Estado. Pela metodologia, de novo, o trabalhador sairia prejudicado.<\/p>\n<p>Em coletiva \u00e0 imprensa, o secret\u00e1rio da Casa Civil, S\u00e9rgio Sampaio, foi fat\u00eddico ao afirmar que os gestores devem inovar e realizar o chamado \u201ccorte criativo\u201d. Sampaio disse que \u00e9 preciso rever onde \u00e9 poss\u00edvel reduzir os gastos p\u00fablicos e citou como exemplo os vigilantes. <em>\u201cVai exigir que se reduza valor de contratos, o n\u00famero de prestadores de servi\u00e7o, ou renegociar os pre\u00e7os. No caso dos vigilantes, se voc\u00ea substituir alguns postos de trabalho por sistemas de circuito interno (c\u00e2meras de seguran\u00e7a), voc\u00ea reduz o custo. Cada gestor ter\u00e1 de ser criativo.\u201d<\/em><\/p>\n<p>A CUT Bras\u00edlia e o Sindesv, sindicato que representa a categoria no DF, avaliam que a declara\u00e7\u00e3o representa um desrespeito aos trabalhadores vigilantes e reflete o Estado de exce\u00e7\u00e3o instaurado ap\u00f3s o golpe.<\/p>\n<p>Para o presidente do Sindesv-DF, Paulo Quadros, a sugest\u00e3o de um \u201ccorte criativo\u201d \u00e9 revoltante. <em>\u201cOs cortes e retrocessos em 2016\/2017 j\u00e1 foram terr\u00edveis. A previs\u00e3o para 2018 \u00e9 de dias ainda piores, a ponto de substituir trabalhadores por c\u00e2meras de seguran\u00e7a. Isso \u00e9 um desrespeito com os vigilantes e as vigilantes que arriscam diariamente suas vidas e, no fim, ainda t\u00eam de escutar que poder\u00e3o ser substitu\u00eddos por simples c\u00e2meras de vigil\u00e2ncia.\u201d<\/em><\/p>\n<p>Paulo Quadros ainda alerta que, se aplicado o corte, a popula\u00e7\u00e3o ficaria ainda mais sujeita \u00e0 viol\u00eancia. Ele relembra que, em 2016, o GDF anunciou a dispensa de 600 trabalhadores vigilantes. A a\u00e7\u00e3o resultou em problemas s\u00e9rios logo nos primeiros meses: foram registradas diversas mortes de trabalhadores, al\u00e9m do aumento no \u00edndice de ataques e furtos a \u00f3rg\u00e3os e entidades p\u00fablicas.<\/p>\n<p><em>\u201cVigilante \u00e9 uma profiss\u00e3o fundamental na sociedade. Exemplo disso \u00e9 que basta iniciarmos uma greve, que diversas entidades fecham as portas. Trocar trabalhador por c\u00e2mera seria uma irresponsabilidade por parte do governo. Al\u00e9m do mais, direito deve ser ampliado, jamais reduzido\u201d<\/em>, concluiu.<\/p>\n<p>J\u00e1 o secret\u00e1rio Geral da CUT Bras\u00edlia, Rodrigo Rodrigues, explica que os retrocessos e o Estado de exce\u00e7\u00e3o s\u00e3o consequ\u00eancias do golpe. <em>\u201cAl\u00e9m de retirarem direitos, querem intimidar e minimizar a a\u00e7\u00e3o de sindicatos. Estamos diante de uma justi\u00e7a seletiva, que retira direitos e pol\u00edticas p\u00fablicas em favorecimento dos interesses de poucos. Por isso, o posicionamento que n\u00f3s, enquanto entidade sindical e classe trabalhadora devemos ter, \u00e9 repudiarmos os ataques e, mais que nunca, manter a unidade de luta.\u201d<\/em><\/p>\n<p style=\"text-align: right;\"><span style=\"color: #ff0000;\"><em>Fonte: CUT Bras\u00edlia<\/em><\/span><\/p>\n<p class=\"wpf_wrapper\"><a class=\"print_link\" href=\"\" target=\"_blank\">Preparar para impress\u00e3o<\/a><\/p><!-- .wpf_wrapper -->","protected":false},"excerpt":{"rendered":"<p>Mais uma vez o governador do DF, Rodrigo Rollemberg, demonstrou descaso e desrespeito com os trabalhadores, seguindo a cartilha do&hellip; <\/p>\n","protected":false},"author":1,"featured_media":0,"comment_status":"closed","ping_status":"closed","sticky":false,"template":"","format":"standard","meta":{"footnotes":""},"categories":[7],"tags":[],"class_list":["post-8339","post","type-post","status-publish","format-standard","hentry","category-noticias"],"jetpack_featured_media_url":"","_links":{"self":[{"href":"https:\/\/sindesvdf.com.br\/news\/wp-json\/wp\/v2\/posts\/8339","targetHints":{"allow":["GET"]}}],"collection":[{"href":"https:\/\/sindesvdf.com.br\/news\/wp-json\/wp\/v2\/posts"}],"about":[{"href":"https:\/\/sindesvdf.com.br\/news\/wp-json\/wp\/v2\/types\/post"}],"author":[{"embeddable":true,"href":"https:\/\/sindesvdf.com.br\/news\/wp-json\/wp\/v2\/users\/1"}],"replies":[{"embeddable":true,"href":"https:\/\/sindesvdf.com.br\/news\/wp-json\/wp\/v2\/comments?post=8339"}],"version-history":[{"count":2,"href":"https:\/\/sindesvdf.com.br\/news\/wp-json\/wp\/v2\/posts\/8339\/revisions"}],"predecessor-version":[{"id":8342,"href":"https:\/\/sindesvdf.com.br\/news\/wp-json\/wp\/v2\/posts\/8339\/revisions\/8342"}],"wp:attachment":[{"href":"https:\/\/sindesvdf.com.br\/news\/wp-json\/wp\/v2\/media?parent=8339"}],"wp:term":[{"taxonomy":"category","embeddable":true,"href":"https:\/\/sindesvdf.com.br\/news\/wp-json\/wp\/v2\/categories?post=8339"},{"taxonomy":"post_tag","embeddable":true,"href":"https:\/\/sindesvdf.com.br\/news\/wp-json\/wp\/v2\/tags?post=8339"}],"curies":[{"name":"wp","href":"https:\/\/api.w.org\/{rel}","templated":true}]}}