{"id":8348,"date":"2017-08-29T13:06:18","date_gmt":"2017-08-29T16:06:18","guid":{"rendered":"http:\/\/sindesvdf.com.br\/news\/?p=8348"},"modified":"2017-08-29T13:16:20","modified_gmt":"2017-08-29T16:16:20","slug":"vigilantes-marcham-contra-demissoes","status":"publish","type":"post","link":"https:\/\/sindesvdf.com.br\/news\/vigilantes-marcham-contra-demissoes\/","title":{"rendered":"Vigilantes marcham contra demiss\u00f5es"},"content":{"rendered":"<p>A luta do Sindicato dos Vigilantes contra as demiss\u00f5es dos trabalhadores que prestam servi\u00e7o para as empresas Multiserv e Brasfort ganhou mais um cap\u00edtulo na manh\u00e3 de hoje.<\/p>\n<p><img loading=\"lazy\" decoding=\"async\" class=\"alignleft wp-image-8349\" src=\"http:\/\/sindesvdf.com.br\/news\/wp-content\/uploads\/2017\/08\/Marcha-contra-demiss\u00f5es-2017-08-29_-300x225.jpeg\" alt=\"\" width=\"400\" height=\"300\" srcset=\"https:\/\/sindesvdf.com.br\/news\/wp-content\/uploads\/2017\/08\/Marcha-contra-demiss\u00f5es-2017-08-29_-300x225.jpeg 300w, https:\/\/sindesvdf.com.br\/news\/wp-content\/uploads\/2017\/08\/Marcha-contra-demiss\u00f5es-2017-08-29_-768x576.jpeg 768w, https:\/\/sindesvdf.com.br\/news\/wp-content\/uploads\/2017\/08\/Marcha-contra-demiss\u00f5es-2017-08-29_-790x593.jpeg 790w, https:\/\/sindesvdf.com.br\/news\/wp-content\/uploads\/2017\/08\/Marcha-contra-demiss\u00f5es-2017-08-29_-200x150.jpeg 200w, https:\/\/sindesvdf.com.br\/news\/wp-content\/uploads\/2017\/08\/Marcha-contra-demiss\u00f5es-2017-08-29_-150x113.jpeg 150w, https:\/\/sindesvdf.com.br\/news\/wp-content\/uploads\/2017\/08\/Marcha-contra-demiss\u00f5es-2017-08-29_.jpeg 1280w\" sizes=\"auto, (max-width: 400px) 100vw, 400px\" \/><img loading=\"lazy\" decoding=\"async\" class=\"alignleft wp-image-8350\" src=\"http:\/\/sindesvdf.com.br\/news\/wp-content\/uploads\/2017\/08\/Marcha-contra-demiss\u00f5es-2017-08-29_a-790x593.jpeg\" alt=\"\" width=\"400\" height=\"300\" srcset=\"https:\/\/sindesvdf.com.br\/news\/wp-content\/uploads\/2017\/08\/Marcha-contra-demiss\u00f5es-2017-08-29_a-790x593.jpeg 790w, https:\/\/sindesvdf.com.br\/news\/wp-content\/uploads\/2017\/08\/Marcha-contra-demiss\u00f5es-2017-08-29_a-300x225.jpeg 300w, https:\/\/sindesvdf.com.br\/news\/wp-content\/uploads\/2017\/08\/Marcha-contra-demiss\u00f5es-2017-08-29_a-768x576.jpeg 768w, https:\/\/sindesvdf.com.br\/news\/wp-content\/uploads\/2017\/08\/Marcha-contra-demiss\u00f5es-2017-08-29_a-200x150.jpeg 200w, https:\/\/sindesvdf.com.br\/news\/wp-content\/uploads\/2017\/08\/Marcha-contra-demiss\u00f5es-2017-08-29_a-150x113.jpeg 150w, https:\/\/sindesvdf.com.br\/news\/wp-content\/uploads\/2017\/08\/Marcha-contra-demiss\u00f5es-2017-08-29_a.jpeg 1280w\" sizes=\"auto, (max-width: 400px) 100vw, 400px\" \/>Ap\u00f3s assembleia, centenas de vigilantes marcharam at\u00e9 o Pal\u00e1cio do Buriti para cobrar da Secretaria de Planejamento um posicionamento contra as demiss\u00f5es e o remanejamento deles dos postos de trabalho. Muitos prestam servi\u00e7o no mesmo local h\u00e1 mais 20 anos.<\/p>\n<p>O deputado distrital Chico Vigilante (PT) cobra uma resolu\u00e7\u00e3o r\u00e1pida para o impasse.<\/p>\n<p><em>&#8220;N\u00e3o h\u00e1 espa\u00e7o para perda de emprego. N\u00e3o aceitaremos a demiss\u00e3o de vigilantes durante a assinatura dos novos contratos&#8221;<\/em>, defendeu o deputado.<\/p>\n<p>O presidente do sindicato da categoria, Paulo Quadros, explica que as duas empresas, que venceram alguns dos lotes da licita\u00e7\u00e3o do GDF, est\u00e3o descumprindo a conven\u00e7\u00e3o coletiva e amea\u00e7am demitir 350 vigilantes.<\/p>\n<p>Outro problema enfrentado \u00e9 o remanejamento. Para for\u00e7ar os trabalhadores a pedir demiss\u00e3o, as empresas est\u00e3o trocando os vigilantes dos postos de trabalho.<\/p>\n<p><em>&#8220;Os vigilantes que moram e trabalhavam em Planaltina, est\u00e3o sendo remanejados para postos no Gama, e vice-versa. N\u00e3o vamos aceitar esse desrespeito e nem as demiss\u00f5es&#8221;<\/em>, garantiu Quadros.<\/p>\n<p>De acordo com o edital da licita\u00e7\u00e3o, as empresas vencedoras devem contratar os mesmos vigilantes que j\u00e1 prestavam servi\u00e7o nos postos de trabalho dos \u00f3rg\u00e3os do GDF.<\/p>\n<p>Uma lei de iniciativa de Chico Vigilante tamb\u00e9m garante a perman\u00eancia deles.<\/p>\n<p><em>&#8220;Estamos na expectativa de que o governo ir\u00e1 encontrar uma solu\u00e7\u00e3o para esse problema criado pelas empresas. Os vigilantes exigem respeito&#8221;<\/em>, finalizou o parlamentar.<\/p>\n<p style=\"text-align: right;\"><span style=\"color: #ff0000;\"><em>Fonte: Ascom Chico Vigilante<\/em><\/span><\/p>\n<p class=\"wpf_wrapper\"><a class=\"print_link\" href=\"\" target=\"_blank\">Preparar para impress\u00e3o<\/a><\/p><!-- .wpf_wrapper -->","protected":false},"excerpt":{"rendered":"<p>A luta do Sindicato dos Vigilantes contra as demiss\u00f5es dos trabalhadores que prestam servi\u00e7o para as empresas Multiserv e Brasfort&hellip; <\/p>\n","protected":false},"author":1,"featured_media":0,"comment_status":"closed","ping_status":"closed","sticky":false,"template":"","format":"standard","meta":{"footnotes":""},"categories":[7],"tags":[],"class_list":["post-8348","post","type-post","status-publish","format-standard","hentry","category-noticias"],"jetpack_featured_media_url":"","_links":{"self":[{"href":"https:\/\/sindesvdf.com.br\/news\/wp-json\/wp\/v2\/posts\/8348","targetHints":{"allow":["GET"]}}],"collection":[{"href":"https:\/\/sindesvdf.com.br\/news\/wp-json\/wp\/v2\/posts"}],"about":[{"href":"https:\/\/sindesvdf.com.br\/news\/wp-json\/wp\/v2\/types\/post"}],"author":[{"embeddable":true,"href":"https:\/\/sindesvdf.com.br\/news\/wp-json\/wp\/v2\/users\/1"}],"replies":[{"embeddable":true,"href":"https:\/\/sindesvdf.com.br\/news\/wp-json\/wp\/v2\/comments?post=8348"}],"version-history":[{"count":4,"href":"https:\/\/sindesvdf.com.br\/news\/wp-json\/wp\/v2\/posts\/8348\/revisions"}],"predecessor-version":[{"id":8358,"href":"https:\/\/sindesvdf.com.br\/news\/wp-json\/wp\/v2\/posts\/8348\/revisions\/8358"}],"wp:attachment":[{"href":"https:\/\/sindesvdf.com.br\/news\/wp-json\/wp\/v2\/media?parent=8348"}],"wp:term":[{"taxonomy":"category","embeddable":true,"href":"https:\/\/sindesvdf.com.br\/news\/wp-json\/wp\/v2\/categories?post=8348"},{"taxonomy":"post_tag","embeddable":true,"href":"https:\/\/sindesvdf.com.br\/news\/wp-json\/wp\/v2\/tags?post=8348"}],"curies":[{"name":"wp","href":"https:\/\/api.w.org\/{rel}","templated":true}]}}