{"id":8584,"date":"2017-09-26T10:26:33","date_gmt":"2017-09-26T13:26:33","guid":{"rendered":"http:\/\/sindesvdf.com.br\/news\/?p=8584"},"modified":"2017-09-26T12:13:55","modified_gmt":"2017-09-26T15:13:55","slug":"brincadeira-de-mau-gosto-do-presidente-do-sindicato-patronal-acaba-na-delegacia","status":"publish","type":"post","link":"https:\/\/sindesvdf.com.br\/news\/brincadeira-de-mau-gosto-do-presidente-do-sindicato-patronal-acaba-na-delegacia\/","title":{"rendered":"Brincadeira de mau gosto do presidente do sindicato patronal acaba na delegacia"},"content":{"rendered":"<div style=\"text-align: right;\">\n<p style=\"text-align: left;\"><span style=\"font-size: 18px;\"><img loading=\"lazy\" decoding=\"async\" class=\"aligncenter wp-image-7806 size-full\" src=\"http:\/\/sindesvdf.com.br\/news\/wp-content\/uploads\/2017\/06\/Plant\u00e3o-Olho-Vivo.png\" alt=\"\" width=\"776\" height=\"204\" srcset=\"https:\/\/sindesvdf.com.br\/news\/wp-content\/uploads\/2017\/06\/Plant\u00e3o-Olho-Vivo.png 776w, https:\/\/sindesvdf.com.br\/news\/wp-content\/uploads\/2017\/06\/Plant\u00e3o-Olho-Vivo-300x79.png 300w, https:\/\/sindesvdf.com.br\/news\/wp-content\/uploads\/2017\/06\/Plant\u00e3o-Olho-Vivo-768x202.png 768w, https:\/\/sindesvdf.com.br\/news\/wp-content\/uploads\/2017\/06\/Plant\u00e3o-Olho-Vivo-250x66.png 250w, https:\/\/sindesvdf.com.br\/news\/wp-content\/uploads\/2017\/06\/Plant\u00e3o-Olho-Vivo-150x39.png 150w\" sizes=\"auto, (max-width: 776px) 100vw, 776px\" \/>A nossa Campanha Salarial n\u00e3o teve um desfecho ainda por conta da intransig\u00eancia do senhor Irenaldo Lima, presidente do sindicato patronal que, influenciado por alguns empres\u00e1rios, decidiu atacar as reivindica\u00e7\u00f5es dos vigilantes de forma desleal e desrespeitosa.<\/span><\/p>\n<\/div>\n<p id=\"m_572335225682349929yui_3_16_0_ym19_1_1506389498362_3248\"><span id=\"m_572335225682349929yui_3_16_0_ym19_1_1506389498362_3249\" style=\"font-size: 18px;\">Foi um ano extremamente duro para\u00a0 a classe trabalhadora, que est\u00e1 em vias de conhecer todos os malef\u00edcios da Reforma Trabalhista, j\u00e1 aprovada e sancionada e que entrar\u00e1 em vigor no dia 11 novembro pr\u00f3ximo. A\u00ed, o senhor Irenaldo, que vem emperrando a nossa Campanha Salarial e exigindo a figura do horista que certamente trar\u00e1 muito desemprego, faz uma brincadeira de mau gosto com o vigilante que est\u00e1 em seu plant\u00e3o em uma ag\u00eancia banc\u00e1ria de Taguatinga.<u><\/u><u><\/u><\/span><\/p>\n<p id=\"m_572335225682349929yui_3_16_0_ym19_1_1506389498362_3251\"><span id=\"m_572335225682349929yui_3_16_0_ym19_1_1506389498362_3252\" style=\"font-size: 18px;\">O senhor Irenaldo n\u00e3o se comportou como um verdadeiro l\u00edder que deve zelar pela atividade de seguran\u00e7a privada, assim como zelar pelo posto de servi\u00e7o e pelo trabalhador que est\u00e1 executando sua tarefa. N\u00e3o \u00e9 o local e nem o momento para gracejo ou brincadeira tentando desestabilizar o vigilante, querendo imputar uma culpa que n\u00e3o cabe a ningu\u00e9m (deputado Chico Vigilante, Sindesv-DF ou a categoria), a n\u00e3o ser a ele mesmo, o senhor Irenaldo (o \u00cdndio), a quem responsabilizamos por toda esta situa\u00e7\u00e3o que travou a nossa Campanha Salarial, aproveitando-se da crise pol\u00edtica, econ\u00f4mica \u00a0e institucional que assola o nosso Pa\u00eds para emperrar, entrar na justi\u00e7a com pedidos de liminares contra a nossa greve e depois com o Diss\u00eddio Coletivo. <\/span><\/p>\n<p><span style=\"font-size: 18px;\"><span id=\"m_572335225682349929yui_3_16_0_ym19_1_1506389498362_3252\">O Sindicato dos Vigilantes do DF (Sindesv-DF) tem o dever de orientar e esclarecer a categoria, apoiar e dar estrutura \u00e0s reivindica\u00e7\u00f5es e lutas dentro da coer\u00eancia com assessoria jur\u00eddica dispon\u00edvel para todos os filiados.\u00a0<\/span>Esclarecer a categoria da realidade dos fatos n\u00e3o \u00e9 jogar o trabalhador contra as empresas ou patr\u00f5es \u00e9 sim cumprir com o papel fundamental de uma entidade sindical laboral, ou seja, defender os interesses dos trabalhadores. O que for necess\u00e1rio para preservar os direitos dos trabalhadores, o Sindesv-DF estar\u00e1 empenhando em fazer. Respeitamos os patr\u00f5es e exigimos o mesmo respeito com os trabalhadores.\u00a0<\/span><\/p>\n<p id=\"m_572335225682349929yui_3_16_0_ym19_1_1506389498362_3254\"><span id=\"m_572335225682349929yui_3_16_0_ym19_1_1506389498362_3255\" style=\"font-size: 18px;\">Temos certeza que esta situa\u00e7\u00e3o \u00e9 at\u00edpica da hist\u00f3ria de luta dos vigilantes, onde sempre fomos vitoriosos em nossas reivindica\u00e7\u00f5es, e que em breve, iremos comemorar muitas vit\u00f3rias e conquistas, pois esta \u00e9 uma categoria de luta, corajosa e valente, que acompanha o seu Sindicato e sabe perfeitamente quem est\u00e1 do seu lado e sempre esteve.<u><\/u><u><\/u><\/span><\/p>\n<p id=\"m_572335225682349929yui_3_16_0_ym19_1_1506389498362_3257\"><span id=\"m_572335225682349929yui_3_16_0_ym19_1_1506389498362_3258\" style=\"font-size: 18px;\">Tanto \u00e9 verdade que o vigilante n\u00e3o aceitou o deboche do senhor \u00cdndio em rela\u00e7\u00e3o \u00e0 Campanha Salarial, pois ele sabe quem \u00e9 o respons\u00e1vel. Que o senhor Irenaldo pense melhor antes de provocar jocosamente aqueles que trabalham honestamente, dando lucro para as empresas, e se comporte de acordo com o que exige o seu cargo, ou seja, um m\u00ednimo de seriedade e compostura.\u00a0 Por conta disso teve de ir \u00e0 delegacia prestar esclarecimentos acerca de seu mau comportamento.<u><\/u><\/span><\/p>\n<p id=\"m_572335225682349929yui_3_16_0_ym19_1_1506389498362_3260\"><span id=\"m_572335225682349929yui_3_16_0_ym19_1_1506389498362_3261\" style=\"font-size: 18px;\">Quanto ao vigilante, o Sindicato o acompanhou at\u00e9 a delegacia e prestou-lhe todo o apoio necess\u00e1rio, pois agiu com profissionalismo e merece toda a nossa admira\u00e7\u00e3o e respeito. Aqui no Sindesv-DF \u00e9 assim: mexeu com um, mexeu com todos.<u><\/u><u><\/u><\/span><\/p>\n<div><span style=\"font-size: 18px;\">\u00a0<\/span><\/div>\n<div style=\"text-align: center;\">Paulo Quadros<br \/>\nPresidente do Sindicato dos Vigilantes do DF<\/div>\n<p class=\"wpf_wrapper\"><a class=\"print_link\" href=\"\" target=\"_blank\">Preparar para impress\u00e3o<\/a><\/p><!-- .wpf_wrapper -->","protected":false},"excerpt":{"rendered":"<p>A nossa Campanha Salarial n\u00e3o teve um desfecho ainda por conta da intransig\u00eancia do senhor Irenaldo Lima, presidente do sindicato&hellip; <\/p>\n","protected":false},"author":1,"featured_media":0,"comment_status":"closed","ping_status":"closed","sticky":false,"template":"","format":"standard","meta":{"footnotes":""},"categories":[7],"tags":[],"class_list":["post-8584","post","type-post","status-publish","format-standard","hentry","category-noticias"],"jetpack_featured_media_url":"","_links":{"self":[{"href":"https:\/\/sindesvdf.com.br\/news\/wp-json\/wp\/v2\/posts\/8584","targetHints":{"allow":["GET"]}}],"collection":[{"href":"https:\/\/sindesvdf.com.br\/news\/wp-json\/wp\/v2\/posts"}],"about":[{"href":"https:\/\/sindesvdf.com.br\/news\/wp-json\/wp\/v2\/types\/post"}],"author":[{"embeddable":true,"href":"https:\/\/sindesvdf.com.br\/news\/wp-json\/wp\/v2\/users\/1"}],"replies":[{"embeddable":true,"href":"https:\/\/sindesvdf.com.br\/news\/wp-json\/wp\/v2\/comments?post=8584"}],"version-history":[{"count":16,"href":"https:\/\/sindesvdf.com.br\/news\/wp-json\/wp\/v2\/posts\/8584\/revisions"}],"predecessor-version":[{"id":8602,"href":"https:\/\/sindesvdf.com.br\/news\/wp-json\/wp\/v2\/posts\/8584\/revisions\/8602"}],"wp:attachment":[{"href":"https:\/\/sindesvdf.com.br\/news\/wp-json\/wp\/v2\/media?parent=8584"}],"wp:term":[{"taxonomy":"category","embeddable":true,"href":"https:\/\/sindesvdf.com.br\/news\/wp-json\/wp\/v2\/categories?post=8584"},{"taxonomy":"post_tag","embeddable":true,"href":"https:\/\/sindesvdf.com.br\/news\/wp-json\/wp\/v2\/tags?post=8584"}],"curies":[{"name":"wp","href":"https:\/\/api.w.org\/{rel}","templated":true}]}}