{"id":8657,"date":"2017-10-17T11:55:46","date_gmt":"2017-10-17T13:55:46","guid":{"rendered":"http:\/\/sindesvdf.com.br\/news\/?p=8657"},"modified":"2019-08-20T16:02:25","modified_gmt":"2019-08-20T19:02:25","slug":"atencao-vigilantes-da-global-que-trabalharam-na-secretaria-de-educacao-em-2010","status":"publish","type":"post","link":"https:\/\/sindesvdf.com.br\/news\/atencao-vigilantes-da-global-que-trabalharam-na-secretaria-de-educacao-em-2010\/","title":{"rendered":"Aten\u00e7\u00e3o Vigilantes da Global que trabalharam na Secretaria de Educa\u00e7\u00e3o em 2010"},"content":{"rendered":"<p style=\"text-align: left;\"><span style=\"font-size: 20px;\"><img loading=\"lazy\" decoding=\"async\" class=\"alignleft wp-image-8668 size-medium\" src=\"http:\/\/sindesvdf.com.br\/news\/wp-content\/uploads\/2017\/10\/Plant\u00e3o-Olho-Vivo1-300x300.png\" alt=\"\" width=\"300\" height=\"300\" srcset=\"https:\/\/sindesvdf.com.br\/news\/wp-content\/uploads\/2017\/10\/Plant\u00e3o-Olho-Vivo1-300x300.png 300w, https:\/\/sindesvdf.com.br\/news\/wp-content\/uploads\/2017\/10\/Plant\u00e3o-Olho-Vivo1-150x150.png 150w, https:\/\/sindesvdf.com.br\/news\/wp-content\/uploads\/2017\/10\/Plant\u00e3o-Olho-Vivo1-768x768.png 768w, https:\/\/sindesvdf.com.br\/news\/wp-content\/uploads\/2017\/10\/Plant\u00e3o-Olho-Vivo1-790x790.png 790w, https:\/\/sindesvdf.com.br\/news\/wp-content\/uploads\/2017\/10\/Plant\u00e3o-Olho-Vivo1.png 1667w\" sizes=\"auto, (max-width: 300px) 100vw, 300px\" \/><\/span><span style=\"font-size: 20px;\">O Sindicato dos Vigilantes do DF convoca os vigilantes da Global, que trabalharam na Secretaria de Educa\u00e7\u00e3o no ano de 2010 e que est\u00e3o no processo 1074-83\/2017, referente ao retroativo da intrajornada, para que compare\u00e7am ao Sindicato at\u00e9 o dia 19\/10, quinta-feira, at\u00e9 as 18h.<\/span><\/p>\n<p style=\"text-align: justify;\"><span style=\"font-size: 20px;\">Informamos que ser\u00e1 para tratar de assunto do interesse dos vigilantes mencionados acima e que fazem parte desse processo.<\/span><\/p>\n<p class=\"wpf_wrapper\"><a class=\"print_link\" href=\"\" target=\"_blank\">Preparar para impress\u00e3o<\/a><\/p><!-- .wpf_wrapper -->","protected":false},"excerpt":{"rendered":"<p>O Sindicato dos Vigilantes do DF convoca os vigilantes da Global, que trabalharam na Secretaria de Educa\u00e7\u00e3o no ano de&hellip; <\/p>\n","protected":false},"author":1,"featured_media":0,"comment_status":"closed","ping_status":"closed","sticky":false,"template":"","format":"standard","meta":{"footnotes":""},"categories":[],"tags":[],"class_list":["post-8657","post","type-post","status-publish","format-standard","hentry"],"jetpack_featured_media_url":"","_links":{"self":[{"href":"https:\/\/sindesvdf.com.br\/news\/wp-json\/wp\/v2\/posts\/8657","targetHints":{"allow":["GET"]}}],"collection":[{"href":"https:\/\/sindesvdf.com.br\/news\/wp-json\/wp\/v2\/posts"}],"about":[{"href":"https:\/\/sindesvdf.com.br\/news\/wp-json\/wp\/v2\/types\/post"}],"author":[{"embeddable":true,"href":"https:\/\/sindesvdf.com.br\/news\/wp-json\/wp\/v2\/users\/1"}],"replies":[{"embeddable":true,"href":"https:\/\/sindesvdf.com.br\/news\/wp-json\/wp\/v2\/comments?post=8657"}],"version-history":[{"count":4,"href":"https:\/\/sindesvdf.com.br\/news\/wp-json\/wp\/v2\/posts\/8657\/revisions"}],"predecessor-version":[{"id":8669,"href":"https:\/\/sindesvdf.com.br\/news\/wp-json\/wp\/v2\/posts\/8657\/revisions\/8669"}],"wp:attachment":[{"href":"https:\/\/sindesvdf.com.br\/news\/wp-json\/wp\/v2\/media?parent=8657"}],"wp:term":[{"taxonomy":"category","embeddable":true,"href":"https:\/\/sindesvdf.com.br\/news\/wp-json\/wp\/v2\/categories?post=8657"},{"taxonomy":"post_tag","embeddable":true,"href":"https:\/\/sindesvdf.com.br\/news\/wp-json\/wp\/v2\/tags?post=8657"}],"curies":[{"name":"wp","href":"https:\/\/api.w.org\/{rel}","templated":true}]}}