{"id":8659,"date":"2017-10-17T12:16:01","date_gmt":"2017-10-17T14:16:01","guid":{"rendered":"http:\/\/sindesvdf.com.br\/news\/?p=8659"},"modified":"2019-08-20T16:02:07","modified_gmt":"2019-08-20T19:02:07","slug":"aos-vigilantes-que-prestam-servico-na-secretaria-de-saude-do-df","status":"publish","type":"post","link":"https:\/\/sindesvdf.com.br\/news\/aos-vigilantes-que-prestam-servico-na-secretaria-de-saude-do-df\/","title":{"rendered":"Aos vigilantes que prestam servi\u00e7o na Secretaria de Sa\u00fade do DF"},"content":{"rendered":"<p><img loading=\"lazy\" decoding=\"async\" class=\"aligncenter wp-image-7802 size-large\" style=\"text-align: justify;\" src=\"http:\/\/sindesvdf.com.br\/news\/wp-content\/uploads\/2017\/06\/plat\u00e3o-olho-vivo-790x247.png\" alt=\"\" width=\"750\" height=\"234\" srcset=\"https:\/\/sindesvdf.com.br\/news\/wp-content\/uploads\/2017\/06\/plat\u00e3o-olho-vivo-790x247.png 790w, https:\/\/sindesvdf.com.br\/news\/wp-content\/uploads\/2017\/06\/plat\u00e3o-olho-vivo-300x94.png 300w, https:\/\/sindesvdf.com.br\/news\/wp-content\/uploads\/2017\/06\/plat\u00e3o-olho-vivo-768x240.png 768w, https:\/\/sindesvdf.com.br\/news\/wp-content\/uploads\/2017\/06\/plat\u00e3o-olho-vivo-250x78.png 250w, https:\/\/sindesvdf.com.br\/news\/wp-content\/uploads\/2017\/06\/plat\u00e3o-olho-vivo-150x47.png 150w\" sizes=\"auto, (max-width: 750px) 100vw, 750px\" \/><\/p>\n<p style=\"text-align: justify;\">O Sindicato dos Vigilantes do DF informa que na manh\u00e3 desta ter\u00e7a, 17\/10, esteve em reuni\u00e3o com o Dr.\u00a0 Erlan Jos\u00e9 Peixoto do Prado, Procurador Chefe da Procuradoria Regional do Trabalho, 10\u00aa Regi\u00e3o, onde entregamos ao mesmo um of\u00edcio relatando toda a situa\u00e7\u00e3o dos vigilantes da Secretaria de Sa\u00fade e solicitando o cumprimento do que consta no Edital, \u00a0Preg\u00e3o 15\/2017, em que menciona a cl\u00e1usula 34\u00aa da CCT \u2013 Conven\u00e7\u00e3o Coletiva de Trabalho e a lei de autoria de Chico Vigilante: a Lei n\u00ba 4.794\/12 que determina o aproveitamento dos trabalhadores nos postos de trabalho, quando h\u00e1 substitui\u00e7\u00e3o de uma prestadora de servi\u00e7o por outra, mediante nova licita\u00e7\u00e3o, como \u00e9 o caso dos contratos de servi\u00e7os de vigil\u00e2ncia.<\/p>\n<p><img loading=\"lazy\" decoding=\"async\" class=\"alignleft wp-image-8660 \" style=\"text-align: justify;\" src=\"http:\/\/sindesvdf.com.br\/news\/wp-content\/uploads\/2017\/10\/procurador-300x169.jpg\" alt=\"\" width=\"421\" height=\"237\" srcset=\"https:\/\/sindesvdf.com.br\/news\/wp-content\/uploads\/2017\/10\/procurador-300x169.jpg 300w, https:\/\/sindesvdf.com.br\/news\/wp-content\/uploads\/2017\/10\/procurador-768x432.jpg 768w, https:\/\/sindesvdf.com.br\/news\/wp-content\/uploads\/2017\/10\/procurador-790x444.jpg 790w, https:\/\/sindesvdf.com.br\/news\/wp-content\/uploads\/2017\/10\/procurador-250x141.jpg 250w, https:\/\/sindesvdf.com.br\/news\/wp-content\/uploads\/2017\/10\/procurador-150x84.jpg 150w, https:\/\/sindesvdf.com.br\/news\/wp-content\/uploads\/2017\/10\/procurador.jpg 1040w\" sizes=\"auto, (max-width: 421px) 100vw, 421px\" \/><\/p>\n<p style=\"text-align: justify;\">O Procurador, Dr. Erlan, afirmou que chamar\u00e1 imediatamente as partes, ou seja, o Sindicato dos Vigilantes, o GDF e as Empresas.<\/p>\n<p style=\"text-align: justify;\">Estamos na luta, incansavelmente, para garantir o cumprimento da legisla\u00e7\u00e3o e a manuten\u00e7\u00e3o do emprego dos vigilantes da Secretaria de Sa\u00fade do DF.<\/p>\n<p style=\"text-align: justify;\">Assim que tivermos novas informa\u00e7\u00f5es, comunicaremos aos vigilantes.<\/p>\n<p class=\"wpf_wrapper\"><a class=\"print_link\" href=\"\" target=\"_blank\">Preparar para impress\u00e3o<\/a><\/p><!-- .wpf_wrapper -->","protected":false},"excerpt":{"rendered":"<p>O Sindicato dos Vigilantes do DF informa que na manh\u00e3 desta ter\u00e7a, 17\/10, esteve em reuni\u00e3o com o Dr.\u00a0 Erlan&hellip; <\/p>\n","protected":false},"author":1,"featured_media":8660,"comment_status":"closed","ping_status":"closed","sticky":false,"template":"","format":"standard","meta":{"footnotes":""},"categories":[],"tags":[],"class_list":["post-8659","post","type-post","status-publish","format-standard","has-post-thumbnail","hentry"],"jetpack_featured_media_url":"https:\/\/sindesvdf.com.br\/news\/wp-content\/uploads\/2017\/10\/procurador.jpg","_links":{"self":[{"href":"https:\/\/sindesvdf.com.br\/news\/wp-json\/wp\/v2\/posts\/8659","targetHints":{"allow":["GET"]}}],"collection":[{"href":"https:\/\/sindesvdf.com.br\/news\/wp-json\/wp\/v2\/posts"}],"about":[{"href":"https:\/\/sindesvdf.com.br\/news\/wp-json\/wp\/v2\/types\/post"}],"author":[{"embeddable":true,"href":"https:\/\/sindesvdf.com.br\/news\/wp-json\/wp\/v2\/users\/1"}],"replies":[{"embeddable":true,"href":"https:\/\/sindesvdf.com.br\/news\/wp-json\/wp\/v2\/comments?post=8659"}],"version-history":[{"count":4,"href":"https:\/\/sindesvdf.com.br\/news\/wp-json\/wp\/v2\/posts\/8659\/revisions"}],"predecessor-version":[{"id":8662,"href":"https:\/\/sindesvdf.com.br\/news\/wp-json\/wp\/v2\/posts\/8659\/revisions\/8662"}],"wp:featuredmedia":[{"embeddable":true,"href":"https:\/\/sindesvdf.com.br\/news\/wp-json\/wp\/v2\/media\/8660"}],"wp:attachment":[{"href":"https:\/\/sindesvdf.com.br\/news\/wp-json\/wp\/v2\/media?parent=8659"}],"wp:term":[{"taxonomy":"category","embeddable":true,"href":"https:\/\/sindesvdf.com.br\/news\/wp-json\/wp\/v2\/categories?post=8659"},{"taxonomy":"post_tag","embeddable":true,"href":"https:\/\/sindesvdf.com.br\/news\/wp-json\/wp\/v2\/tags?post=8659"}],"curies":[{"name":"wp","href":"https:\/\/api.w.org\/{rel}","templated":true}]}}