{"id":8688,"date":"2017-10-20T16:56:46","date_gmt":"2017-10-20T18:56:46","guid":{"rendered":"http:\/\/sindesvdf.com.br\/news\/?p=8688"},"modified":"2019-08-20T16:01:37","modified_gmt":"2019-08-20T19:01:37","slug":"8688","status":"publish","type":"post","link":"https:\/\/sindesvdf.com.br\/news\/8688\/","title":{"rendered":""},"content":{"rendered":"<h1 style=\"text-align: center;\"><strong>Em a\u00e7\u00e3o do Sindicato, Justi\u00e7a intima Plano de Sa\u00fade a atender vigilantes<\/strong><\/h1>\n<p><img loading=\"lazy\" decoding=\"async\" class=\"alignleft wp-image-8668 size-medium\" src=\"http:\/\/sindesvdf.com.br\/news\/wp-content\/uploads\/2017\/10\/Plant\u00e3o-Olho-Vivo1-300x300.png\" alt=\"\" width=\"300\" height=\"300\" srcset=\"https:\/\/sindesvdf.com.br\/news\/wp-content\/uploads\/2017\/10\/Plant\u00e3o-Olho-Vivo1-300x300.png 300w, https:\/\/sindesvdf.com.br\/news\/wp-content\/uploads\/2017\/10\/Plant\u00e3o-Olho-Vivo1-150x150.png 150w, https:\/\/sindesvdf.com.br\/news\/wp-content\/uploads\/2017\/10\/Plant\u00e3o-Olho-Vivo1-768x768.png 768w, https:\/\/sindesvdf.com.br\/news\/wp-content\/uploads\/2017\/10\/Plant\u00e3o-Olho-Vivo1-790x790.png 790w, https:\/\/sindesvdf.com.br\/news\/wp-content\/uploads\/2017\/10\/Plant\u00e3o-Olho-Vivo1.png 1667w\" sizes=\"auto, (max-width: 300px) 100vw, 300px\" \/>Em a\u00e7\u00e3o cautelar proposta pelo<strong><em> SindesvDF<\/em><\/strong>, a <strong>Justi\u00e7a concedeu liminar obrigando a volta imediata do atendimento do plano de sa\u00fade.<\/strong><\/p>\n<p>O juiz determinou que a cada 12 horas sem o devido atendimento, os respons\u00e1veis pela suspens\u00e3o sejam multados.<\/p>\n<p>O pr\u00f3ximo passo \u00e9 o juiz destacar oficiais de Justi\u00e7a para intimar os respons\u00e1veis pelo cancelamento do atendimento do Plano de Sa\u00fade Unimed Manaus aos vigilantes e seus dependentes.<\/p>\n<p style=\"text-align: center;\">&gt;&gt; Leia a liminar:<strong>\u00a0<a href=\"https:\/\/goo.gl\/QGs46L\" target=\"_blank\" rel=\"noopener nofollow noreferrer\" data-ft=\"{&quot;tn&quot;:&quot;-U&quot;}\" data-lynx-mode=\"async\" data-lynx-uri=\"https:\/\/l.facebook.com\/l.php?u=https%3A%2F%2Fgoo.gl%2FQGs46L&amp;h=ATP4HhCkG2AoL12H9TPRtuNcRWhl-k1dbgFhWRR63ljCFtEty26kAwwQuuVL3KG--nbZxNJ54OuiwtCX128rkOfCFySLUA5x6gnREJqDWkVwfloquhq0wchgIGk5z1RwiBO58OXOhDxuh2j7O70H3aYybPaNEPPQLvkHou5iOyuzWsFmgO5T-gXszNw9w9SNlojc6feykhoSSbH61vgiy_mepCjxZAHAvowH1g1bZkx5kr7Cfb61GwXAF-azXhpqY199Kr94oEKndP3pbvJd3A8aibrRK_60WOVAsNkDHw\">https:\/\/goo.gl\/QGs46L<\/a><\/strong><\/p>\n<p class=\"wpf_wrapper\"><a class=\"print_link\" href=\"\" target=\"_blank\">Preparar para impress\u00e3o<\/a><\/p><!-- .wpf_wrapper -->","protected":false},"excerpt":{"rendered":"<p>Em a\u00e7\u00e3o do Sindicato, Justi\u00e7a intima Plano de Sa\u00fade a atender vigilantes Em a\u00e7\u00e3o cautelar proposta pelo SindesvDF, a Justi\u00e7a&hellip; <\/p>\n","protected":false},"author":1,"featured_media":0,"comment_status":"closed","ping_status":"closed","sticky":false,"template":"","format":"standard","meta":{"footnotes":""},"categories":[],"tags":[],"class_list":["post-8688","post","type-post","status-publish","format-standard","hentry"],"jetpack_featured_media_url":"","_links":{"self":[{"href":"https:\/\/sindesvdf.com.br\/news\/wp-json\/wp\/v2\/posts\/8688","targetHints":{"allow":["GET"]}}],"collection":[{"href":"https:\/\/sindesvdf.com.br\/news\/wp-json\/wp\/v2\/posts"}],"about":[{"href":"https:\/\/sindesvdf.com.br\/news\/wp-json\/wp\/v2\/types\/post"}],"author":[{"embeddable":true,"href":"https:\/\/sindesvdf.com.br\/news\/wp-json\/wp\/v2\/users\/1"}],"replies":[{"embeddable":true,"href":"https:\/\/sindesvdf.com.br\/news\/wp-json\/wp\/v2\/comments?post=8688"}],"version-history":[{"count":3,"href":"https:\/\/sindesvdf.com.br\/news\/wp-json\/wp\/v2\/posts\/8688\/revisions"}],"predecessor-version":[{"id":13343,"href":"https:\/\/sindesvdf.com.br\/news\/wp-json\/wp\/v2\/posts\/8688\/revisions\/13343"}],"wp:attachment":[{"href":"https:\/\/sindesvdf.com.br\/news\/wp-json\/wp\/v2\/media?parent=8688"}],"wp:term":[{"taxonomy":"category","embeddable":true,"href":"https:\/\/sindesvdf.com.br\/news\/wp-json\/wp\/v2\/categories?post=8688"},{"taxonomy":"post_tag","embeddable":true,"href":"https:\/\/sindesvdf.com.br\/news\/wp-json\/wp\/v2\/tags?post=8688"}],"curies":[{"name":"wp","href":"https:\/\/api.w.org\/{rel}","templated":true}]}}