{"id":8708,"date":"2017-10-24T17:45:44","date_gmt":"2017-10-24T19:45:44","guid":{"rendered":"http:\/\/sindesvdf.com.br\/news\/?p=8708"},"modified":"2019-08-20T16:01:18","modified_gmt":"2019-08-20T19:01:18","slug":"tcdf-manda-empresas-recontratarem-centenas-de-vigilantes-demitidos","status":"publish","type":"post","link":"https:\/\/sindesvdf.com.br\/news\/tcdf-manda-empresas-recontratarem-centenas-de-vigilantes-demitidos\/","title":{"rendered":"Metropoles: TCDF manda empresas recontratarem centenas de vigilantes demitidos"},"content":{"rendered":"<h2 style=\"text-align: center;\"><span style=\"font-size: 20px; font-family: 'Titillium Web', sans-serif; color: #808080;\"><em>A decis\u00e3o foi un\u00e2nime entre os conselheiros e \u00e9 uma resposta \u00e0 representa\u00e7\u00e3o de deputados distritais e do sindicato da categoria<\/em><\/span><\/h2>\n<p><img loading=\"lazy\" decoding=\"async\" class=\"aligncenter wp-image-8727 size-large\" src=\"http:\/\/sindesvdf.com.br\/news\/wp-content\/uploads\/2017\/10\/WhatsApp-Image-2017-10-24-at-15.43.29-e1509016696571-790x448.jpeg\" alt=\"\" width=\"750\" height=\"425\" srcset=\"https:\/\/sindesvdf.com.br\/news\/wp-content\/uploads\/2017\/10\/WhatsApp-Image-2017-10-24-at-15.43.29-e1509016696571-790x448.jpeg 790w, https:\/\/sindesvdf.com.br\/news\/wp-content\/uploads\/2017\/10\/WhatsApp-Image-2017-10-24-at-15.43.29-e1509016696571-300x170.jpeg 300w, https:\/\/sindesvdf.com.br\/news\/wp-content\/uploads\/2017\/10\/WhatsApp-Image-2017-10-24-at-15.43.29-e1509016696571-768x436.jpeg 768w, https:\/\/sindesvdf.com.br\/news\/wp-content\/uploads\/2017\/10\/WhatsApp-Image-2017-10-24-at-15.43.29-e1509016696571-250x142.jpeg 250w, https:\/\/sindesvdf.com.br\/news\/wp-content\/uploads\/2017\/10\/WhatsApp-Image-2017-10-24-at-15.43.29-e1509016696571-150x85.jpeg 150w, https:\/\/sindesvdf.com.br\/news\/wp-content\/uploads\/2017\/10\/WhatsApp-Image-2017-10-24-at-15.43.29-e1509016696571.jpeg 1024w\" sizes=\"auto, (max-width: 750px) 100vw, 750px\" \/><\/p>\n<p>O Tribunal de Contas do Distrito Federal (TCDF) determinou que os vigilantes dispensados pelas empresas de contratos anteriores da Secretaria de Sa\u00fade e de Planejamento sejam readmitidos pelas novas companhias vencedoras do \u00faltimo preg\u00e3o eletr\u00f4nico (n\u00ba 15\/2017) para a contrata\u00e7\u00e3o de 6.232 profissionais, no valor de R$ 211 milh\u00f5es. Os conselheiros foram un\u00e2nimes na decis\u00e3o.<\/p>\n<p>Eles votaram com o relator, M\u00e1rcio Michel, e aceitaram sugest\u00e3o de Renato Rainha para que se cumpra a conven\u00e7\u00e3o coletiva da categoria; a Lei n\u00ba 4.794\/2012 e o edital de licita\u00e7\u00e3o imediatamente. As secretarias t\u00eam cinco dias para comunicar a ado\u00e7\u00e3o das medidas ao TCDF.<\/p>\n<p>As normas preveem que, ap\u00f3s novos certames, os funcion\u00e1rios demitidos sejam recontratados para que n\u00e3o haja descontinuidade dos servi\u00e7os. Principalmente, por se tratar de hospitais. <em>\u201cCerca de 500 vigilantes foram demitidos e a Ipanema n\u00e3o quis recontrat\u00e1-los. Pessoas com 23 anos de casa, que ficaram desempregadas. Eles estavam h\u00e1 12 dias trabalhando de gra\u00e7a para garantir os postos de trabalho\u201d<\/em>, afirmou o deputado Chico Vigilante (PT).<\/p>\n<p>O parlamentar \u00e9 um dos autores da representa\u00e7\u00e3o julgada pelo TCDF, nesta ter\u00e7a (24). Assinaram com ele o documento o deputado Cl\u00e1udio Abrantes (Sem Partido) e o Sindicato dos Vigilantes do DF (Sindesv-DF), que pediam a suspens\u00e3o do contrato para que as leis fossem obedecidas.<\/p>\n<p><strong>Lotes do preg\u00e3o eletr\u00f4nico<\/strong><br \/>\nA licita\u00e7\u00e3o tinha por objeto a contrata\u00e7\u00e3o, em 15 lotes, de servi\u00e7os especializados de vigil\u00e2ncia ostensiva armada e desarmada, diurna e noturna, fixa e motorizada, para atender o DF. Ganharam os lotes da Seplag, as empresas Confederal, Brasfort e Multiserv, que t\u00eam o contrato com 3,8 mil vigilantes. Na sa\u00fade, as vencedoras foram Ipanema, Bras\u00edlia Seguran\u00e7a, Aval e Visan, com 2,4 mil profissionais para trabalhar\u00a0em hospitais.<\/p>\n<p><em>\u201cA Ipanema n\u00e3o contratou os vigilantes demitidos e impediu as outras empresas de\u00a0chamar\u00a0os profissionais que prestavam servi\u00e7o para ela. Teve tamb\u00e9m um problema de remanejamento de vigilantes que trabalhavam em Planaltina, Sobradinho e S\u00e3o Sebasti\u00e3o. S\u00f3 quem cumpriu o contrato 100% foi a Confederal\u201d<\/em>, afirmou Gilmar Rodrigues, um dos diretores da entidade.<\/p>\n<p style=\"text-align: right;\"><em>Fonte: <span style=\"color: #ff0000;\">Metr\u00f3poles<\/span><\/em><\/p>\n<p>Veja a decis\u00e3o dos Conselheiros do TCDF <a href=\"http:\/\/sindesvdf.com.br\/news\/wp-content\/uploads\/2017\/10\/TERMO-DE-RECOMENDA\u00c7\u00c3O-MPC-DF-01-2017.pdf\" target=\"_blank\" rel=\"noopener noreferrer\"><strong>AQUI<\/strong><\/a><\/p>\n<p class=\"wpf_wrapper\"><a class=\"print_link\" href=\"\" target=\"_blank\">Preparar para impress\u00e3o<\/a><\/p><!-- .wpf_wrapper -->","protected":false},"excerpt":{"rendered":"<p>A decis\u00e3o foi un\u00e2nime entre os conselheiros e \u00e9 uma resposta \u00e0 representa\u00e7\u00e3o de deputados distritais e do sindicato da&hellip; <\/p>\n","protected":false},"author":1,"featured_media":0,"comment_status":"closed","ping_status":"closed","sticky":false,"template":"","format":"standard","meta":{"footnotes":""},"categories":[],"tags":[],"class_list":["post-8708","post","type-post","status-publish","format-standard","hentry"],"jetpack_featured_media_url":"","_links":{"self":[{"href":"https:\/\/sindesvdf.com.br\/news\/wp-json\/wp\/v2\/posts\/8708","targetHints":{"allow":["GET"]}}],"collection":[{"href":"https:\/\/sindesvdf.com.br\/news\/wp-json\/wp\/v2\/posts"}],"about":[{"href":"https:\/\/sindesvdf.com.br\/news\/wp-json\/wp\/v2\/types\/post"}],"author":[{"embeddable":true,"href":"https:\/\/sindesvdf.com.br\/news\/wp-json\/wp\/v2\/users\/1"}],"replies":[{"embeddable":true,"href":"https:\/\/sindesvdf.com.br\/news\/wp-json\/wp\/v2\/comments?post=8708"}],"version-history":[{"count":10,"href":"https:\/\/sindesvdf.com.br\/news\/wp-json\/wp\/v2\/posts\/8708\/revisions"}],"predecessor-version":[{"id":13342,"href":"https:\/\/sindesvdf.com.br\/news\/wp-json\/wp\/v2\/posts\/8708\/revisions\/13342"}],"wp:attachment":[{"href":"https:\/\/sindesvdf.com.br\/news\/wp-json\/wp\/v2\/media?parent=8708"}],"wp:term":[{"taxonomy":"category","embeddable":true,"href":"https:\/\/sindesvdf.com.br\/news\/wp-json\/wp\/v2\/categories?post=8708"},{"taxonomy":"post_tag","embeddable":true,"href":"https:\/\/sindesvdf.com.br\/news\/wp-json\/wp\/v2\/tags?post=8708"}],"curies":[{"name":"wp","href":"https:\/\/api.w.org\/{rel}","templated":true}]}}