{"id":8720,"date":"2017-10-24T18:35:15","date_gmt":"2017-10-24T20:35:15","guid":{"rendered":"http:\/\/sindesvdf.com.br\/news\/?p=8720"},"modified":"2019-08-20T16:00:55","modified_gmt":"2019-08-20T19:00:55","slug":"tcdf-determina-que-df-cumpra-convencao-e-garanta-recontratacao-de-vigilantes","status":"publish","type":"post","link":"https:\/\/sindesvdf.com.br\/news\/tcdf-determina-que-df-cumpra-convencao-e-garanta-recontratacao-de-vigilantes\/","title":{"rendered":"Blog do Edson Sombra: TCDF determina que DF cumpra conven\u00e7\u00e3o e garanta recontrata\u00e7\u00e3o de vigilantes"},"content":{"rendered":"<h2 style=\"text-align: center;\"><span style=\"font-size: 20px;\"><em><span style=\"font-family: 'Titillium Web', sans-serif;\">Na sess\u00e3o ordin\u00e1ria desta ter\u00e7a-feira (24), o Tribunal de Contas do Distrito Federal determinou o cumprimento imediato das normas que tratam da recontrata\u00e7\u00e3o dos vigilantes que j\u00e1 prestavam servi\u00e7os ao Governo do DF.<\/span><\/em><\/span><\/h2>\n<p><img loading=\"lazy\" decoding=\"async\" class=\"aligncenter wp-image-8721 size-large\" src=\"http:\/\/sindesvdf.com.br\/news\/wp-content\/uploads\/2017\/10\/WhatsApp-Image-2017-10-24-at-14.18.52-e1509016733892-790x488.jpeg\" alt=\"\" width=\"750\" height=\"463\" srcset=\"https:\/\/sindesvdf.com.br\/news\/wp-content\/uploads\/2017\/10\/WhatsApp-Image-2017-10-24-at-14.18.52-e1509016733892-790x488.jpeg 790w, https:\/\/sindesvdf.com.br\/news\/wp-content\/uploads\/2017\/10\/WhatsApp-Image-2017-10-24-at-14.18.52-e1509016733892-300x185.jpeg 300w, https:\/\/sindesvdf.com.br\/news\/wp-content\/uploads\/2017\/10\/WhatsApp-Image-2017-10-24-at-14.18.52-e1509016733892-768x474.jpeg 768w, https:\/\/sindesvdf.com.br\/news\/wp-content\/uploads\/2017\/10\/WhatsApp-Image-2017-10-24-at-14.18.52-e1509016733892-243x150.jpeg 243w, https:\/\/sindesvdf.com.br\/news\/wp-content\/uploads\/2017\/10\/WhatsApp-Image-2017-10-24-at-14.18.52-e1509016733892-150x93.jpeg 150w, https:\/\/sindesvdf.com.br\/news\/wp-content\/uploads\/2017\/10\/WhatsApp-Image-2017-10-24-at-14.18.52-e1509016733892.jpeg 1152w\" sizes=\"auto, (max-width: 750px) 100vw, 750px\" \/><\/p>\n<p>Este ano, a Secretaria de Estado de Planejamento, Or\u00e7amento e Gest\u00e3o (Seplag) lan\u00e7ou o Preg\u00e3o Eletr\u00f4nico n\u00ba 15\/2017. Essa licita\u00e7\u00e3o tinha por objeto a contrata\u00e7\u00e3o, em 15 lotes, de servi\u00e7os especializados de vigil\u00e2ncia ostensiva armada e desarmada, diurna e noturna, fixa e motorizada, para atender o DF. Conforme a Lei Distrital n\u00ba 4.794\/2012, a Conven\u00e7\u00e3o Coletiva de Trabalho e o pr\u00f3prio edital do certame, as empresas vencedoras deveriam aproveitar os profissionais j\u00e1 vinculados \u00e0 prestadora de servi\u00e7o anterior.<\/p>\n<p>Por meio do Processo 12.593\/2016, o TCDF analisou as representa\u00e7\u00f5es dos deputados distritais Claudio Abrantes e Chico Vigilante e do Sindicato dos Empregados em Empresas de Seguran\u00e7a e Vigil\u00e2ncia do Distrito Federal (Sindesv). As pe\u00e7as trouxeram informa\u00e7\u00f5es sobre o poss\u00edvel descumprimento das normas, por parte das contratadas, especialmente na Secretaria de Sa\u00fade. Segundo os representantes, a medida poderia <em>\u201cdeixar desempregados centenas de vigilantes que prestam servi\u00e7os h\u00e1 anos para o DF\u201d<\/em>. Entre os documentos apresentados est\u00e3o c\u00f3pias de avisos pr\u00e9vios expedidos.<\/p>\n<p>A SES e a Seplag t\u00eam cinco dias para encaminhar ao Tribunal documenta\u00e7\u00e3o comprovando as medidas adotadas para corre\u00e7\u00e3o de eventuais desvios relativos a esses contratos.<\/p>\n<p style=\"text-align: right;\"><em>Fonte: <span style=\"color: #ff0000;\">Blog do Edson Sombra<\/span><\/em><\/p>\n<p>Veja a decis\u00e3o dos Conselheiros do TCDF <a href=\"http:\/\/sindesvdf.com.br\/news\/wp-content\/uploads\/2017\/10\/TERMO-DE-RECOMENDA\u00c7\u00c3O-MPC-DF-01-2017.pdf\" target=\"_blank\" rel=\"noopener noreferrer\"><strong>AQUI<\/strong><\/a><\/p>\n<p class=\"wpf_wrapper\"><a class=\"print_link\" href=\"\" target=\"_blank\">Preparar para impress\u00e3o<\/a><\/p><!-- .wpf_wrapper -->","protected":false},"excerpt":{"rendered":"<p>Na sess\u00e3o ordin\u00e1ria desta ter\u00e7a-feira (24), o Tribunal de Contas do Distrito Federal determinou o cumprimento imediato das normas que&hellip; <\/p>\n","protected":false},"author":1,"featured_media":0,"comment_status":"closed","ping_status":"closed","sticky":false,"template":"","format":"standard","meta":{"footnotes":""},"categories":[],"tags":[],"class_list":["post-8720","post","type-post","status-publish","format-standard","hentry"],"jetpack_featured_media_url":"","_links":{"self":[{"href":"https:\/\/sindesvdf.com.br\/news\/wp-json\/wp\/v2\/posts\/8720","targetHints":{"allow":["GET"]}}],"collection":[{"href":"https:\/\/sindesvdf.com.br\/news\/wp-json\/wp\/v2\/posts"}],"about":[{"href":"https:\/\/sindesvdf.com.br\/news\/wp-json\/wp\/v2\/types\/post"}],"author":[{"embeddable":true,"href":"https:\/\/sindesvdf.com.br\/news\/wp-json\/wp\/v2\/users\/1"}],"replies":[{"embeddable":true,"href":"https:\/\/sindesvdf.com.br\/news\/wp-json\/wp\/v2\/comments?post=8720"}],"version-history":[{"count":4,"href":"https:\/\/sindesvdf.com.br\/news\/wp-json\/wp\/v2\/posts\/8720\/revisions"}],"predecessor-version":[{"id":13341,"href":"https:\/\/sindesvdf.com.br\/news\/wp-json\/wp\/v2\/posts\/8720\/revisions\/13341"}],"wp:attachment":[{"href":"https:\/\/sindesvdf.com.br\/news\/wp-json\/wp\/v2\/media?parent=8720"}],"wp:term":[{"taxonomy":"category","embeddable":true,"href":"https:\/\/sindesvdf.com.br\/news\/wp-json\/wp\/v2\/categories?post=8720"},{"taxonomy":"post_tag","embeddable":true,"href":"https:\/\/sindesvdf.com.br\/news\/wp-json\/wp\/v2\/tags?post=8720"}],"curies":[{"name":"wp","href":"https:\/\/api.w.org\/{rel}","templated":true}]}}