{"id":8725,"date":"2017-10-24T18:49:06","date_gmt":"2017-10-24T20:49:06","guid":{"rendered":"http:\/\/sindesvdf.com.br\/news\/?p=8725"},"modified":"2019-08-20T16:00:25","modified_gmt":"2019-08-20T19:00:25","slug":"g1-vigilantes-que-ja-prestaram-servico-ao-gdf-devem-ser-readmitidos-diz-tribunal","status":"publish","type":"post","link":"https:\/\/sindesvdf.com.br\/news\/g1-vigilantes-que-ja-prestaram-servico-ao-gdf-devem-ser-readmitidos-diz-tribunal\/","title":{"rendered":"G1: Vigilantes que j\u00e1 prestaram servi\u00e7o ao GDF devem ser readmitidos, diz tribunal"},"content":{"rendered":"<h2 class=\"content-head__subtitle\" style=\"text-align: center;\"><span style=\"font-size: 20px;\"><em><span style=\"font-family: 'Titillium Web', sans-serif;\">Contratos novos resultaram em mil demiss\u00f5es, dizem distritais; lei de 2012 prev\u00ea que eles sejam absorvidos pelas novas empresas. Tribunal de Contas deu cinco dias para governo resolver o caso.<\/span><\/em><\/span><\/h2>\n<p><img loading=\"lazy\" decoding=\"async\" class=\"aligncenter wp-image-8727 size-large\" src=\"http:\/\/sindesvdf.com.br\/news\/wp-content\/uploads\/2017\/10\/WhatsApp-Image-2017-10-24-at-15.43.29-e1509016696571-790x448.jpeg\" alt=\"\" width=\"750\" height=\"425\" srcset=\"https:\/\/sindesvdf.com.br\/news\/wp-content\/uploads\/2017\/10\/WhatsApp-Image-2017-10-24-at-15.43.29-e1509016696571-790x448.jpeg 790w, https:\/\/sindesvdf.com.br\/news\/wp-content\/uploads\/2017\/10\/WhatsApp-Image-2017-10-24-at-15.43.29-e1509016696571-300x170.jpeg 300w, https:\/\/sindesvdf.com.br\/news\/wp-content\/uploads\/2017\/10\/WhatsApp-Image-2017-10-24-at-15.43.29-e1509016696571-768x436.jpeg 768w, https:\/\/sindesvdf.com.br\/news\/wp-content\/uploads\/2017\/10\/WhatsApp-Image-2017-10-24-at-15.43.29-e1509016696571-250x142.jpeg 250w, https:\/\/sindesvdf.com.br\/news\/wp-content\/uploads\/2017\/10\/WhatsApp-Image-2017-10-24-at-15.43.29-e1509016696571-150x85.jpeg 150w, https:\/\/sindesvdf.com.br\/news\/wp-content\/uploads\/2017\/10\/WhatsApp-Image-2017-10-24-at-15.43.29-e1509016696571.jpeg 1024w\" sizes=\"auto, (max-width: 750px) 100vw, 750px\" \/><\/p>\n<p>O Tribunal de Contas do Distrito Federal determinou, nesta ter\u00e7a-feira (24), que o governo e as empresas terceirizadas de vigil\u00e2ncia recontratem os profissionais do setor que foram demitidos, neste ano, durante a troca dos contratos. Segundo a decis\u00e3o, esses trabalhadores s\u00e3o protegidos por uma lei de 2012, e devem ser readmitidos.<\/p>\n<div class=\"mc-column content-text active-extra-styles \" data-block-type=\"unstyled\" data-block-weight=\"56\">\n<p class=\"content-text__container \" data-track-category=\"Link no Texto\" data-track-links=\"\">A decis\u00e3o se refere textualmente \u00e0s secretarias de Sa\u00fade \u2013 que gerencia os pr\u00f3prios vigilantes \u2013 e de Planejamento, que cuida da vigil\u00e2ncia dos demais pr\u00e9dios p\u00fablicos. As pastas t\u00eam cinco dias para corrigir os processos e enviar, de volta ao tribunal, documentos que comprovem as recontrata\u00e7\u00f5es. O\u00a0<strong>G1\u00a0<\/strong>aguarda retorno do governo sobre o assunto.<\/p>\n<\/div>\n<div class=\"mc-column content-text active-extra-styles \" data-block-type=\"unstyled\" data-block-weight=\"41\">\n<p class=\"content-text__container \" data-track-category=\"Link no Texto\" data-track-links=\"\">De acordo com o processo, o preg\u00e3o eletr\u00f4nico que renovou os contratos de vigil\u00e2ncia foi lan\u00e7ado pelo Planejamento neste ano, dividido em 15 lotes. A licita\u00e7\u00e3o previa servi\u00e7os especializados de <em>&#8220;vigil\u00e2ncia ostensiva armada e desarmada, diurna e noturna, fixa e motorizada&#8221;.<\/em><\/p>\n<\/div>\n<div class=\"mc-column content-text active-extra-styles\" data-block-type=\"raw\" data-block-weight=\"2\">\n<div class=\"content-intertitle\">\n<p><strong>Contrato pendente<\/strong><br \/>\n<span style=\"font-size: 16px;\">Segundo a representa\u00e7\u00e3o dos deputados Chico Vigilante (PT) e Claudio Abrantes (sem partido), os novos contratos firmados resultaram na demiss\u00e3o de mais de 1 mil vigilantes. No entendimento do tribunal, as dispensas afrontam uma lei distrital de 2012, que prev\u00ea a recontrata\u00e7\u00e3o, pelas novas empresas, dos trabalhadores que estavam vinculados \u00e0s firmas anteriores.<\/span><\/p>\n<\/div>\n<\/div>\n<div class=\"mc-column content-text active-extra-styles \" data-block-type=\"unstyled\" data-block-weight=\"38\">\n<p class=\"content-text__container \" data-track-category=\"Link no Texto\" data-track-links=\"\"><em>&#8220;A empresa que perde o lote sai, faz a rescis\u00e3o, e a empresa vencedora entra e efetua a contrata\u00e7\u00e3o. \u00c9 uma grande vit\u00f3ria para todos, e a gente espera o cumprimento da decis\u00e3o&#8221;<\/em>, afirmou Abrantes, ap\u00f3s o resultado.<\/p>\n<\/div>\n<div class=\"mc-column content-text active-extra-styles \" data-block-type=\"unstyled\" data-block-weight=\"44\">\n<p class=\"content-text__container \" data-track-category=\"Link no Texto\" data-track-links=\"\">Segundo Chico Vigilante, os contratos foram assinados entre setembro e outubro deste ano e, desde ent\u00e3o, os profissionais demitidos se negam a abandonar os postos. De acordo com o distrital, pelo menos seis empresas que venceram o preg\u00e3o mais recente est\u00e3o descumprindo a lei.<\/p>\n<\/div>\n<div class=\"mc-column content-text active-extra-styles \" data-block-type=\"unstyled\" data-block-weight=\"47\">\n<p class=\"content-text__container \" data-track-category=\"Link no Texto\" data-track-links=\"\"><em>&#8220;A\u00ed voc\u00ea pega os hospitais de Planaltina, de Sobradinho, a UPA de S\u00e3o Sebasti\u00e3o, o Hospital de Apoio, o Hospital Psiqui\u00e1trico (HPAP), o Hospital Materno Infantil (HMIB), e est\u00e1 todo mundo trabalhando de gra\u00e7a. S\u00e3o 12 dias ocupando os postos de trabalho, sem banho, sem nada&#8221;<\/em>, afirma.<\/p>\n<article>\n<div data-track-category=\"fim do conteudo\" data-track-action=\"ultimo chunk conteudo\" data-track-noninteraction=\"false\" data-track-scroll=\"entrada completa viewport\">\n<div class=\"mc-column content-text active-extra-styles \" data-block-type=\"unstyled\" data-block-weight=\"51\">\n<p class=\"content-text__container \" data-track-category=\"Link no Texto\" data-track-links=\"\">Vigilante diz que, entre os demitidos, h\u00e1 profissionais que atuam h\u00e1 23 anos no mesmo posto de vigil\u00e2ncia \u2013 e est\u00e3o a dois anos de dist\u00e2ncia da aposentadoria.<em> &#8220;Eles nem querem cobrar esses dias retroativos, que est\u00e3o trabalhando de gra\u00e7a. N\u00e3o querem falar em sal\u00e1rio, mas sim, em garantia de emprego.&#8221;<\/em><\/p>\n<\/div>\n<\/div>\n<\/article>\n<div class=\"mc-column entities\">\n<p style=\"text-align: right;\"><em>Fonte: <span style=\"color: #ff0000;\">G1<\/span><\/em><\/p>\n<p>Veja a decis\u00e3o dos Conselheiros do TCDF <a href=\"http:\/\/sindesvdf.com.br\/news\/wp-content\/uploads\/2017\/10\/TERMO-DE-RECOMENDA\u00c7\u00c3O-MPC-DF-01-2017.pdf\" target=\"_blank\" rel=\"noopener noreferrer\"><strong>AQUI<\/strong><\/a><\/p>\n<\/div>\n<\/div>\n<p class=\"wpf_wrapper\"><a class=\"print_link\" href=\"\" target=\"_blank\">Preparar para impress\u00e3o<\/a><\/p><!-- .wpf_wrapper -->","protected":false},"excerpt":{"rendered":"<p>Contratos novos resultaram em mil demiss\u00f5es, dizem distritais; lei de 2012 prev\u00ea que eles sejam absorvidos pelas novas empresas. Tribunal&hellip; <\/p>\n","protected":false},"author":1,"featured_media":0,"comment_status":"closed","ping_status":"closed","sticky":false,"template":"","format":"standard","meta":{"footnotes":""},"categories":[],"tags":[],"class_list":["post-8725","post","type-post","status-publish","format-standard","hentry"],"jetpack_featured_media_url":"","_links":{"self":[{"href":"https:\/\/sindesvdf.com.br\/news\/wp-json\/wp\/v2\/posts\/8725","targetHints":{"allow":["GET"]}}],"collection":[{"href":"https:\/\/sindesvdf.com.br\/news\/wp-json\/wp\/v2\/posts"}],"about":[{"href":"https:\/\/sindesvdf.com.br\/news\/wp-json\/wp\/v2\/types\/post"}],"author":[{"embeddable":true,"href":"https:\/\/sindesvdf.com.br\/news\/wp-json\/wp\/v2\/users\/1"}],"replies":[{"embeddable":true,"href":"https:\/\/sindesvdf.com.br\/news\/wp-json\/wp\/v2\/comments?post=8725"}],"version-history":[{"count":7,"href":"https:\/\/sindesvdf.com.br\/news\/wp-json\/wp\/v2\/posts\/8725\/revisions"}],"predecessor-version":[{"id":13340,"href":"https:\/\/sindesvdf.com.br\/news\/wp-json\/wp\/v2\/posts\/8725\/revisions\/13340"}],"wp:attachment":[{"href":"https:\/\/sindesvdf.com.br\/news\/wp-json\/wp\/v2\/media?parent=8725"}],"wp:term":[{"taxonomy":"category","embeddable":true,"href":"https:\/\/sindesvdf.com.br\/news\/wp-json\/wp\/v2\/categories?post=8725"},{"taxonomy":"post_tag","embeddable":true,"href":"https:\/\/sindesvdf.com.br\/news\/wp-json\/wp\/v2\/tags?post=8725"}],"curies":[{"name":"wp","href":"https:\/\/api.w.org\/{rel}","templated":true}]}}