{"id":8744,"date":"2017-10-25T16:28:17","date_gmt":"2017-10-25T18:28:17","guid":{"rendered":"http:\/\/sindesvdf.com.br\/news\/?p=8744"},"modified":"2019-08-20T15:57:44","modified_gmt":"2019-08-20T18:57:44","slug":"cntv-vigilantes-pressionam-e-tcdf-manda-recontratar-trabalhadores-demitidos","status":"publish","type":"post","link":"https:\/\/sindesvdf.com.br\/news\/cntv-vigilantes-pressionam-e-tcdf-manda-recontratar-trabalhadores-demitidos\/","title":{"rendered":"CNTV: Vigilantes pressionam e TCDF manda recontratar trabalhadores demitidos"},"content":{"rendered":"<p><img loading=\"lazy\" decoding=\"async\" class=\"wp-image-8745 size-large\" src=\"http:\/\/sindesvdf.com.br\/news\/wp-content\/uploads\/2017\/10\/boletim-cntv-25-10-2017-4-790x420.jpg\" alt=\"\" width=\"750\" height=\"399\" srcset=\"https:\/\/sindesvdf.com.br\/news\/wp-content\/uploads\/2017\/10\/boletim-cntv-25-10-2017-4-790x420.jpg 790w, https:\/\/sindesvdf.com.br\/news\/wp-content\/uploads\/2017\/10\/boletim-cntv-25-10-2017-4-300x160.jpg 300w, https:\/\/sindesvdf.com.br\/news\/wp-content\/uploads\/2017\/10\/boletim-cntv-25-10-2017-4-768x409.jpg 768w, https:\/\/sindesvdf.com.br\/news\/wp-content\/uploads\/2017\/10\/boletim-cntv-25-10-2017-4-250x133.jpg 250w, https:\/\/sindesvdf.com.br\/news\/wp-content\/uploads\/2017\/10\/boletim-cntv-25-10-2017-4-150x80.jpg 150w, https:\/\/sindesvdf.com.br\/news\/wp-content\/uploads\/2017\/10\/boletim-cntv-25-10-2017-4.jpg 1280w\" sizes=\"auto, (max-width: 750px) 100vw, 750px\" \/><\/p>\n<p>Centenas de vigilantes lotaram o\u00a0plen\u00e1rio do Tribunal de Contas do Distrito\u00a0Federal (TCDF) na tarde de\u00a025\/10 e comemoram mais uma vit\u00f3ria.\u00a0Por unanimidade, os sete conselheiros\u00a0da corte do TCDF deram aval positivo \u00e0\u00a0representa\u00e7\u00e3o impetrada pelo deputado\u00a0e diretor da CNTV, Chico Vigilante (PT) e\u00a0pelo Sindicato dos Vigilantes de Bras\u00edlia\u00a0(Sindesv-DF).<br \/>\nForam quase duas semanas de intensa\u00a0mobiliza\u00e7\u00e3o, agora, os vigilantes lotados\u00a0nos hospitais regionais de Sobradinho,\u00a0Planaltina e no Hospital Materno Infantil\u00a0de Bras\u00edlia (HMIB), dever\u00e3o voltar aos\u00a0postos de trabalho.<\/p>\n<p>Chico Vigilante, autor da Lei 4.794,\u00a0comemorou a decis\u00e3o. <em>\u201cPara n\u00f3s, o\u00a0resultado foi sem d\u00favida, uma grande\u00a0vit\u00f3ria. O TCDF avaliou que estamos com\u00a0a raz\u00e3o e deu um prazo de cinco dias\u00a0para que as empresas e as secretarias\u00a0de Sa\u00fade e Planejamento cumpram a lei.\u00a0Seria uma injusti\u00e7a demitir trabalhadores\u00a0com mais de 23 anos de casa\u201d<\/em>, explicou.<\/p>\n<p>J\u00e1 o presidente do Sindesv-df, Paulo\u00a0Quadros, agradeceu aos vigilantes pela\u00a0ampla participa\u00e7\u00e3o. <em>\u201cEste resultado\u00a0comprova que vale a pena lutar, manter\u00a0a unidade e, principalmente, seguir\u00a0as orienta\u00e7\u00f5es desta dire\u00e7\u00e3o que\u00a0tem compromisso com a categoria.\u00a0Permaneceremos atentos e fiscalizando\u00a0at\u00e9 que cada vigilante retorne ao local de\u00a0trabalho. Agora \u00e9 ter paci\u00eancia e seguir\u00a0firme nos pr\u00f3ximos enfrentamentos, pois\u00a0o\u00a0<\/em><em>Sindesv jamais abandonar\u00e1 nenhum\u00a0trabalhador ou trabalhadora\u201d<\/em>, afirmou.<\/p>\n<p><em>\u201cN\u00f3s estamos lidando com vidas.\u00a0Em um momento de dificuldade \u00e9\u00a0doloroso perceber que ao inv\u00e9s de criar\u00a0est\u00e3o retirando empregos\u201d<\/em> afirmou\u00a0o conselheiro Marcio Michel em seu\u00a0discurso.<\/p>\n<p><span style=\"font-size: 20px;\"><strong>Enfrentamento<\/strong><\/span><br \/>\nAs empresas Visan, Aval, Ipanema e\u00a0Bras\u00edlia Seguran\u00e7a foram vencedoras da\u00a0\u00faltima licita\u00e7\u00e3o para o servi\u00e7o com valor\u00a0estimado de mais de R$ 211 milh\u00f5es.\u00a0E de acordo com previsto na Lei 4.794\u00a0e na Conven\u00e7\u00e3o Coletiva de Trabalho\u00a0da categoria, as empresas ganhadoras\u00a0devem assegurar a perman\u00eancia dos\u00a0trabalhadores em seus postos diante da\u00a0mudan\u00e7a de empresa que presta o servi\u00e7o\u00a0terceirizado. No entanto, os patr\u00f5es\u00a0negligenciaram a lei, as secretarias se\u00a0omitiram e o resultado foi brutal: centenas\u00a0de vigilantes, pais e m\u00e3es de fam\u00edlia\u00a0desempregados.<\/p>\n<p><em>\u201cFoi um \u00e1rduo trabalho realizado por\u00a0toda a nossa categoria para garantirmos\u00a0os direitos de todos. Diversos atos,\u00a0assembleias, a\u00e7\u00f5es, audi\u00eancias&#8230; uma\u00a0verdadeira peregrina\u00e7\u00e3o. Agora \u00e9 o\u00a0momento de continuarmos firmes e\u00a0lutarmos por novas conquistas. Avante,\u00a0<\/em><em>companheiros!\u201d<\/em> concluiu Jos\u00e9 Maria de\u00a0Oliveira, diretor da CNTV e do Sindesv-DF.<\/p>\n<p style=\"text-align: right;\"><em>Fonte:<span style=\"color: #ff0000;\"> Boletim\u00a0CNTV<\/span><\/em><\/p>\n<p>Veja a decis\u00e3o dos Conselheiros do TCDF <a href=\"http:\/\/sindesvdf.com.br\/news\/wp-content\/uploads\/2017\/10\/TERMO-DE-RECOMENDA\u00c7\u00c3O-MPC-DF-01-2017.pdf\" target=\"_blank\" rel=\"noopener noreferrer\"><strong>AQUI<\/strong><\/a><\/p>\n<p class=\"wpf_wrapper\"><a class=\"print_link\" href=\"\" target=\"_blank\">Preparar para impress\u00e3o<\/a><\/p><!-- .wpf_wrapper -->","protected":false},"excerpt":{"rendered":"<p>Centenas de vigilantes lotaram o\u00a0plen\u00e1rio do Tribunal de Contas do Distrito\u00a0Federal (TCDF) na tarde de\u00a025\/10 e comemoram mais uma vit\u00f3ria.\u00a0Por&hellip; <\/p>\n","protected":false},"author":1,"featured_media":0,"comment_status":"closed","ping_status":"closed","sticky":false,"template":"","format":"standard","meta":{"footnotes":""},"categories":[],"tags":[],"class_list":["post-8744","post","type-post","status-publish","format-standard","hentry"],"jetpack_featured_media_url":"","_links":{"self":[{"href":"https:\/\/sindesvdf.com.br\/news\/wp-json\/wp\/v2\/posts\/8744","targetHints":{"allow":["GET"]}}],"collection":[{"href":"https:\/\/sindesvdf.com.br\/news\/wp-json\/wp\/v2\/posts"}],"about":[{"href":"https:\/\/sindesvdf.com.br\/news\/wp-json\/wp\/v2\/types\/post"}],"author":[{"embeddable":true,"href":"https:\/\/sindesvdf.com.br\/news\/wp-json\/wp\/v2\/users\/1"}],"replies":[{"embeddable":true,"href":"https:\/\/sindesvdf.com.br\/news\/wp-json\/wp\/v2\/comments?post=8744"}],"version-history":[{"count":5,"href":"https:\/\/sindesvdf.com.br\/news\/wp-json\/wp\/v2\/posts\/8744\/revisions"}],"predecessor-version":[{"id":13338,"href":"https:\/\/sindesvdf.com.br\/news\/wp-json\/wp\/v2\/posts\/8744\/revisions\/13338"}],"wp:attachment":[{"href":"https:\/\/sindesvdf.com.br\/news\/wp-json\/wp\/v2\/media?parent=8744"}],"wp:term":[{"taxonomy":"category","embeddable":true,"href":"https:\/\/sindesvdf.com.br\/news\/wp-json\/wp\/v2\/categories?post=8744"},{"taxonomy":"post_tag","embeddable":true,"href":"https:\/\/sindesvdf.com.br\/news\/wp-json\/wp\/v2\/tags?post=8744"}],"curies":[{"name":"wp","href":"https:\/\/api.w.org\/{rel}","templated":true}]}}