{"id":8762,"date":"2017-10-27T13:37:10","date_gmt":"2017-10-27T15:37:10","guid":{"rendered":"http:\/\/sindesvdf.com.br\/news\/?p=8762"},"modified":"2019-08-20T15:59:01","modified_gmt":"2019-08-20T18:59:01","slug":"vigilantes-em-defesa-do-emprego","status":"publish","type":"post","link":"https:\/\/sindesvdf.com.br\/news\/vigilantes-em-defesa-do-emprego\/","title":{"rendered":"Vigilantes continuam na luta em defesa do emprego!"},"content":{"rendered":"<p><span style=\"font-size: 48px; color: #000080;\"><em><span style=\"font-family: 'Titillium Web', sans-serif;\">Vigilantes continuam na luta<\/span><\/em><\/span><\/p>\n<p><span style=\"font-size: 48px; color: #ff0000; font-family: 'Alfa Slab One', sans-serif;\"><strong>EM DEFESA DO EMPREGO!<\/strong><\/span><\/p>\n<p><img loading=\"lazy\" decoding=\"async\" class=\"alignleft size-medium wp-image-8770\" src=\"http:\/\/sindesvdf.com.br\/news\/wp-content\/uploads\/2017\/10\/Em-defesa-do-emprego-300x300.jpeg\" alt=\"\" width=\"300\" height=\"300\" srcset=\"https:\/\/sindesvdf.com.br\/news\/wp-content\/uploads\/2017\/10\/Em-defesa-do-emprego-300x300.jpeg 300w, https:\/\/sindesvdf.com.br\/news\/wp-content\/uploads\/2017\/10\/Em-defesa-do-emprego-150x150.jpeg 150w, https:\/\/sindesvdf.com.br\/news\/wp-content\/uploads\/2017\/10\/Em-defesa-do-emprego-768x768.jpeg 768w, https:\/\/sindesvdf.com.br\/news\/wp-content\/uploads\/2017\/10\/Em-defesa-do-emprego-790x790.jpeg 790w, https:\/\/sindesvdf.com.br\/news\/wp-content\/uploads\/2017\/10\/Em-defesa-do-emprego.jpeg 1024w\" sizes=\"auto, (max-width: 300px) 100vw, 300px\" \/><\/p>\n<p style=\"text-align: center;\"><span style=\"font-family: 'Titillium Web', sans-serif; font-size: 22px;\"><em>Aten\u00e7\u00e3o Vigilantes que prestam servi\u00e7o na Secret\u00e1ria de Sa\u00fade (Hospitais, Postos de Sa\u00fade e UPAS de Sobradinho, Planaltina, HMIB, Hospital de Apoio e Hospital S\u00e3o Vicente de Paula (HSVP). Postos de Sa\u00fade da Fam\u00edlia e Upa de S\u00e3o Sebasti\u00e3o!<\/em><\/span><br \/>\n<span style=\"font-family: 'Titillium Web', sans-serif; font-size: 22px; color: #000080;\"><em> -Empresas Bras\u00edlia, Ipanema e Confederal &#8211;<\/em><\/span><\/p>\n<p style=\"text-align: center;\"><span style=\"font-family: 'Titillium Web', sans-serif; font-size: 22px;\"><em>E Vigilantes que prestam servi\u00e7o na SEPLAG que foram demitidos e\/ou remanejados!<\/em><\/span><br \/>\n<span style=\"font-family: 'Titillium Web', sans-serif; font-size: 22px; color: #000080;\"><em> -Empresas Brasfort e Multserv &#8211;<\/em><\/span><\/p>\n<p>Os conselheiros do Tribunal de Contas do Distrito Federal (<strong>TCDF<\/strong>) intimaram a Secretaria de Planejamento e Gest\u00e3o (SEPLAG) e a Secretaria de Sa\u00fade do GDF para que fa\u00e7am as empresas <strong>cumprirem<\/strong> a Lei n\u00ba 4.794\/12 de autoria de Chico Vigilante que determina o aproveitamento dos trabalhadores nos mesmos postos de trabalho, quando h\u00e1 substitui\u00e7\u00e3o de uma prestadora de servi\u00e7o por outra mediante nova licita\u00e7\u00e3o, como \u00e9 o caso dos contratos de servi\u00e7os de vigil\u00e2ncia. Al\u00e9m disso, <strong>o pr\u00f3prio edital<\/strong> que convocou a licita\u00e7\u00e3o,<strong> fala no cumprimento da legisla\u00e7\u00e3o e da CCT<\/strong>.<\/p>\n<p>Informamos a todos e todas que <strong>o Sindicato est\u00e1 atento e aguardando<\/strong> o cumprimento do determinado pelo Tribunal de Contas pelo GDF.<\/p>\n<p>Esperamos, sinceramente, que o GDF, assim como as empresas cumpram a Lei com a perman\u00eancia de todos os vigilantes em seus postos de trabalho ou recontrata\u00e7\u00e3o daqueles que j\u00e1 foram demitidos.<\/p>\n<p>Fiquem atentos e mobilizados. A nossa luta \u00e9 e sempre ser\u00e1 em defesa dos interesses dos vigilantes. Vamos aguardar os prazos propostos pelo TCDF esperando que tudo se resolva em benef\u00edcio do trabalhador.<\/p>\n<p>Caso contr\u00e1rio, a luta continua.<\/p>\n<hr \/>\n<p style=\"text-align: center;\"><strong>SindesvDF<\/strong> &#8211; <em>Sempre vigilante em defesa da categoria!<\/em><\/p>\n<p class=\"wpf_wrapper\"><a class=\"print_link\" href=\"\" target=\"_blank\">Preparar para impress\u00e3o<\/a><\/p><!-- .wpf_wrapper -->","protected":false},"excerpt":{"rendered":"<p>Vigilantes continuam na luta EM DEFESA DO EMPREGO! Aten\u00e7\u00e3o Vigilantes que prestam servi\u00e7o na Secret\u00e1ria de Sa\u00fade (Hospitais, Postos de&hellip; <\/p>\n","protected":false},"author":1,"featured_media":0,"comment_status":"closed","ping_status":"closed","sticky":false,"template":"","format":"standard","meta":{"footnotes":""},"categories":[],"tags":[],"class_list":["post-8762","post","type-post","status-publish","format-standard","hentry"],"jetpack_featured_media_url":"","_links":{"self":[{"href":"https:\/\/sindesvdf.com.br\/news\/wp-json\/wp\/v2\/posts\/8762","targetHints":{"allow":["GET"]}}],"collection":[{"href":"https:\/\/sindesvdf.com.br\/news\/wp-json\/wp\/v2\/posts"}],"about":[{"href":"https:\/\/sindesvdf.com.br\/news\/wp-json\/wp\/v2\/types\/post"}],"author":[{"embeddable":true,"href":"https:\/\/sindesvdf.com.br\/news\/wp-json\/wp\/v2\/users\/1"}],"replies":[{"embeddable":true,"href":"https:\/\/sindesvdf.com.br\/news\/wp-json\/wp\/v2\/comments?post=8762"}],"version-history":[{"count":9,"href":"https:\/\/sindesvdf.com.br\/news\/wp-json\/wp\/v2\/posts\/8762\/revisions"}],"predecessor-version":[{"id":8775,"href":"https:\/\/sindesvdf.com.br\/news\/wp-json\/wp\/v2\/posts\/8762\/revisions\/8775"}],"wp:attachment":[{"href":"https:\/\/sindesvdf.com.br\/news\/wp-json\/wp\/v2\/media?parent=8762"}],"wp:term":[{"taxonomy":"category","embeddable":true,"href":"https:\/\/sindesvdf.com.br\/news\/wp-json\/wp\/v2\/categories?post=8762"},{"taxonomy":"post_tag","embeddable":true,"href":"https:\/\/sindesvdf.com.br\/news\/wp-json\/wp\/v2\/tags?post=8762"}],"curies":[{"name":"wp","href":"https:\/\/api.w.org\/{rel}","templated":true}]}}