{"id":8848,"date":"2017-11-07T15:54:55","date_gmt":"2017-11-07T17:54:55","guid":{"rendered":"http:\/\/sindesvdf.com.br\/news\/?p=8848"},"modified":"2019-08-20T16:36:46","modified_gmt":"2019-08-20T19:36:46","slug":"em-defesa-do-emprego-sindicato-e-deputada-erika-kokay-se-reunem-com-vice-procurador-geral-do-trabalho","status":"publish","type":"post","link":"https:\/\/sindesvdf.com.br\/news\/em-defesa-do-emprego-sindicato-e-deputada-erika-kokay-se-reunem-com-vice-procurador-geral-do-trabalho\/","title":{"rendered":"Em defesa do emprego, Sindicato e deputada Erika Kokay se re\u00fanem com vice procurador geral do Trabalho"},"content":{"rendered":"<p><img loading=\"lazy\" decoding=\"async\" class=\"aligncenter size-large wp-image-8853\" src=\"http:\/\/sindesvdf.com.br\/news\/wp-content\/uploads\/2017\/11\/WhatsApp-Image-2017-11-07-at-13.57.36-790x444.jpeg\" alt=\"\" width=\"750\" height=\"422\" srcset=\"https:\/\/sindesvdf.com.br\/news\/wp-content\/uploads\/2017\/11\/WhatsApp-Image-2017-11-07-at-13.57.36-790x444.jpeg 790w, https:\/\/sindesvdf.com.br\/news\/wp-content\/uploads\/2017\/11\/WhatsApp-Image-2017-11-07-at-13.57.36-300x169.jpeg 300w, https:\/\/sindesvdf.com.br\/news\/wp-content\/uploads\/2017\/11\/WhatsApp-Image-2017-11-07-at-13.57.36-768x432.jpeg 768w, https:\/\/sindesvdf.com.br\/news\/wp-content\/uploads\/2017\/11\/WhatsApp-Image-2017-11-07-at-13.57.36-250x141.jpeg 250w, https:\/\/sindesvdf.com.br\/news\/wp-content\/uploads\/2017\/11\/WhatsApp-Image-2017-11-07-at-13.57.36-150x84.jpeg 150w, https:\/\/sindesvdf.com.br\/news\/wp-content\/uploads\/2017\/11\/WhatsApp-Image-2017-11-07-at-13.57.36.jpeg 1040w\" sizes=\"auto, (max-width: 750px) 100vw, 750px\" \/><\/p>\n<p>Na manh\u00e3 desta ter\u00e7a, 07\/11, diretores do Sindicato dos Vigilantes do DF, juntamente com a deputada Federal Erika Kokay, se reuniram com o vice procurador geral do Trabalho, Dr. Luiz Eduardo Guimar\u00e3es Bojart, do Minist\u00e9rio P\u00fablico Federal do Trabalho.<\/p>\n<p>A audi\u00eancia teve como objetivo denunciar o GDF\/Secretaria de Sa\u00fade\/Secretaria de Planejamento e Gest\u00e3o pelo descumprimento do disposto no Edital de Licita\u00e7\u00e3o, uma vez que o mesmo previa o cumprimento da CCT \u2013 Conven\u00e7\u00e3o Coletiva de Trabalho e da Lei Distrital 4.794\/2012 de manter os mesmos vigilantes em seus postos de trabalho, quando da mudan\u00e7a de empresa de presta\u00e7\u00e3o de servi\u00e7o. Ou seja, o GDF descumpriu a legisla\u00e7\u00e3o, a CCT e o seu pr\u00f3prio edital.<\/p>\n<p>O Dr. Luiz Eduardo ouviu atentamente as demandas colocadas pelos vigilantes e ficou de estudar o caso para analisar quais medidas ser\u00e3o tomadas e, assim, dar uma resposta ao Sindicato e \u00e0 deputada Erika Kokay.<\/p>\n<p class=\"wpf_wrapper\"><a class=\"print_link\" href=\"\" target=\"_blank\">Preparar para impress\u00e3o<\/a><\/p><!-- .wpf_wrapper -->","protected":false},"excerpt":{"rendered":"<p>Na manh\u00e3 desta ter\u00e7a, 07\/11, diretores do Sindicato dos Vigilantes do DF, juntamente com a deputada Federal Erika Kokay, se&hellip; <\/p>\n","protected":false},"author":1,"featured_media":0,"comment_status":"closed","ping_status":"closed","sticky":false,"template":"","format":"standard","meta":{"footnotes":""},"categories":[7],"tags":[],"class_list":["post-8848","post","type-post","status-publish","format-standard","hentry","category-noticias"],"jetpack_featured_media_url":"","_links":{"self":[{"href":"https:\/\/sindesvdf.com.br\/news\/wp-json\/wp\/v2\/posts\/8848","targetHints":{"allow":["GET"]}}],"collection":[{"href":"https:\/\/sindesvdf.com.br\/news\/wp-json\/wp\/v2\/posts"}],"about":[{"href":"https:\/\/sindesvdf.com.br\/news\/wp-json\/wp\/v2\/types\/post"}],"author":[{"embeddable":true,"href":"https:\/\/sindesvdf.com.br\/news\/wp-json\/wp\/v2\/users\/1"}],"replies":[{"embeddable":true,"href":"https:\/\/sindesvdf.com.br\/news\/wp-json\/wp\/v2\/comments?post=8848"}],"version-history":[{"count":4,"href":"https:\/\/sindesvdf.com.br\/news\/wp-json\/wp\/v2\/posts\/8848\/revisions"}],"predecessor-version":[{"id":8854,"href":"https:\/\/sindesvdf.com.br\/news\/wp-json\/wp\/v2\/posts\/8848\/revisions\/8854"}],"wp:attachment":[{"href":"https:\/\/sindesvdf.com.br\/news\/wp-json\/wp\/v2\/media?parent=8848"}],"wp:term":[{"taxonomy":"category","embeddable":true,"href":"https:\/\/sindesvdf.com.br\/news\/wp-json\/wp\/v2\/categories?post=8848"},{"taxonomy":"post_tag","embeddable":true,"href":"https:\/\/sindesvdf.com.br\/news\/wp-json\/wp\/v2\/tags?post=8848"}],"curies":[{"name":"wp","href":"https:\/\/api.w.org\/{rel}","templated":true}]}}