{"id":8896,"date":"2017-11-13T14:06:58","date_gmt":"2017-11-13T16:06:58","guid":{"rendered":"http:\/\/sindesvdf.com.br\/news\/?p=8896"},"modified":"2017-11-14T12:49:22","modified_gmt":"2017-11-14T14:49:22","slug":"vigilantes-lotam-auditorio-do-sindicato-e-aprovam-a-pauta-de-reivindicacoes-da-campanha-salarial-2018","status":"publish","type":"post","link":"https:\/\/sindesvdf.com.br\/news\/vigilantes-lotam-auditorio-do-sindicato-e-aprovam-a-pauta-de-reivindicacoes-da-campanha-salarial-2018\/","title":{"rendered":"Vigilantes lotam audit\u00f3rio do Sindicato e aprovam a Pauta de Reivindica\u00e7\u00f5es da Campanha Salarial 2018"},"content":{"rendered":"<p><img loading=\"lazy\" decoding=\"async\" class=\"aligncenter size-large wp-image-8897\" src=\"http:\/\/sindesvdf.com.br\/news\/wp-content\/uploads\/2017\/11\/FPP7954-e1510577107588-790x404.jpg\" alt=\"\" width=\"750\" height=\"384\" srcset=\"https:\/\/sindesvdf.com.br\/news\/wp-content\/uploads\/2017\/11\/FPP7954-e1510577107588-790x404.jpg 790w, https:\/\/sindesvdf.com.br\/news\/wp-content\/uploads\/2017\/11\/FPP7954-e1510577107588-300x153.jpg 300w, https:\/\/sindesvdf.com.br\/news\/wp-content\/uploads\/2017\/11\/FPP7954-e1510577107588-768x393.jpg 768w, https:\/\/sindesvdf.com.br\/news\/wp-content\/uploads\/2017\/11\/FPP7954-e1510577107588-250x128.jpg 250w, https:\/\/sindesvdf.com.br\/news\/wp-content\/uploads\/2017\/11\/FPP7954-e1510577107588-150x77.jpg 150w, https:\/\/sindesvdf.com.br\/news\/wp-content\/uploads\/2017\/11\/FPP7954-e1510577107588.jpg 798w\" sizes=\"auto, (max-width: 750px) 100vw, 750px\" \/><\/p>\n<p><img loading=\"lazy\" decoding=\"async\" class=\"alignright wp-image-8901\" src=\"http:\/\/sindesvdf.com.br\/news\/wp-content\/uploads\/2017\/11\/FPP7751-e1510576326105-300x171.jpg\" alt=\"\" width=\"400\" height=\"228\" srcset=\"https:\/\/sindesvdf.com.br\/news\/wp-content\/uploads\/2017\/11\/FPP7751-e1510576326105-300x171.jpg 300w, https:\/\/sindesvdf.com.br\/news\/wp-content\/uploads\/2017\/11\/FPP7751-e1510576326105-768x437.jpg 768w, https:\/\/sindesvdf.com.br\/news\/wp-content\/uploads\/2017\/11\/FPP7751-e1510576326105-790x449.jpg 790w, https:\/\/sindesvdf.com.br\/news\/wp-content\/uploads\/2017\/11\/FPP7751-e1510576326105-250x142.jpg 250w, https:\/\/sindesvdf.com.br\/news\/wp-content\/uploads\/2017\/11\/FPP7751-e1510576326105-150x85.jpg 150w, https:\/\/sindesvdf.com.br\/news\/wp-content\/uploads\/2017\/11\/FPP7751-e1510576326105.jpg 800w\" sizes=\"auto, (max-width: 400px) 100vw, 400px\" \/><\/p>\n<p><span id=\"m_-4609166709361437814yui_3_16_0_ym19_1_1510535186351_5080\">Na manh\u00e3 de chuva do dia 11\/11, s\u00e1bado, vigilantes compareceram \u00e0 Assembleia convocada pelo Sindicato para aprovar a Pauta de Reivindica\u00e7\u00f5es \u2013 data-base 1\u00ba de janeiro\/2018.<\/span><\/p>\n<p id=\"m_-4609166709361437814yui_3_16_0_ym19_1_1510535186351_5082\"><span id=\"m_-4609166709361437814yui_3_16_0_ym19_1_1510535186351_5083\">Dentre as diversas cl\u00e1usulas que foram propostas, muitas eram para se sobrepor \u00e0 malfadada reforma trabalhista que j\u00e1 est\u00e1 em vigor e retira direitos e conquistas da classe trabalhadora, inclusive da nossa categoria.<\/span><\/p>\n<p><img loading=\"lazy\" decoding=\"async\" class=\"alignleft wp-image-8898\" src=\"http:\/\/sindesvdf.com.br\/news\/wp-content\/uploads\/2017\/11\/FPP7963-e1510576273873-300x173.jpg\" alt=\"\" width=\"400\" height=\"230\" srcset=\"https:\/\/sindesvdf.com.br\/news\/wp-content\/uploads\/2017\/11\/FPP7963-e1510576273873-300x173.jpg 300w, https:\/\/sindesvdf.com.br\/news\/wp-content\/uploads\/2017\/11\/FPP7963-e1510576273873-768x442.jpg 768w, https:\/\/sindesvdf.com.br\/news\/wp-content\/uploads\/2017\/11\/FPP7963-e1510576273873-790x454.jpg 790w, https:\/\/sindesvdf.com.br\/news\/wp-content\/uploads\/2017\/11\/FPP7963-e1510576273873-250x144.jpg 250w, https:\/\/sindesvdf.com.br\/news\/wp-content\/uploads\/2017\/11\/FPP7963-e1510576273873-150x86.jpg 150w, https:\/\/sindesvdf.com.br\/news\/wp-content\/uploads\/2017\/11\/FPP7963-e1510576273873.jpg 798w\" sizes=\"auto, (max-width: 400px) 100vw, 400px\" \/><\/p>\n<p id=\"m_-4609166709361437814yui_3_16_0_ym19_1_1510535186351_5085\"><span id=\"m_-4609166709361437814yui_3_16_0_ym19_1_1510535186351_5086\">Com a nossa campanha 2017 sub judicie, os \u00edndices aprovados foram focados em cima do sal\u00e1rio e do t\u00edquete com o reajuste de 2017, ou seja, de 6,58%.<\/span><\/p>\n<p id=\"m_-4609166709361437814yui_3_16_0_ym19_1_1510535186351_5088\"><span id=\"m_-4609166709361437814yui_3_16_0_ym19_1_1510535186351_5089\">Nesta data-base, o Dieese apurou uma infla\u00e7\u00e3o de 2,51% e os vigilantes presentes aprovaram um reajuste de 7% e R$ 37,00 a fra\u00e7\u00e3o do t\u00edquete refei\u00e7\u00e3o. A categoria aprovou tamb\u00e9m a indica\u00e7\u00e3o de vigilantes da base para participarem da comiss\u00e3o de negocia\u00e7\u00e3o, junto com a dire\u00e7\u00e3o do Sindicato, estar\u00e3o tamb\u00e9m sentando na mesa junto ao patronal para buscarmos uma grande vit\u00f3ria.<\/span><\/p>\n<p id=\"m_-4609166709361437814yui_3_16_0_ym19_1_1510535186351_5091\"><span id=\"m_-4609166709361437814yui_3_16_0_ym19_1_1510535186351_5092\">Aprovada a Pauta, esta ser\u00e1 encaminhada de imediato ao Sindicato Patronal e esperamos que o mais breve poss\u00edvel, possamos come\u00e7ar as negocia\u00e7\u00f5es. Que todos e todas mantenham-se alertas e mobilizados. Vamos acreditar na nossa for\u00e7a e disposi\u00e7\u00e3o de luta para avan\u00e7ar em nossas conquistas.<\/span><\/p>\n<p>Agora, mais do que nunca, a categoria tem que estar unida ao seu Sindicato para, juntos podermos lutar com todas as nossas for\u00e7as contra todas as mazelas que a \u201cdeforma\u201d trabalhista est\u00e1 trazendo para o trabalhador.<\/p>\n<p id=\"m_-4609166709361437814yui_3_16_0_ym19_1_1510535186351_5094\"><span id=\"m_-4609166709361437814yui_3_16_0_ym19_1_1510535186351_5095\">A dire\u00e7\u00e3o do Sindicato agradece aos companheiros e companheiras que compareceram a essa importante atividade e, por unanimidade, sem qualquer voto contr\u00e1rio, aprovaram a Pauta de Reivindica\u00e7\u00f5es. O sucesso da nossa data-base depende da participa\u00e7\u00e3o de cada um.<\/span><\/p>\n<p><span id=\"m_-4609166709361437814yui_3_16_0_ym19_1_1510535186351_5098\">Todos e todas \u00e0 luta.<\/span><\/p>\n<hr \/>\n<p style=\"text-align: center;\"><span style=\"font-family: 'Titillium Web', sans-serif;\"><strong>Sindesv-DF<\/strong> &#8211; <em>Sempre Vigilante em defesa da Categoria<\/em><\/span><\/p>\n<p class=\"wpf_wrapper\"><a class=\"print_link\" href=\"\" target=\"_blank\">Preparar para impress\u00e3o<\/a><\/p><!-- .wpf_wrapper -->","protected":false},"excerpt":{"rendered":"<p>Na manh\u00e3 de chuva do dia 11\/11, s\u00e1bado, vigilantes compareceram \u00e0 Assembleia convocada pelo Sindicato para aprovar a Pauta de&hellip; <\/p>\n","protected":false},"author":1,"featured_media":0,"comment_status":"closed","ping_status":"closed","sticky":false,"template":"","format":"standard","meta":{"footnotes":""},"categories":[120,7],"tags":[],"class_list":["post-8896","post","type-post","status-publish","format-standard","hentry","category-campanha-salarial-2018","category-noticias"],"jetpack_featured_media_url":"","_links":{"self":[{"href":"https:\/\/sindesvdf.com.br\/news\/wp-json\/wp\/v2\/posts\/8896","targetHints":{"allow":["GET"]}}],"collection":[{"href":"https:\/\/sindesvdf.com.br\/news\/wp-json\/wp\/v2\/posts"}],"about":[{"href":"https:\/\/sindesvdf.com.br\/news\/wp-json\/wp\/v2\/types\/post"}],"author":[{"embeddable":true,"href":"https:\/\/sindesvdf.com.br\/news\/wp-json\/wp\/v2\/users\/1"}],"replies":[{"embeddable":true,"href":"https:\/\/sindesvdf.com.br\/news\/wp-json\/wp\/v2\/comments?post=8896"}],"version-history":[{"count":9,"href":"https:\/\/sindesvdf.com.br\/news\/wp-json\/wp\/v2\/posts\/8896\/revisions"}],"predecessor-version":[{"id":8908,"href":"https:\/\/sindesvdf.com.br\/news\/wp-json\/wp\/v2\/posts\/8896\/revisions\/8908"}],"wp:attachment":[{"href":"https:\/\/sindesvdf.com.br\/news\/wp-json\/wp\/v2\/media?parent=8896"}],"wp:term":[{"taxonomy":"category","embeddable":true,"href":"https:\/\/sindesvdf.com.br\/news\/wp-json\/wp\/v2\/categories?post=8896"},{"taxonomy":"post_tag","embeddable":true,"href":"https:\/\/sindesvdf.com.br\/news\/wp-json\/wp\/v2\/tags?post=8896"}],"curies":[{"name":"wp","href":"https:\/\/api.w.org\/{rel}","templated":true}]}}