{"id":8913,"date":"2017-11-13T15:44:03","date_gmt":"2017-11-13T17:44:03","guid":{"rendered":"http:\/\/sindesvdf.com.br\/news\/?p=8913"},"modified":"2017-11-16T10:23:53","modified_gmt":"2017-11-16T12:23:53","slug":"sensatez-e-profissionalismo-de-vigilante-evita-tragedia","status":"publish","type":"post","link":"https:\/\/sindesvdf.com.br\/news\/sensatez-e-profissionalismo-de-vigilante-evita-tragedia\/","title":{"rendered":"Sensatez e profissionalismo de vigilante evita trag\u00e9dia"},"content":{"rendered":"<p><img loading=\"lazy\" decoding=\"async\" class=\"wp-image-8915 size-medium alignleft\" src=\"http:\/\/sindesvdf.com.br\/news\/wp-content\/uploads\/2017\/11\/Screenshot_1-300x300.png\" alt=\"\" width=\"300\" height=\"300\" srcset=\"https:\/\/sindesvdf.com.br\/news\/wp-content\/uploads\/2017\/11\/Screenshot_1-300x300.png 300w, https:\/\/sindesvdf.com.br\/news\/wp-content\/uploads\/2017\/11\/Screenshot_1-150x150.png 150w, https:\/\/sindesvdf.com.br\/news\/wp-content\/uploads\/2017\/11\/Screenshot_1.png 552w\" sizes=\"auto, (max-width: 300px) 100vw, 300px\" \/><\/p>\n<p>Revoltados com o descaso na sa\u00fade do DF, pacientes procuram as unidades e n\u00e3o s\u00e3o atendidos por m\u00e1 ger\u00eancia do governo Rollemberg e muitos chegam a extremos, como aconteceu no dia 10\/11 passado, com uma usu\u00e1ria do Centro de Sa\u00fade n\u00ba 1 do Recanto das Emas que<em> &#8220;puxou um fac\u00e3o&#8221;\u00a0<\/em>para os servidores que ali trabalhavam. Infelizmente, as pessoas procuram a pessoa mais pr\u00f3xima para descontar sua frustra\u00e7\u00e3o e desespero e isto pode colocar em risco a vida de m\u00e9dicos e demais servidores da sa\u00fade.<\/p>\n<p>N\u00e3o fosse a tranquilidade, paci\u00eancia, profissionalismo e intelig\u00eancia do vigilante Wagner Luiz Ulisses, talvez tivesse acontecido uma grande trag\u00e9dia. E mesmo com essas situa\u00e7\u00f5es que ocorrem cada vez mais, Rollemberg reduziu em 50% os vigilantes das unidades de sa\u00fade do DF, agravando mais ainda um problema que j\u00e1 era grave. \u00c9 muita irresponsabilidade.<\/p>\n<p>Isso s\u00f3 prova a necessidade de ter mais de um vigilante nos postos, pois o refor\u00e7o \u00e9 necess\u00e1rio nas ocorr\u00eancias que s\u00e3o cada vez mais recorrentes na \u00e1rea da sa\u00fade.<\/p>\n<p>O Sindicato dos Vigilantes parabeniza o companheiro Wagner que, mesmo sozinho, conseguiu contornar a situa\u00e7\u00e3o com profissionalismo e destreza.<\/p>\n<hr \/>\n<p style=\"text-align: center;\"><span style=\"font-family: 'Titillium Web', sans-serif;\"><strong>Sindesv-DF<\/strong> &#8211; <em>Sempre Vigilante em defesa da Categoria<\/em><\/span><\/p>\n<p class=\"wpf_wrapper\"><a class=\"print_link\" href=\"\" target=\"_blank\">Preparar para impress\u00e3o<\/a><\/p><!-- .wpf_wrapper -->","protected":false},"excerpt":{"rendered":"<p>Revoltados com o descaso na sa\u00fade do DF, pacientes procuram as unidades e n\u00e3o s\u00e3o atendidos por m\u00e1 ger\u00eancia do&hellip; <\/p>\n","protected":false},"author":1,"featured_media":0,"comment_status":"closed","ping_status":"closed","sticky":false,"template":"","format":"standard","meta":{"footnotes":""},"categories":[7],"tags":[],"class_list":["post-8913","post","type-post","status-publish","format-standard","hentry","category-noticias"],"jetpack_featured_media_url":"","_links":{"self":[{"href":"https:\/\/sindesvdf.com.br\/news\/wp-json\/wp\/v2\/posts\/8913","targetHints":{"allow":["GET"]}}],"collection":[{"href":"https:\/\/sindesvdf.com.br\/news\/wp-json\/wp\/v2\/posts"}],"about":[{"href":"https:\/\/sindesvdf.com.br\/news\/wp-json\/wp\/v2\/types\/post"}],"author":[{"embeddable":true,"href":"https:\/\/sindesvdf.com.br\/news\/wp-json\/wp\/v2\/users\/1"}],"replies":[{"embeddable":true,"href":"https:\/\/sindesvdf.com.br\/news\/wp-json\/wp\/v2\/comments?post=8913"}],"version-history":[{"count":7,"href":"https:\/\/sindesvdf.com.br\/news\/wp-json\/wp\/v2\/posts\/8913\/revisions"}],"predecessor-version":[{"id":8950,"href":"https:\/\/sindesvdf.com.br\/news\/wp-json\/wp\/v2\/posts\/8913\/revisions\/8950"}],"wp:attachment":[{"href":"https:\/\/sindesvdf.com.br\/news\/wp-json\/wp\/v2\/media?parent=8913"}],"wp:term":[{"taxonomy":"category","embeddable":true,"href":"https:\/\/sindesvdf.com.br\/news\/wp-json\/wp\/v2\/categories?post=8913"},{"taxonomy":"post_tag","embeddable":true,"href":"https:\/\/sindesvdf.com.br\/news\/wp-json\/wp\/v2\/tags?post=8913"}],"curies":[{"name":"wp","href":"https:\/\/api.w.org\/{rel}","templated":true}]}}