{"id":894,"date":"2014-05-20T17:43:19","date_gmt":"2014-05-20T20:43:19","guid":{"rendered":"http:\/\/sindesvdf.com.br\/news\/?p=894"},"modified":"2015-01-15T15:07:11","modified_gmt":"2015-01-15T17:07:11","slug":"mais-uma-do-sindagua","status":"publish","type":"post","link":"https:\/\/sindesvdf.com.br\/news\/mais-uma-do-sindagua\/","title":{"rendered":"Mais uma do SIND\u00c1GUA:"},"content":{"rendered":"<h2 style=\"text-align: center;\">Cuidando da vida dos outros e esquecendo-se da pr\u00f3pria categoria<\/h2>\n<p style=\"text-align: center;\"><a href=\"http:\/\/sindesvdf.com.br\/news\/wp-content\/uploads\/2014\/05\/Espetada_3-OV-Mai2014.jpg\"><img loading=\"lazy\" decoding=\"async\" class=\"aligncenter size-full wp-image-884\" src=\"http:\/\/sindesvdf.com.br\/news\/wp-content\/uploads\/2014\/05\/Espetada_3-OV-Mai2014.jpg\" alt=\"Espetada_3-OV-Mai2014\" width=\"680\" height=\"419\" srcset=\"https:\/\/sindesvdf.com.br\/news\/wp-content\/uploads\/2014\/05\/Espetada_3-OV-Mai2014.jpg 680w, https:\/\/sindesvdf.com.br\/news\/wp-content\/uploads\/2014\/05\/Espetada_3-OV-Mai2014-300x184.jpg 300w, https:\/\/sindesvdf.com.br\/news\/wp-content\/uploads\/2014\/05\/Espetada_3-OV-Mai2014-600x369.jpg 600w, https:\/\/sindesvdf.com.br\/news\/wp-content\/uploads\/2014\/05\/Espetada_3-OV-Mai2014-150x92.jpg 150w\" sizes=\"auto, (max-width: 680px) 100vw, 680px\" \/><\/a><\/p>\n<table width=\"621\">\n<tbody>\n<tr>\n<td width=\"311\">Em per\u00edodos eleitorais, os urubus saem da moita e buscam os seus quinze minutos de fama que resultar\u00e1 em meia d\u00fazia de votos, pois n\u00e3o tem representatividade e nem moral para falar deste Sindicato. O jornal do SIND\u00c1GUA faz ataques grosseiros ao SINDESV-DF, dizendo que a categoria n\u00e3o tem uma entidade para organizar os Vigilantes. Ah! D\u00e1 licen\u00e7a, pelegos, que temos quase 100% da categoria filiados. Mostra o percentual de filiados<\/td>\n<td width=\"311\">de voc\u00eas, caso tenham coragem. V\u00e3o tomar conta da sua categoria que est\u00e1 precisando, que sequer conseguiu o adicional de insalubridade. E adivinhem? Os Vigilantes que prestam servi\u00e7o nos postos da CAESB j\u00e1 conquistaram com a luta deste Sindicato o adicional h\u00e1 muito tempo.<br \/>\nV\u00e3o ciscar em outro terreno, pois esta categoria \u00e9 combativa, n\u00e3o precisa da ajuda de voc\u00eas e tem alergia a dirigente pelego.<\/td>\n<\/tr>\n<\/tbody>\n<\/table>\n<p style=\"text-align: center;\">\n<p class=\"wpf_wrapper\"><a class=\"print_link\" href=\"\" target=\"_blank\">Preparar para impress\u00e3o<\/a><\/p><!-- .wpf_wrapper -->","protected":false},"excerpt":{"rendered":"<p>Cuidando da vida dos outros e esquecendo-se da pr\u00f3pria categoria Em per\u00edodos eleitorais, os urubus saem da moita e buscam&hellip; <\/p>\n","protected":false},"author":1,"featured_media":0,"comment_status":"closed","ping_status":"closed","sticky":false,"template":"","format":"standard","meta":{"footnotes":""},"categories":[7],"tags":[],"class_list":["post-894","post","type-post","status-publish","format-standard","hentry","category-noticias"],"jetpack_featured_media_url":"","_links":{"self":[{"href":"https:\/\/sindesvdf.com.br\/news\/wp-json\/wp\/v2\/posts\/894","targetHints":{"allow":["GET"]}}],"collection":[{"href":"https:\/\/sindesvdf.com.br\/news\/wp-json\/wp\/v2\/posts"}],"about":[{"href":"https:\/\/sindesvdf.com.br\/news\/wp-json\/wp\/v2\/types\/post"}],"author":[{"embeddable":true,"href":"https:\/\/sindesvdf.com.br\/news\/wp-json\/wp\/v2\/users\/1"}],"replies":[{"embeddable":true,"href":"https:\/\/sindesvdf.com.br\/news\/wp-json\/wp\/v2\/comments?post=894"}],"version-history":[{"count":3,"href":"https:\/\/sindesvdf.com.br\/news\/wp-json\/wp\/v2\/posts\/894\/revisions"}],"predecessor-version":[{"id":897,"href":"https:\/\/sindesvdf.com.br\/news\/wp-json\/wp\/v2\/posts\/894\/revisions\/897"}],"wp:attachment":[{"href":"https:\/\/sindesvdf.com.br\/news\/wp-json\/wp\/v2\/media?parent=894"}],"wp:term":[{"taxonomy":"category","embeddable":true,"href":"https:\/\/sindesvdf.com.br\/news\/wp-json\/wp\/v2\/categories?post=894"},{"taxonomy":"post_tag","embeddable":true,"href":"https:\/\/sindesvdf.com.br\/news\/wp-json\/wp\/v2\/tags?post=894"}],"curies":[{"name":"wp","href":"https:\/\/api.w.org\/{rel}","templated":true}]}}