{"id":8975,"date":"2017-11-22T17:18:35","date_gmt":"2017-11-22T19:18:35","guid":{"rendered":"http:\/\/sindesvdf.com.br\/news\/?p=8975"},"modified":"2017-11-27T16:27:46","modified_gmt":"2017-11-27T18:27:46","slug":"mais-uma-acao-vitoriosa-do-sindicato-garante-pagamento-de-intrajornada","status":"publish","type":"post","link":"https:\/\/sindesvdf.com.br\/news\/mais-uma-acao-vitoriosa-do-sindicato-garante-pagamento-de-intrajornada\/","title":{"rendered":"Mais uma a\u00e7\u00e3o vitoriosa do Sindicato garante pagamento de intrajornada"},"content":{"rendered":"<p style=\"font-weight: 400;\"><img loading=\"lazy\" decoding=\"async\" class=\"alignleft wp-image-9006 size-medium\" src=\"http:\/\/sindesvdf.com.br\/news\/wp-content\/uploads\/2017\/11\/WhatsApp-Image-2017-11-24-at-11.37.11-300x300.jpeg\" alt=\"\" width=\"300\" height=\"300\" srcset=\"https:\/\/sindesvdf.com.br\/news\/wp-content\/uploads\/2017\/11\/WhatsApp-Image-2017-11-24-at-11.37.11-300x300.jpeg 300w, https:\/\/sindesvdf.com.br\/news\/wp-content\/uploads\/2017\/11\/WhatsApp-Image-2017-11-24-at-11.37.11-150x150.jpeg 150w, https:\/\/sindesvdf.com.br\/news\/wp-content\/uploads\/2017\/11\/WhatsApp-Image-2017-11-24-at-11.37.11-768x768.jpeg 768w, https:\/\/sindesvdf.com.br\/news\/wp-content\/uploads\/2017\/11\/WhatsApp-Image-2017-11-24-at-11.37.11-790x790.jpeg 790w, https:\/\/sindesvdf.com.br\/news\/wp-content\/uploads\/2017\/11\/WhatsApp-Image-2017-11-24-at-11.37.11.jpeg 1024w\" sizes=\"auto, (max-width: 300px) 100vw, 300px\" \/> Os vigilantes da Empresa Global, que prestam servi\u00e7o na Secretaria de Educa\u00e7\u00e3o do DF\u00a0 e que est\u00e3o na a\u00e7\u00e3o\/processo n\u00ba 0001074-83.2017.5.10 podem comemorar um dinheiro a mais neste final de ano.<\/p>\n<p style=\"font-weight: 400;\">Est\u00e3o neste processo cerca de 400 vigilantes e o pagamento ser\u00e1 a partir do dia 28\/11 na tesouraria do Sindicato, no hor\u00e1rio de 8h \u00e0s 18h, referente \u00e0 intrajornada. O processo tramitou na 4\u00aa Vara do Trabalho de Bras\u00edlia e foi vitorioso gra\u00e7as ao empenho do Sindicato e da assessoria jur\u00eddica que est\u00e3o sempre atentos aos direitos da categoria.<\/p>\n<p style=\"font-weight: 400;\">Parab\u00e9ns aos contemplados e esperamos que novas a\u00e7\u00f5es sejam vitoriosas na Justi\u00e7a para que possamos restabelecer o que \u00e9 devido aos vigilantes.<\/p>\n<p class=\"wpf_wrapper\"><a class=\"print_link\" href=\"\" target=\"_blank\">Preparar para impress\u00e3o<\/a><\/p><!-- .wpf_wrapper -->","protected":false},"excerpt":{"rendered":"<p>Os vigilantes da Empresa Global, que prestam servi\u00e7o na Secretaria de Educa\u00e7\u00e3o do DF\u00a0 e que est\u00e3o na a\u00e7\u00e3o\/processo n\u00ba&hellip; <\/p>\n","protected":false},"author":1,"featured_media":0,"comment_status":"closed","ping_status":"closed","sticky":false,"template":"","format":"standard","meta":{"footnotes":""},"categories":[7],"tags":[],"class_list":["post-8975","post","type-post","status-publish","format-standard","hentry","category-noticias"],"jetpack_featured_media_url":"","_links":{"self":[{"href":"https:\/\/sindesvdf.com.br\/news\/wp-json\/wp\/v2\/posts\/8975","targetHints":{"allow":["GET"]}}],"collection":[{"href":"https:\/\/sindesvdf.com.br\/news\/wp-json\/wp\/v2\/posts"}],"about":[{"href":"https:\/\/sindesvdf.com.br\/news\/wp-json\/wp\/v2\/types\/post"}],"author":[{"embeddable":true,"href":"https:\/\/sindesvdf.com.br\/news\/wp-json\/wp\/v2\/users\/1"}],"replies":[{"embeddable":true,"href":"https:\/\/sindesvdf.com.br\/news\/wp-json\/wp\/v2\/comments?post=8975"}],"version-history":[{"count":4,"href":"https:\/\/sindesvdf.com.br\/news\/wp-json\/wp\/v2\/posts\/8975\/revisions"}],"predecessor-version":[{"id":9052,"href":"https:\/\/sindesvdf.com.br\/news\/wp-json\/wp\/v2\/posts\/8975\/revisions\/9052"}],"wp:attachment":[{"href":"https:\/\/sindesvdf.com.br\/news\/wp-json\/wp\/v2\/media?parent=8975"}],"wp:term":[{"taxonomy":"category","embeddable":true,"href":"https:\/\/sindesvdf.com.br\/news\/wp-json\/wp\/v2\/categories?post=8975"},{"taxonomy":"post_tag","embeddable":true,"href":"https:\/\/sindesvdf.com.br\/news\/wp-json\/wp\/v2\/tags?post=8975"}],"curies":[{"name":"wp","href":"https:\/\/api.w.org\/{rel}","templated":true}]}}