{"id":9000,"date":"2017-11-24T14:19:17","date_gmt":"2017-11-24T16:19:17","guid":{"rendered":"http:\/\/sindesvdf.com.br\/news\/?p=9000"},"modified":"2017-11-24T15:28:38","modified_gmt":"2017-11-24T17:28:38","slug":"pauta-de-reivindicacoes-encaminhada-ao-patronal-que-comecem-as-negociacoes","status":"publish","type":"post","link":"https:\/\/sindesvdf.com.br\/news\/pauta-de-reivindicacoes-encaminhada-ao-patronal-que-comecem-as-negociacoes\/","title":{"rendered":"Pauta de Reivindica\u00e7\u00f5es encaminhada ao Patronal. Que comecem as negocia\u00e7\u00f5es."},"content":{"rendered":"<p><img loading=\"lazy\" decoding=\"async\" class=\"aligncenter size-full wp-image-9001\" src=\"http:\/\/sindesvdf.com.br\/news\/wp-content\/uploads\/2017\/11\/assembleia-475x267.jpg\" alt=\"\" width=\"475\" height=\"267\" srcset=\"https:\/\/sindesvdf.com.br\/news\/wp-content\/uploads\/2017\/11\/assembleia-475x267.jpg 475w, https:\/\/sindesvdf.com.br\/news\/wp-content\/uploads\/2017\/11\/assembleia-475x267-300x169.jpg 300w, https:\/\/sindesvdf.com.br\/news\/wp-content\/uploads\/2017\/11\/assembleia-475x267-250x141.jpg 250w, https:\/\/sindesvdf.com.br\/news\/wp-content\/uploads\/2017\/11\/assembleia-475x267-150x84.jpg 150w\" sizes=\"auto, (max-width: 475px) 100vw, 475px\" \/>Depois de aprovada pela categoria, em assembleia geral realizada dia 11\/11, a Pauta de Reivindica\u00e7\u00f5es passou por an\u00e1lise jur\u00eddica e conclu\u00edda mais essa etapa, foi encaminhada ao Sindicato Patronal.<\/p>\n<p>Agora, estamos aguardando o in\u00edcio das negocia\u00e7\u00f5es e confian\u00e7a na for\u00e7a da luta para avan\u00e7armos em nossas reivindica\u00e7\u00f5es. E como j\u00e1 afirmamos, a Campanha Salarial 2018 pode resolver a de 2017.<\/p>\n<p>Vamos seguir firmes e confiantes na vit\u00f3ria.<\/p>\n<p class=\"wpf_wrapper\"><a class=\"print_link\" href=\"\" target=\"_blank\">Preparar para impress\u00e3o<\/a><\/p><!-- .wpf_wrapper -->","protected":false},"excerpt":{"rendered":"<p>Depois de aprovada pela categoria, em assembleia geral realizada dia 11\/11, a Pauta de Reivindica\u00e7\u00f5es passou por an\u00e1lise jur\u00eddica e&hellip; <\/p>\n","protected":false},"author":1,"featured_media":0,"comment_status":"closed","ping_status":"closed","sticky":false,"template":"","format":"standard","meta":{"footnotes":""},"categories":[120,7],"tags":[],"class_list":["post-9000","post","type-post","status-publish","format-standard","hentry","category-campanha-salarial-2018","category-noticias"],"jetpack_featured_media_url":"","_links":{"self":[{"href":"https:\/\/sindesvdf.com.br\/news\/wp-json\/wp\/v2\/posts\/9000","targetHints":{"allow":["GET"]}}],"collection":[{"href":"https:\/\/sindesvdf.com.br\/news\/wp-json\/wp\/v2\/posts"}],"about":[{"href":"https:\/\/sindesvdf.com.br\/news\/wp-json\/wp\/v2\/types\/post"}],"author":[{"embeddable":true,"href":"https:\/\/sindesvdf.com.br\/news\/wp-json\/wp\/v2\/users\/1"}],"replies":[{"embeddable":true,"href":"https:\/\/sindesvdf.com.br\/news\/wp-json\/wp\/v2\/comments?post=9000"}],"version-history":[{"count":1,"href":"https:\/\/sindesvdf.com.br\/news\/wp-json\/wp\/v2\/posts\/9000\/revisions"}],"predecessor-version":[{"id":9002,"href":"https:\/\/sindesvdf.com.br\/news\/wp-json\/wp\/v2\/posts\/9000\/revisions\/9002"}],"wp:attachment":[{"href":"https:\/\/sindesvdf.com.br\/news\/wp-json\/wp\/v2\/media?parent=9000"}],"wp:term":[{"taxonomy":"category","embeddable":true,"href":"https:\/\/sindesvdf.com.br\/news\/wp-json\/wp\/v2\/categories?post=9000"},{"taxonomy":"post_tag","embeddable":true,"href":"https:\/\/sindesvdf.com.br\/news\/wp-json\/wp\/v2\/tags?post=9000"}],"curies":[{"name":"wp","href":"https:\/\/api.w.org\/{rel}","templated":true}]}}