{"id":9003,"date":"2017-11-24T14:21:38","date_gmt":"2017-11-24T16:21:38","guid":{"rendered":"http:\/\/sindesvdf.com.br\/news\/?p=9003"},"modified":"2017-11-24T15:09:18","modified_gmt":"2017-11-24T17:09:18","slug":"assembleia-aprova-por-unanimidade-prestacao-de-contas-do-sindicato","status":"publish","type":"post","link":"https:\/\/sindesvdf.com.br\/news\/assembleia-aprova-por-unanimidade-prestacao-de-contas-do-sindicato\/","title":{"rendered":"Assembleia aprova, por unanimidade, presta\u00e7\u00e3o de contas do Sindicato"},"content":{"rendered":"<p id=\"m_851092530924207135yui_3_16_0_ym19_1_1511532679233_16444\"><span id=\"m_851092530924207135yui_3_16_0_ym19_1_1511532679233_16445\"><img loading=\"lazy\" decoding=\"async\" class=\"alignleft wp-image-9014\" src=\"http:\/\/sindesvdf.com.br\/news\/wp-content\/uploads\/2017\/11\/WhatsApp-Image-2017-11-24-at-11.16.20-1-300x225.jpeg\" alt=\"\" width=\"345\" height=\"259\" srcset=\"https:\/\/sindesvdf.com.br\/news\/wp-content\/uploads\/2017\/11\/WhatsApp-Image-2017-11-24-at-11.16.20-1-300x225.jpeg 300w, https:\/\/sindesvdf.com.br\/news\/wp-content\/uploads\/2017\/11\/WhatsApp-Image-2017-11-24-at-11.16.20-1-768x576.jpeg 768w, https:\/\/sindesvdf.com.br\/news\/wp-content\/uploads\/2017\/11\/WhatsApp-Image-2017-11-24-at-11.16.20-1-790x593.jpeg 790w, https:\/\/sindesvdf.com.br\/news\/wp-content\/uploads\/2017\/11\/WhatsApp-Image-2017-11-24-at-11.16.20-1-200x150.jpeg 200w, https:\/\/sindesvdf.com.br\/news\/wp-content\/uploads\/2017\/11\/WhatsApp-Image-2017-11-24-at-11.16.20-1-150x113.jpeg 150w, https:\/\/sindesvdf.com.br\/news\/wp-content\/uploads\/2017\/11\/WhatsApp-Image-2017-11-24-at-11.16.20-1.jpeg 1040w\" sizes=\"auto, (max-width: 345px) 100vw, 345px\" \/> <\/span><img loading=\"lazy\" decoding=\"async\" class=\"alignright wp-image-9016\" src=\"http:\/\/sindesvdf.com.br\/news\/wp-content\/uploads\/2017\/11\/WhatsApp-Image-2017-11-24-at-11.16.48-300x225.jpeg\" alt=\"\" width=\"345\" height=\"259\" srcset=\"https:\/\/sindesvdf.com.br\/news\/wp-content\/uploads\/2017\/11\/WhatsApp-Image-2017-11-24-at-11.16.48-300x225.jpeg 300w, https:\/\/sindesvdf.com.br\/news\/wp-content\/uploads\/2017\/11\/WhatsApp-Image-2017-11-24-at-11.16.48-768x576.jpeg 768w, https:\/\/sindesvdf.com.br\/news\/wp-content\/uploads\/2017\/11\/WhatsApp-Image-2017-11-24-at-11.16.48-790x593.jpeg 790w, https:\/\/sindesvdf.com.br\/news\/wp-content\/uploads\/2017\/11\/WhatsApp-Image-2017-11-24-at-11.16.48-200x150.jpeg 200w, https:\/\/sindesvdf.com.br\/news\/wp-content\/uploads\/2017\/11\/WhatsApp-Image-2017-11-24-at-11.16.48-150x113.jpeg 150w, https:\/\/sindesvdf.com.br\/news\/wp-content\/uploads\/2017\/11\/WhatsApp-Image-2017-11-24-at-11.16.48.jpeg 1032w\" sizes=\"auto, (max-width: 345px) 100vw, 345px\" \/><\/p>\n<p id=\"m_851092530924207135yui_3_16_0_ym19_1_1511532679233_16444\">Em A<span id=\"m_851092530924207135yui_3_16_0_ym19_1_1511532679233_16445\">ssembleia Geral realizada na manh\u00e3 de sexta, (24\/11), os vigilantes presentes aprovaram a presta\u00e7\u00e3o de contas da entidade, referente ao ano de 2016, e ainda a previs\u00e3o or\u00e7ament\u00e1ria do per\u00edodo 2017\/2018, importantes para o planejamento da luta da categoria. As vota\u00e7\u00f5es foram aprovadas por unanimidade pelos vigilantes presentes.<\/span><\/p>\n<p id=\"m_851092530924207135yui_3_16_0_ym19_1_1511532679233_16447\"><span id=\"m_851092530924207135yui_3_16_0_ym19_1_1511532679233_16448\">A Assembleia foi bastante participativa e bem representativa, o que consideramos importante, pois \u00e9 fundamental que a categoria se envolva no dia-a-dia do SINDESV-DF, opinando e apresentando suas sugest\u00f5es.<\/span><\/p>\n<p><span id=\"m_851092530924207135yui_3_16_0_ym19_1_1511532679233_16451\">A dire\u00e7\u00e3o do Sindicato agrad<\/span><span id=\"m_851092530924207135yui_3_16_0_ym19_1_1511532679233_16451\">ece a presen\u00e7a e a confian\u00e7a de todos e todas que compareceram \u00e0 atividade.<\/span><\/p>\n<p class=\"wpf_wrapper\"><a class=\"print_link\" href=\"\" target=\"_blank\">Preparar para impress\u00e3o<\/a><\/p><!-- .wpf_wrapper -->","protected":false},"excerpt":{"rendered":"<p>Em Assembleia Geral realizada na manh\u00e3 de sexta, (24\/11), os vigilantes presentes aprovaram a presta\u00e7\u00e3o de contas da entidade, referente&hellip; <\/p>\n","protected":false},"author":1,"featured_media":0,"comment_status":"closed","ping_status":"closed","sticky":false,"template":"","format":"standard","meta":{"footnotes":""},"categories":[7],"tags":[],"class_list":["post-9003","post","type-post","status-publish","format-standard","hentry","category-noticias"],"jetpack_featured_media_url":"","_links":{"self":[{"href":"https:\/\/sindesvdf.com.br\/news\/wp-json\/wp\/v2\/posts\/9003","targetHints":{"allow":["GET"]}}],"collection":[{"href":"https:\/\/sindesvdf.com.br\/news\/wp-json\/wp\/v2\/posts"}],"about":[{"href":"https:\/\/sindesvdf.com.br\/news\/wp-json\/wp\/v2\/types\/post"}],"author":[{"embeddable":true,"href":"https:\/\/sindesvdf.com.br\/news\/wp-json\/wp\/v2\/users\/1"}],"replies":[{"embeddable":true,"href":"https:\/\/sindesvdf.com.br\/news\/wp-json\/wp\/v2\/comments?post=9003"}],"version-history":[{"count":4,"href":"https:\/\/sindesvdf.com.br\/news\/wp-json\/wp\/v2\/posts\/9003\/revisions"}],"predecessor-version":[{"id":9019,"href":"https:\/\/sindesvdf.com.br\/news\/wp-json\/wp\/v2\/posts\/9003\/revisions\/9019"}],"wp:attachment":[{"href":"https:\/\/sindesvdf.com.br\/news\/wp-json\/wp\/v2\/media?parent=9003"}],"wp:term":[{"taxonomy":"category","embeddable":true,"href":"https:\/\/sindesvdf.com.br\/news\/wp-json\/wp\/v2\/categories?post=9003"},{"taxonomy":"post_tag","embeddable":true,"href":"https:\/\/sindesvdf.com.br\/news\/wp-json\/wp\/v2\/tags?post=9003"}],"curies":[{"name":"wp","href":"https:\/\/api.w.org\/{rel}","templated":true}]}}