{"id":9028,"date":"2017-11-24T17:43:08","date_gmt":"2017-11-24T19:43:08","guid":{"rendered":"http:\/\/sindesvdf.com.br\/news\/?p=9028"},"modified":"2017-11-24T17:46:55","modified_gmt":"2017-11-24T19:46:55","slug":"vigilantes-da-secretaria-de-saude-confiantes-na-vitoria-em-defesa-do-emprego","status":"publish","type":"post","link":"https:\/\/sindesvdf.com.br\/news\/vigilantes-da-secretaria-de-saude-confiantes-na-vitoria-em-defesa-do-emprego\/","title":{"rendered":"Vigilantes da Secretaria de Sa\u00fade: Confiantes na vit\u00f3ria em defesa do emprego"},"content":{"rendered":"<p><img loading=\"lazy\" decoding=\"async\" class=\"alignleft wp-image-9029\" src=\"http:\/\/sindesvdf.com.br\/news\/wp-content\/uploads\/2017\/11\/Em-defesa-do-emprego-300x300.jpeg\" alt=\"\" width=\"327\" height=\"327\" srcset=\"https:\/\/sindesvdf.com.br\/news\/wp-content\/uploads\/2017\/11\/Em-defesa-do-emprego-300x300.jpeg 300w, https:\/\/sindesvdf.com.br\/news\/wp-content\/uploads\/2017\/11\/Em-defesa-do-emprego-150x150.jpeg 150w, https:\/\/sindesvdf.com.br\/news\/wp-content\/uploads\/2017\/11\/Em-defesa-do-emprego-768x768.jpeg 768w, https:\/\/sindesvdf.com.br\/news\/wp-content\/uploads\/2017\/11\/Em-defesa-do-emprego-790x790.jpeg 790w, https:\/\/sindesvdf.com.br\/news\/wp-content\/uploads\/2017\/11\/Em-defesa-do-emprego.jpeg 1024w\" sizes=\"auto, (max-width: 327px) 100vw, 327px\" \/><\/p>\n<p id=\"m_-4108938046293278237yui_3_16_0_ym19_1_1511540751646_22324\"><span id=\"m_-4108938046293278237yui_3_16_0_ym19_1_1511540751646_22325\">O Sindicato, juntamente com o deputado Chico Vigilante, participou de mais uma reuni\u00e3o com o GDF. Anteriormente, encaminhamos ao governador a lista com o nome de todos os vigilantes que n\u00e3o foram contemplados pela lei da perman\u00eancia em seus postos de servi\u00e7o.<u><\/u><u><\/u><\/span><\/p>\n<p id=\"m_-4108938046293278237yui_3_16_0_ym19_1_1511540751646_22288\">\u00a0<span id=\"m_-4108938046293278237yui_3_16_0_ym19_1_1511540751646_22328\">Agora, falta fechar alguns pontos com o governo para que todos os vigilantes sejam contemplados e nenhum fique sem o emprego. Assim que esses pontos estiverem fechados definitivamente, divulgaremos a boa not\u00edcia aos companheiros e companheiras, lembrando que a solu\u00e7\u00e3o para a manuten\u00e7\u00e3o do emprego s\u00f3 est\u00e1 saindo porque lutamos incansavelmente para isso. <\/span><\/p>\n<p style=\"text-align: right;\"><span id=\"m_-4108938046293278237yui_3_16_0_ym19_1_1511540751646_22328\">Quem participou, pode comprovar que a batalha foi grande.<\/span><\/p>\n<p class=\"wpf_wrapper\"><a class=\"print_link\" href=\"\" target=\"_blank\">Preparar para impress\u00e3o<\/a><\/p><!-- .wpf_wrapper -->","protected":false},"excerpt":{"rendered":"<p>O Sindicato, juntamente com o deputado Chico Vigilante, participou de mais uma reuni\u00e3o com o GDF. Anteriormente, encaminhamos ao governador&hellip; <\/p>\n","protected":false},"author":1,"featured_media":0,"comment_status":"closed","ping_status":"closed","sticky":false,"template":"","format":"standard","meta":{"footnotes":""},"categories":[7],"tags":[],"class_list":["post-9028","post","type-post","status-publish","format-standard","hentry","category-noticias"],"jetpack_featured_media_url":"","_links":{"self":[{"href":"https:\/\/sindesvdf.com.br\/news\/wp-json\/wp\/v2\/posts\/9028","targetHints":{"allow":["GET"]}}],"collection":[{"href":"https:\/\/sindesvdf.com.br\/news\/wp-json\/wp\/v2\/posts"}],"about":[{"href":"https:\/\/sindesvdf.com.br\/news\/wp-json\/wp\/v2\/types\/post"}],"author":[{"embeddable":true,"href":"https:\/\/sindesvdf.com.br\/news\/wp-json\/wp\/v2\/users\/1"}],"replies":[{"embeddable":true,"href":"https:\/\/sindesvdf.com.br\/news\/wp-json\/wp\/v2\/comments?post=9028"}],"version-history":[{"count":5,"href":"https:\/\/sindesvdf.com.br\/news\/wp-json\/wp\/v2\/posts\/9028\/revisions"}],"predecessor-version":[{"id":9034,"href":"https:\/\/sindesvdf.com.br\/news\/wp-json\/wp\/v2\/posts\/9028\/revisions\/9034"}],"wp:attachment":[{"href":"https:\/\/sindesvdf.com.br\/news\/wp-json\/wp\/v2\/media?parent=9028"}],"wp:term":[{"taxonomy":"category","embeddable":true,"href":"https:\/\/sindesvdf.com.br\/news\/wp-json\/wp\/v2\/categories?post=9028"},{"taxonomy":"post_tag","embeddable":true,"href":"https:\/\/sindesvdf.com.br\/news\/wp-json\/wp\/v2\/tags?post=9028"}],"curies":[{"name":"wp","href":"https:\/\/api.w.org\/{rel}","templated":true}]}}