{"id":9039,"date":"2017-11-27T11:48:48","date_gmt":"2017-11-27T13:48:48","guid":{"rendered":"http:\/\/sindesvdf.com.br\/news\/?p=9039"},"modified":"2017-11-27T11:49:18","modified_gmt":"2017-11-27T13:49:18","slug":"atencao-vigilantes-que-prestavam-servico-na-secretaria-de-saude-pela-confederal","status":"publish","type":"post","link":"https:\/\/sindesvdf.com.br\/news\/atencao-vigilantes-que-prestavam-servico-na-secretaria-de-saude-pela-confederal\/","title":{"rendered":"Aten\u00e7\u00e3o Vigilantes que prestavam servi\u00e7o na Secretaria de Sa\u00fade pela Confederal"},"content":{"rendered":"<p><span style=\"font-size: 20px;\">O Sindicato dos Vigilantes do DF convoca os companheiros e companheiras que prestavam servi\u00e7o na Secretaria de Sa\u00fade pela empresa Confederal para comparecerem \u00e0 Assembleia Geral para tratarmos de assunto de extrema import\u00e2ncia e do interesse de todos e todas.<\/span><br \/>\n<span style=\"font-size: 20px;\">Contamos com a sua presen\u00e7a.<\/span><\/p>\n<p><img loading=\"lazy\" decoding=\"async\" class=\"aligncenter size-large wp-image-9038\" src=\"http:\/\/sindesvdf.com.br\/news\/wp-content\/uploads\/2017\/07\/Assembleia-27-11-790x433.png\" alt=\"\" width=\"750\" height=\"411\" srcset=\"https:\/\/sindesvdf.com.br\/news\/wp-content\/uploads\/2017\/07\/Assembleia-27-11-790x433.png 790w, https:\/\/sindesvdf.com.br\/news\/wp-content\/uploads\/2017\/07\/Assembleia-27-11-300x165.png 300w, https:\/\/sindesvdf.com.br\/news\/wp-content\/uploads\/2017\/07\/Assembleia-27-11-768x421.png 768w, https:\/\/sindesvdf.com.br\/news\/wp-content\/uploads\/2017\/07\/Assembleia-27-11-250x137.png 250w, https:\/\/sindesvdf.com.br\/news\/wp-content\/uploads\/2017\/07\/Assembleia-27-11-150x82.png 150w, https:\/\/sindesvdf.com.br\/news\/wp-content\/uploads\/2017\/07\/Assembleia-27-11.png 893w\" sizes=\"auto, (max-width: 750px) 100vw, 750px\" \/><\/p>\n<p class=\"wpf_wrapper\"><a class=\"print_link\" href=\"\" target=\"_blank\">Preparar para impress\u00e3o<\/a><\/p><!-- .wpf_wrapper -->","protected":false},"excerpt":{"rendered":"<p>O Sindicato dos Vigilantes do DF convoca os companheiros e companheiras que prestavam servi\u00e7o na Secretaria de Sa\u00fade pela empresa&hellip; <\/p>\n","protected":false},"author":1,"featured_media":0,"comment_status":"closed","ping_status":"closed","sticky":false,"template":"","format":"standard","meta":{"footnotes":""},"categories":[],"tags":[],"class_list":["post-9039","post","type-post","status-publish","format-standard","hentry"],"jetpack_featured_media_url":"","_links":{"self":[{"href":"https:\/\/sindesvdf.com.br\/news\/wp-json\/wp\/v2\/posts\/9039","targetHints":{"allow":["GET"]}}],"collection":[{"href":"https:\/\/sindesvdf.com.br\/news\/wp-json\/wp\/v2\/posts"}],"about":[{"href":"https:\/\/sindesvdf.com.br\/news\/wp-json\/wp\/v2\/types\/post"}],"author":[{"embeddable":true,"href":"https:\/\/sindesvdf.com.br\/news\/wp-json\/wp\/v2\/users\/1"}],"replies":[{"embeddable":true,"href":"https:\/\/sindesvdf.com.br\/news\/wp-json\/wp\/v2\/comments?post=9039"}],"version-history":[{"count":1,"href":"https:\/\/sindesvdf.com.br\/news\/wp-json\/wp\/v2\/posts\/9039\/revisions"}],"predecessor-version":[{"id":9040,"href":"https:\/\/sindesvdf.com.br\/news\/wp-json\/wp\/v2\/posts\/9039\/revisions\/9040"}],"wp:attachment":[{"href":"https:\/\/sindesvdf.com.br\/news\/wp-json\/wp\/v2\/media?parent=9039"}],"wp:term":[{"taxonomy":"category","embeddable":true,"href":"https:\/\/sindesvdf.com.br\/news\/wp-json\/wp\/v2\/categories?post=9039"},{"taxonomy":"post_tag","embeddable":true,"href":"https:\/\/sindesvdf.com.br\/news\/wp-json\/wp\/v2\/tags?post=9039"}],"curies":[{"name":"wp","href":"https:\/\/api.w.org\/{rel}","templated":true}]}}