{"id":904,"date":"2014-05-21T10:39:24","date_gmt":"2014-05-21T13:39:24","guid":{"rendered":"http:\/\/sindesvdf.com.br\/news\/?p=904"},"modified":"2015-01-15T14:59:34","modified_gmt":"2015-01-15T16:59:34","slug":"o-cara-amarelou-e-nao-compareceu","status":"publish","type":"post","link":"https:\/\/sindesvdf.com.br\/news\/o-cara-amarelou-e-nao-compareceu\/","title":{"rendered":"O cara amarelou e n\u00e3o compareceu"},"content":{"rendered":"<p><a href=\"http:\/\/sindesvdf.com.br\/news\/wp-content\/uploads\/2014\/05\/Espetada_2-OV-Mai2014.jpg\"><img loading=\"lazy\" decoding=\"async\" class=\"aligncenter size-full wp-image-883\" src=\"http:\/\/sindesvdf.com.br\/news\/wp-content\/uploads\/2014\/05\/Espetada_2-OV-Mai2014.jpg\" alt=\"Espetada_2-OV-Mai2014\" width=\"472\" height=\"435\" srcset=\"https:\/\/sindesvdf.com.br\/news\/wp-content\/uploads\/2014\/05\/Espetada_2-OV-Mai2014.jpg 472w, https:\/\/sindesvdf.com.br\/news\/wp-content\/uploads\/2014\/05\/Espetada_2-OV-Mai2014-300x276.jpg 300w, https:\/\/sindesvdf.com.br\/news\/wp-content\/uploads\/2014\/05\/Espetada_2-OV-Mai2014-150x138.jpg 150w\" sizes=\"auto, (max-width: 472px) 100vw, 472px\" \/><\/a><\/p>\n<table width=\"621\">\n<tbody>\n<tr>\n<td width=\"311\">Um imitador de sindicalista, que anda em p\u00e9ssimas companhias, anda soltando jornal de uma associa\u00e7\u00e3o que diz representar os Vigilantes. \u00c9 rir para n\u00e3o chorar, pois o dito cujo diz no jornal que vai procurar o Sindicato, que vai fazer e acontecer, que vem at\u00e9 esta entidade indagar sobre este ou aquele assunto.<br \/>\nQueremos alertar a categoria que esse cidad\u00e3o \u00e9 um<\/td>\n<td width=\"311\">covarde e mentiroso, pois nunca apareceu por aqui. Na verdade, \u00e9 mais um oportunista querendo se apropriar da luta dos outros. As pessoas que eles apresentam como defensores da categoria, s\u00e3o ainda mais oportunistas, pois s\u00e3o o que h\u00e1 de pior no legislativo, representantes dos patr\u00f5es. A CTB deveria se envergonhar de apoiar esse bando.<\/td>\n<\/tr>\n<\/tbody>\n<\/table>\n<p class=\"wpf_wrapper\"><a class=\"print_link\" href=\"\" target=\"_blank\">Preparar para impress\u00e3o<\/a><\/p><!-- .wpf_wrapper -->","protected":false},"excerpt":{"rendered":"<p>Um imitador de sindicalista, que anda em p\u00e9ssimas companhias, anda soltando jornal de uma associa\u00e7\u00e3o que diz representar os Vigilantes.&hellip; <\/p>\n","protected":false},"author":1,"featured_media":0,"comment_status":"closed","ping_status":"closed","sticky":false,"template":"","format":"standard","meta":{"footnotes":""},"categories":[7],"tags":[],"class_list":["post-904","post","type-post","status-publish","format-standard","hentry","category-noticias"],"jetpack_featured_media_url":"","_links":{"self":[{"href":"https:\/\/sindesvdf.com.br\/news\/wp-json\/wp\/v2\/posts\/904","targetHints":{"allow":["GET"]}}],"collection":[{"href":"https:\/\/sindesvdf.com.br\/news\/wp-json\/wp\/v2\/posts"}],"about":[{"href":"https:\/\/sindesvdf.com.br\/news\/wp-json\/wp\/v2\/types\/post"}],"author":[{"embeddable":true,"href":"https:\/\/sindesvdf.com.br\/news\/wp-json\/wp\/v2\/users\/1"}],"replies":[{"embeddable":true,"href":"https:\/\/sindesvdf.com.br\/news\/wp-json\/wp\/v2\/comments?post=904"}],"version-history":[{"count":5,"href":"https:\/\/sindesvdf.com.br\/news\/wp-json\/wp\/v2\/posts\/904\/revisions"}],"predecessor-version":[{"id":909,"href":"https:\/\/sindesvdf.com.br\/news\/wp-json\/wp\/v2\/posts\/904\/revisions\/909"}],"wp:attachment":[{"href":"https:\/\/sindesvdf.com.br\/news\/wp-json\/wp\/v2\/media?parent=904"}],"wp:term":[{"taxonomy":"category","embeddable":true,"href":"https:\/\/sindesvdf.com.br\/news\/wp-json\/wp\/v2\/categories?post=904"},{"taxonomy":"post_tag","embeddable":true,"href":"https:\/\/sindesvdf.com.br\/news\/wp-json\/wp\/v2\/tags?post=904"}],"curies":[{"name":"wp","href":"https:\/\/api.w.org\/{rel}","templated":true}]}}