{"id":9050,"date":"2017-11-28T16:03:33","date_gmt":"2017-11-28T18:03:33","guid":{"rendered":"http:\/\/sindesvdf.com.br\/news\/?p=9050"},"modified":"2017-12-08T14:12:00","modified_gmt":"2017-12-08T16:12:00","slug":"dissidio-coletivo-julgamento-marcado","status":"publish","type":"post","link":"https:\/\/sindesvdf.com.br\/news\/dissidio-coletivo-julgamento-marcado\/","title":{"rendered":"Diss\u00eddio Coletivo &#8211; Julgamento Marcado"},"content":{"rendered":"<p><img loading=\"lazy\" decoding=\"async\" class=\"alignleft wp-image-9061\" src=\"http:\/\/sindesvdf.com.br\/news\/wp-content\/uploads\/2017\/11\/Julgamento-diss\u00eddio-790x790.jpeg\" alt=\"\" width=\"300\" height=\"300\" srcset=\"https:\/\/sindesvdf.com.br\/news\/wp-content\/uploads\/2017\/11\/Julgamento-diss\u00eddio-790x790.jpeg 790w, https:\/\/sindesvdf.com.br\/news\/wp-content\/uploads\/2017\/11\/Julgamento-diss\u00eddio-150x150.jpeg 150w, https:\/\/sindesvdf.com.br\/news\/wp-content\/uploads\/2017\/11\/Julgamento-diss\u00eddio-300x300.jpeg 300w, https:\/\/sindesvdf.com.br\/news\/wp-content\/uploads\/2017\/11\/Julgamento-diss\u00eddio-768x768.jpeg 768w, https:\/\/sindesvdf.com.br\/news\/wp-content\/uploads\/2017\/11\/Julgamento-diss\u00eddio.jpeg 1024w\" sizes=\"auto, (max-width: 300px) 100vw, 300px\" \/><span style=\"font-size: 18px;\">O Tribunal Regional do Trabalho 10\u00aa Regi\u00e3o (TRT10) incluiu o julgamento do Diss\u00eddio Coletivo da nossa data-base 2017 na pauta do dia <strong>05\/12\/2017 (ter\u00e7a-feira) \u00e0s 14 horas.<\/strong><\/span><\/p>\n<p><span style=\"font-size: 18px;\">O Sindicato dos Vigilantes do DF convoca toda a categoria para acompanhar\u00a0no TRT10, esse julgamento.<\/span><\/p>\n<p><span style=\"font-size: 18px;\">Como j\u00e1 \u00e9 sabido, a<span id=\"m_-3776889436734797315yui_3_16_0_ym19_1_1511788413989_40104\">\u00a0Campanha Salarial 2017 foi para Diss\u00eddio Coletivo na Justi\u00e7a do Trabalho por intransig\u00eancia de alguns empres\u00e1rios. Lembramos ainda que, diante do impasse, fizemos uma greve e a justi\u00e7a a julgou ilegal. Alguns empres\u00e1rios insistiram em implantar o horista e por isso, n\u00e3o pudemos finalizar as negocia\u00e7\u00f5es da nossa data-base.<\/span><\/span><\/p>\n<p><span style=\"font-size: 18px;\"><span id=\"m_-3776889436734797315yui_3_16_0_ym19_1_1511788413989_40107\">Agora, com o julgamento, esperamos que finalmente tenha<\/span><span id=\"m_-3776889436734797315yui_3_16_0_ym19_1_1511788413989_40107\">mos uma decis\u00e3o favor\u00e1vel aos vigilantes. N\u00e3o esquecendo que j\u00e1 estamos na luta da Campanha Salarial 2018.<\/span><\/span><\/p>\n<figure id=\"attachment_9066\" aria-describedby=\"caption-attachment-9066\" style=\"width: 750px\" class=\"wp-caption aligncenter\"><img loading=\"lazy\" decoding=\"async\" class=\"wp-image-9066 size-large\" src=\"http:\/\/sindesvdf.com.br\/news\/wp-content\/uploads\/2017\/11\/Screenshot_1-1-790x402.png\" alt=\"\" width=\"750\" height=\"382\" srcset=\"https:\/\/sindesvdf.com.br\/news\/wp-content\/uploads\/2017\/11\/Screenshot_1-1-790x402.png 790w, https:\/\/sindesvdf.com.br\/news\/wp-content\/uploads\/2017\/11\/Screenshot_1-1-300x153.png 300w, https:\/\/sindesvdf.com.br\/news\/wp-content\/uploads\/2017\/11\/Screenshot_1-1-768x391.png 768w, https:\/\/sindesvdf.com.br\/news\/wp-content\/uploads\/2017\/11\/Screenshot_1-1-250x127.png 250w, https:\/\/sindesvdf.com.br\/news\/wp-content\/uploads\/2017\/11\/Screenshot_1-1-150x76.png 150w, https:\/\/sindesvdf.com.br\/news\/wp-content\/uploads\/2017\/11\/Screenshot_1-1.png 1237w\" sizes=\"auto, (max-width: 750px) 100vw, 750px\" \/><figcaption id=\"caption-attachment-9066\" class=\"wp-caption-text\">P\u00e1gina do TRT10 com a confirma\u00e7\u00e3o da data do julgamento do Diss\u00eddio Coletivo<\/figcaption><\/figure>\n<p class=\"wpf_wrapper\"><a class=\"print_link\" href=\"\" target=\"_blank\">Preparar para impress\u00e3o<\/a><\/p><!-- .wpf_wrapper -->","protected":false},"excerpt":{"rendered":"<p>O Tribunal Regional do Trabalho 10\u00aa Regi\u00e3o (TRT10) incluiu o julgamento do Diss\u00eddio Coletivo da nossa data-base 2017 na pauta&hellip; <\/p>\n","protected":false},"author":1,"featured_media":0,"comment_status":"closed","ping_status":"closed","sticky":false,"template":"","format":"standard","meta":{"footnotes":""},"categories":[116,7],"tags":[],"class_list":["post-9050","post","type-post","status-publish","format-standard","hentry","category-campanha-salarial-2017","category-noticias"],"jetpack_featured_media_url":"","_links":{"self":[{"href":"https:\/\/sindesvdf.com.br\/news\/wp-json\/wp\/v2\/posts\/9050","targetHints":{"allow":["GET"]}}],"collection":[{"href":"https:\/\/sindesvdf.com.br\/news\/wp-json\/wp\/v2\/posts"}],"about":[{"href":"https:\/\/sindesvdf.com.br\/news\/wp-json\/wp\/v2\/types\/post"}],"author":[{"embeddable":true,"href":"https:\/\/sindesvdf.com.br\/news\/wp-json\/wp\/v2\/users\/1"}],"replies":[{"embeddable":true,"href":"https:\/\/sindesvdf.com.br\/news\/wp-json\/wp\/v2\/comments?post=9050"}],"version-history":[{"count":9,"href":"https:\/\/sindesvdf.com.br\/news\/wp-json\/wp\/v2\/posts\/9050\/revisions"}],"predecessor-version":[{"id":9073,"href":"https:\/\/sindesvdf.com.br\/news\/wp-json\/wp\/v2\/posts\/9050\/revisions\/9073"}],"wp:attachment":[{"href":"https:\/\/sindesvdf.com.br\/news\/wp-json\/wp\/v2\/media?parent=9050"}],"wp:term":[{"taxonomy":"category","embeddable":true,"href":"https:\/\/sindesvdf.com.br\/news\/wp-json\/wp\/v2\/categories?post=9050"},{"taxonomy":"post_tag","embeddable":true,"href":"https:\/\/sindesvdf.com.br\/news\/wp-json\/wp\/v2\/tags?post=9050"}],"curies":[{"name":"wp","href":"https:\/\/api.w.org\/{rel}","templated":true}]}}