{"id":9074,"date":"2017-11-29T16:08:08","date_gmt":"2017-11-29T18:08:08","guid":{"rendered":"http:\/\/sindesvdf.com.br\/news\/?p=9074"},"modified":"2017-12-01T12:19:26","modified_gmt":"2017-12-01T14:19:26","slug":"piso-nacional-dos-vigilantes-e-aprovado-em-comissao-da-camara","status":"publish","type":"post","link":"https:\/\/sindesvdf.com.br\/news\/piso-nacional-dos-vigilantes-e-aprovado-em-comissao-da-camara\/","title":{"rendered":"Piso Nacional dos Vigilantes \u00e9 aprovado em comiss\u00e3o da C\u00e2mara"},"content":{"rendered":"<p id=\"m_-5705784138342361345yui_3_16_0_ym19_1_1511966973686_15503\"><span id=\"m_-5705784138342361345yui_3_16_0_ym19_1_1511966973686_15504\"><img loading=\"lazy\" decoding=\"async\" class=\"aligncenter size-full wp-image-9084\" src=\"http:\/\/sindesvdf.com.br\/news\/wp-content\/uploads\/2017\/11\/WhatsApp-Image-2017-12-01-at-11.28.22.jpeg\" alt=\"\" width=\"700\" height=\"400\" srcset=\"https:\/\/sindesvdf.com.br\/news\/wp-content\/uploads\/2017\/11\/WhatsApp-Image-2017-12-01-at-11.28.22.jpeg 700w, https:\/\/sindesvdf.com.br\/news\/wp-content\/uploads\/2017\/11\/WhatsApp-Image-2017-12-01-at-11.28.22-300x171.jpeg 300w, https:\/\/sindesvdf.com.br\/news\/wp-content\/uploads\/2017\/11\/WhatsApp-Image-2017-12-01-at-11.28.22-250x143.jpeg 250w, https:\/\/sindesvdf.com.br\/news\/wp-content\/uploads\/2017\/11\/WhatsApp-Image-2017-12-01-at-11.28.22-150x86.jpeg 150w\" sizes=\"auto, (max-width: 700px) 100vw, 700px\" \/><\/span><\/p>\n<p><span id=\"m_-5705784138342361345yui_3_16_0_ym19_1_1511966973686_15504\">A Comiss\u00e3o de Trabalho, Administra\u00e7\u00e3o e Servi\u00e7o P\u00fablico (CTASP) da C\u00e2mara dos Deputados aprovou, na manh\u00e3 de quarta (29\/11) o Piso Nacional dos Vigilantes.<\/span><\/p>\n<p id=\"m_-5705784138342361345yui_3_16_0_ym19_1_1511966973686_15506\"><span id=\"m_-5705784138342361345yui_3_16_0_ym19_1_1511966973686_15507\">Agora, com essa importante vit\u00f3ria, ainda teremos uma grande luta pela frente:\u00a0\u00e9 necess\u00e1rio que o PL passe por v\u00e1rias comiss\u00f5es e pelos plen\u00e1rios da C\u00e2mara dos Deputados e do Senado, at\u00e9 que v\u00e1 \u00e0 san\u00e7\u00e3o presidencial.\u00a0<span id=\"m_-5705784138342361345yui_3_16_0_ym19_1_1511966973686_15510\">A proposta \u00e9 que o Piso Nacional seja fixado em R$ 3 mil.<\/span><\/span><\/p>\n<p id=\"m_-5705784138342361345yui_3_16_0_ym19_1_1511966973686_15509\"><span id=\"m_-5705784138342361345yui_3_16_0_ym19_1_1511966973686_15510\">O Piso Nacional dos Vigilantes \u00e9 uma luta da Confedera\u00e7\u00e3o Nacional dos Vigilantes (CNTV) e sindicatos filiados que durante anos vem pressionando o Congresso Nacional para a vota\u00e7\u00e3o da mat\u00e9ria, dentro do entendimento de que o vigilante \u00e9 um profissional qualificado e com sua vida exposta todos os dias ao risco, sem nunca saber se voltar\u00e1 para casa. Portanto, mais que justo que tenha um sal\u00e1rio melhor que seja nacionalizado.\u00a0<\/span><\/p>\n<p id=\"m_-5705784138342361345yui_3_16_0_ym19_1_1511966973686_15512\" dir=\"ltr\"><span id=\"m_-5705784138342361345yui_3_16_0_ym19_1_1511966973686_15513\">Foi com muita garra, perseveran\u00e7a e luta que conquistamos o adicional de risco de vida. A luta agora \u00e9 pelo Piso Nacional.<\/span><\/p>\n<p class=\"wpf_wrapper\"><a class=\"print_link\" href=\"\" target=\"_blank\">Preparar para impress\u00e3o<\/a><\/p><!-- .wpf_wrapper -->","protected":false},"excerpt":{"rendered":"<p>A Comiss\u00e3o de Trabalho, Administra\u00e7\u00e3o e Servi\u00e7o P\u00fablico (CTASP) da C\u00e2mara dos Deputados aprovou, na manh\u00e3 de quarta (29\/11) o&hellip; <\/p>\n","protected":false},"author":1,"featured_media":0,"comment_status":"closed","ping_status":"closed","sticky":false,"template":"","format":"standard","meta":{"footnotes":""},"categories":[7],"tags":[],"class_list":["post-9074","post","type-post","status-publish","format-standard","hentry","category-noticias"],"jetpack_featured_media_url":"","_links":{"self":[{"href":"https:\/\/sindesvdf.com.br\/news\/wp-json\/wp\/v2\/posts\/9074","targetHints":{"allow":["GET"]}}],"collection":[{"href":"https:\/\/sindesvdf.com.br\/news\/wp-json\/wp\/v2\/posts"}],"about":[{"href":"https:\/\/sindesvdf.com.br\/news\/wp-json\/wp\/v2\/types\/post"}],"author":[{"embeddable":true,"href":"https:\/\/sindesvdf.com.br\/news\/wp-json\/wp\/v2\/users\/1"}],"replies":[{"embeddable":true,"href":"https:\/\/sindesvdf.com.br\/news\/wp-json\/wp\/v2\/comments?post=9074"}],"version-history":[{"count":6,"href":"https:\/\/sindesvdf.com.br\/news\/wp-json\/wp\/v2\/posts\/9074\/revisions"}],"predecessor-version":[{"id":9087,"href":"https:\/\/sindesvdf.com.br\/news\/wp-json\/wp\/v2\/posts\/9074\/revisions\/9087"}],"wp:attachment":[{"href":"https:\/\/sindesvdf.com.br\/news\/wp-json\/wp\/v2\/media?parent=9074"}],"wp:term":[{"taxonomy":"category","embeddable":true,"href":"https:\/\/sindesvdf.com.br\/news\/wp-json\/wp\/v2\/categories?post=9074"},{"taxonomy":"post_tag","embeddable":true,"href":"https:\/\/sindesvdf.com.br\/news\/wp-json\/wp\/v2\/tags?post=9074"}],"curies":[{"name":"wp","href":"https:\/\/api.w.org\/{rel}","templated":true}]}}