{"id":9281,"date":"2018-01-03T10:22:53","date_gmt":"2018-01-03T12:22:53","guid":{"rendered":"http:\/\/sindesvdf.com.br\/news\/?p=9281"},"modified":"2019-08-20T15:52:26","modified_gmt":"2019-08-20T18:52:26","slug":"atencao-vigilantes-que-sao-ou-eram-da-brasilia-seguranca-caesb","status":"publish","type":"post","link":"https:\/\/sindesvdf.com.br\/news\/atencao-vigilantes-que-sao-ou-eram-da-brasilia-seguranca-caesb\/","title":{"rendered":"Aten\u00e7\u00e3o Vigilantes que s\u00e3o ou eram da Bras\u00edlia Seguran\u00e7a\/CAESB"},"content":{"rendered":"<p><span style=\"font-size: 20px;\"><img loading=\"lazy\" decoding=\"async\" class=\"alignleft wp-image-9286\" src=\"http:\/\/sindesvdf.com.br\/news\/wp-content\/uploads\/2018\/01\/WhatsApp-Image-2018-01-03-at-10.23.15-300x300.jpeg\" alt=\"\" width=\"350\" height=\"350\" srcset=\"https:\/\/sindesvdf.com.br\/news\/wp-content\/uploads\/2018\/01\/WhatsApp-Image-2018-01-03-at-10.23.15-300x300.jpeg 300w, https:\/\/sindesvdf.com.br\/news\/wp-content\/uploads\/2018\/01\/WhatsApp-Image-2018-01-03-at-10.23.15-150x150.jpeg 150w, https:\/\/sindesvdf.com.br\/news\/wp-content\/uploads\/2018\/01\/WhatsApp-Image-2018-01-03-at-10.23.15-768x768.jpeg 768w, https:\/\/sindesvdf.com.br\/news\/wp-content\/uploads\/2018\/01\/WhatsApp-Image-2018-01-03-at-10.23.15-790x790.jpeg 790w, https:\/\/sindesvdf.com.br\/news\/wp-content\/uploads\/2018\/01\/WhatsApp-Image-2018-01-03-at-10.23.15.jpeg 1280w\" sizes=\"auto, (max-width: 350px) 100vw, 350px\" \/><span style=\"font-size: 24px;\">O Sindicato convoca uma reuni\u00e3o para tratarmos de assunto do interesse dos vigilantes abaixo relacionados.<\/span><\/span><\/p>\n<p><span style=\"font-size: 24px;\">Estamos pr\u00f3ximos de mais uma a\u00e7\u00e3o vitoriosa em favor dos companheiros que est\u00e3o nesta listagem.<\/span><\/p>\n<hr \/>\n<p><span style=\"font-size: 24px;\"><strong><span style=\"font-size: 30px; color: #003366;\">Reuni\u00e3o no Sindicato<\/span><br \/>\n<\/strong>&#x1f5d3;\u00a0<strong><span style=\"font-size: 20px;\">05\/01 \u2013 sexta-feira<br \/>\n<\/span><\/strong>&#x1f551;<strong><span style=\"font-size: 20px;\">\u00a010 horas da manh\u00e3<br \/>\n<\/span><\/strong>&#x1f6a9;\u00a0<span style=\"font-size: 20px;\"><strong>Audit\u00f3rio do SINDESV-DF:<\/strong>\u00a0<\/span><em><span style=\"font-size: 18px;\">Conic \u2013 Ed. Ven\u00e2ncio V \u2013 Cobertura<br \/>\n<\/span><\/em>&#x1f4dd;\u00a0<strong><span style=\"font-size: 20px;\">Res\u00edduo do Adicional de Insalubridade<\/span><\/strong><\/span><\/p>\n<hr \/>\n<table>\n<tbody>\n<tr>\n<td style=\"vertical-align: top;\"><span style=\"font-size: 18px;\">Adalberto Fernandes de Lima<\/span><br \/>\n<span style=\"font-size: 18px;\">Adalto Alves de Almeida<\/span><br \/>\n<span style=\"font-size: 18px;\">Ademias Rodrigues Neres<\/span><br \/>\n<span style=\"font-size: 18px;\">Adilson Ferreira da Silva<\/span><br \/>\n<span style=\"font-size: 18px;\">Aguinelio Barreira Cirqueira<\/span><br \/>\n<span style=\"font-size: 18px;\">Albino da Silva Xavier<\/span><br \/>\n<span style=\"font-size: 18px;\">Alexandre de Jesus Santos<\/span><br \/>\n<span style=\"font-size: 18px;\">Alexsandro de Jesus<\/span><br \/>\n<span style=\"font-size: 18px;\">Amazildo Rezende Figueiredo<\/span><br \/>\n<span style=\"font-size: 18px;\">Anderson Thiago Santos de Padua<\/span><br \/>\n<span style=\"font-size: 18px;\">Anizio Pereira da Silva<\/span><br \/>\n<span style=\"font-size: 18px;\">Antonio Airton Vieira Damascena<\/span><br \/>\n<span style=\"font-size: 18px;\">Antonio Carlos dos Santos<\/span><br \/>\n<span style=\"font-size: 18px;\">Antonio Cleilson da Silva<\/span><br \/>\n<span style=\"font-size: 18px;\">Antonio de Padua B Santos<\/span><br \/>\n<span style=\"font-size: 18px;\">Antonio do Nascimento Benis<\/span><br \/>\n<span style=\"font-size: 18px;\">Ant\u00f4nio dos Santos Silva<\/span><br \/>\n<span style=\"font-size: 18px;\">Antonio Francisco de Sousa Tavares<\/span><br \/>\n<span style=\"font-size: 18px;\">Antonio Francisco Pereira de Souza<\/span><br \/>\n<span style=\"font-size: 18px;\">Antonio Jose de Souza<\/span><br \/>\n<span style=\"font-size: 18px;\">Antonio Lopes da Silva Neto<\/span><br \/>\n<span style=\"font-size: 18px;\">Antonio Marques P dos Santos<\/span><br \/>\n<span style=\"font-size: 18px;\">Antonio Paulino de Oliveira<\/span><br \/>\n<span style=\"font-size: 18px;\">Antonio Wallace Machado (Falecido)<\/span><br \/>\n<span style=\"font-size: 18px;\">Arlan Jose de Santana<\/span><br \/>\n<span style=\"font-size: 18px;\">Armando Alves dos Santos<\/span><br \/>\n<span style=\"font-size: 18px;\">Arnaldo Pereira Filho<\/span><br \/>\n<span style=\"font-size: 18px;\">Atoval Silva de Araujo<\/span><br \/>\n<span style=\"font-size: 18px;\">Bartolomeu Rodrigues dos Santos<\/span><br \/>\n<span style=\"font-size: 18px;\">Benevaldo Machado de Aguiar<\/span><br \/>\n<span style=\"font-size: 18px;\">Bernardo Macedo Costa<\/span><br \/>\n<span style=\"font-size: 18px;\">Carlos Alberto G Coelho<\/span><br \/>\n<span style=\"font-size: 18px;\">Carlos Henrique Dias Pereira<\/span><br \/>\n<span style=\"font-size: 18px;\">Carmelito Moreira da Silva<\/span><br \/>\n<span style=\"font-size: 18px;\">Celso dos Santos Nasario<\/span><br \/>\n<span style=\"font-size: 18px;\">Cicero dos Santos Lima<\/span><br \/>\n<span style=\"font-size: 18px;\">Cicero Genivaldo Costa Anchieta<\/span><br \/>\n<span style=\"font-size: 18px;\">Claudio Lacerda de Lima<\/span><br \/>\n<span style=\"font-size: 18px;\">Claudionor Pinto Cabral<\/span><br \/>\n<span style=\"font-size: 18px;\">Clayton Pereira Dantas<\/span><br \/>\n<span style=\"font-size: 18px;\">Clenilson Silva de Souza<\/span><br \/>\n<span style=\"font-size: 18px;\">Cleydson Jeronimo de S. Lisboa<\/span><br \/>\n<span style=\"font-size: 18px;\">Cosme de Jesus da Silva<\/span><br \/>\n<span style=\"font-size: 18px;\">Dair Alves da Rocha<\/span><br \/>\n<span style=\"font-size: 18px;\">Damiao Hercules Medeiros Caetano<\/span><br \/>\n<span style=\"font-size: 18px;\">Dijalma Cardoso Fernandes<\/span><br \/>\n<span style=\"font-size: 18px;\">Domingos Pereira Santiago<\/span><br \/>\n<span style=\"font-size: 18px;\">Eber Lopes da Silva<\/span><br \/>\n<span style=\"font-size: 18px;\">Edilson Alves da Silva<\/span><br \/>\n<span style=\"font-size: 18px;\">Edivaldo Rodrigues Veloso<\/span><br \/>\n<span style=\"font-size: 18px;\">Edmilson de Alcantara<\/span><br \/>\n<span style=\"font-size: 18px;\">Edmilson Vieira Rosa<\/span><br \/>\n<span style=\"font-size: 18px;\">Eleuvaney de Brito Delgado<\/span><br \/>\n<span style=\"font-size: 18px;\">Emerson Santana de Sousa<\/span><br \/>\n<span style=\"font-size: 18px;\">Enielton Alves Pimenta<\/span><br \/>\n<span style=\"font-size: 18px;\">Ericson Nunes M Filho<\/span><br \/>\n<span style=\"font-size: 18px;\">Fabiano de Sousa Santos<\/span><br \/>\n<span style=\"font-size: 18px;\">Fabio Alves Gonzaga Lucena<\/span><br \/>\n<span style=\"font-size: 18px;\">Fabricio Lopes de Medeiros<\/span><br \/>\n<span style=\"font-size: 18px;\">Fernando Santana de Oliveira<\/span><br \/>\n<span style=\"font-size: 18px;\">Florentino Jose Romeiro Neto<\/span><br \/>\n<span style=\"font-size: 18px;\">Francelino Furtado de Almeida<\/span><br \/>\n<span style=\"font-size: 18px;\">Francisco Adailton C. de Albuquerque<\/span><br \/>\n<span style=\"font-size: 18px;\">Francisco Alex Marques Machado<\/span><br \/>\n<span style=\"font-size: 18px;\">Francisco das Chagas Rosa<\/span><br \/>\n<span style=\"font-size: 18px;\">Francisco Orleans Monteiro Vaz<\/span><br \/>\n<span style=\"font-size: 18px;\">Francisco Orleido Macal Alves<\/span><br \/>\n<span style=\"font-size: 18px;\">Francisco Ricardo de Queiroz Alves<\/span><br \/>\n<span style=\"font-size: 18px;\">Francisco Rosa Pires<\/span><br \/>\n<span style=\"font-size: 18px;\">Gabriel Ribeiro de Sena Filho<\/span><br \/>\n<span style=\"font-size: 18px;\">Gedeon Alves Manzan<\/span><br \/>\n<span style=\"font-size: 18px;\">Geraldo Mangelo Rosa<\/span><br \/>\n<span style=\"font-size: 18px;\">Gerson Simoes dos Santos<\/span><br \/>\n<span style=\"font-size: 18px;\">Getulio Jose de Lima<\/span><br \/>\n<span style=\"font-size: 18px;\">Gilberto Carlos Pereira<\/span><\/td>\n<td style=\"vertical-align: top;\"><span style=\"font-size: 18px;\">Gilberto Costa Cunha<em> (Falecido)<\/em><\/span><br \/>\n<span style=\"font-size: 18px;\">Gilberto Rodrigues de Oliveira<\/span><br \/>\n<span style=\"font-size: 18px;\">Hamim Pereira da Silva<\/span><br \/>\n<span style=\"font-size: 18px;\">Helio da Silva Pinto<\/span><br \/>\n<span style=\"font-size: 18px;\">Herval Vieira Barros Junior<\/span><br \/>\n<span style=\"font-size: 18px;\">Ionildo Gomes Dantas<\/span><br \/>\n<span style=\"font-size: 18px;\">Isaias Nunes da Silva<\/span><br \/>\n<span style=\"font-size: 18px;\">Ivanildo de Almeida Gomes<\/span><br \/>\n<span style=\"font-size: 18px;\">Izidorio Pereira Ramos<\/span><br \/>\n<span style=\"font-size: 18px;\">Jeremias Oliveira da Silva<\/span><br \/>\n<span style=\"font-size: 18px;\">Joaci Rodrigues Chaves<\/span><br \/>\n<span style=\"font-size: 18px;\">Joao Antonio Timoteo<\/span><br \/>\n<span style=\"font-size: 18px;\">Joao Batista Fernandes de Melo<\/span><br \/>\n<span style=\"font-size: 18px;\">Jo\u00e3o Batista Teixeira Marques<\/span><br \/>\n<span style=\"font-size: 18px;\">Joao Carvalho Martins<\/span><br \/>\n<span style=\"font-size: 18px;\">Joao Maria da Silva<\/span><br \/>\n<span style=\"font-size: 18px;\">Joao Roberto Cesar Marques<\/span><br \/>\n<span style=\"font-size: 18px;\">Jocelso Rocha<\/span><br \/>\n<span style=\"font-size: 18px;\">Jose Antonio da Costa<\/span><br \/>\n<span style=\"font-size: 18px;\">Jose Antonio Pereira dos Santos<\/span><br \/>\n<span style=\"font-size: 18px;\">Jose Batista Neto<\/span><br \/>\n<span style=\"font-size: 18px;\">Jose da Graca Araujo Ferreira<\/span><br \/>\n<span style=\"font-size: 18px;\">Jos\u00e9 Francisco das Neves<\/span><br \/>\n<span style=\"font-size: 18px;\">Jos\u00e9 Francisco de Souza<\/span><br \/>\n<span style=\"font-size: 18px;\">Jose Luiz Seara Penha<\/span><br \/>\n<span style=\"font-size: 18px;\">Jos\u00e9 Oliveira da Silva<\/span><br \/>\n<span style=\"font-size: 18px;\">Jose Osmundo da Costa<\/span><br \/>\n<span style=\"font-size: 18px;\">Jose Ribeiro Bonifacio<\/span><br \/>\n<span style=\"font-size: 18px;\">Jose Rodrigues Barbosa<\/span><br \/>\n<span style=\"font-size: 18px;\">Jose Rogerio Pereira<\/span><br \/>\n<span style=\"font-size: 18px;\">Jose Wagner da Costa Melo<\/span><br \/>\n<span style=\"font-size: 18px;\">Joselito Godinho Pinheiro<\/span><br \/>\n<span style=\"font-size: 18px;\">Juliano Augusto Silva Cambui<\/span><br \/>\n<span style=\"font-size: 18px;\">Julio Pereira Filho<\/span><br \/>\n<span style=\"font-size: 18px;\">Limirio Goncalves de Brito<\/span><br \/>\n<span style=\"font-size: 18px;\">Luiz Carlos Viriato<\/span><br \/>\n<span style=\"font-size: 18px;\">Luiz Monte de Sousa<\/span><br \/>\n<span style=\"font-size: 18px;\">Luiz Vitor Silvestre Rocha<\/span><br \/>\n<span style=\"font-size: 18px;\">Magno Rodrigues Moreira<\/span><br \/>\n<span style=\"font-size: 18px;\">Manoel de Jesus M de Oliveira<\/span><br \/>\n<span style=\"font-size: 18px;\">Marcos Antonio da Silva<\/span><br \/>\n<span style=\"font-size: 18px;\">Marcos Roberto de Almeida Santos<\/span><br \/>\n<span style=\"font-size: 18px;\">Mauro Gomes da Costa<\/span><br \/>\n<span style=\"font-size: 18px;\">Miguel Mendes Rodrigues <\/span><br \/>\n<span style=\"font-size: 18px;\">Narciso Carvalho da Silva<\/span><br \/>\n<span style=\"font-size: 18px;\">Nestor Duque de Menezes<\/span><br \/>\n<span style=\"font-size: 18px;\">Orlando Moreira Lopes<\/span><br \/>\n<span style=\"font-size: 18px;\">Osmundo Machado de Azevedo<\/span><br \/>\n<span style=\"font-size: 18px;\">Paulo Francisco de Oliveira<\/span><br \/>\n<span style=\"font-size: 18px;\">Paulo Monteiro Duarte<\/span><br \/>\n<span style=\"font-size: 18px;\">Pedro Balbino da Silva<\/span><br \/>\n<span style=\"font-size: 18px;\">Pedro Goncalves de Oliveira<\/span><br \/>\n<span style=\"font-size: 18px;\">Pedro Laureano da Silva Neto<\/span><br \/>\n<span style=\"font-size: 18px;\">Ricardo Cristopher M. dos Santos<\/span><br \/>\n<span style=\"font-size: 18px;\">Ricardo Lino dos Santos<\/span><br \/>\n<span style=\"font-size: 18px;\">Ricardo Nascimento Rodrigues<\/span><br \/>\n<span style=\"font-size: 18px;\">Robert Ferreira de Aguiar<\/span><br \/>\n<span style=\"font-size: 18px;\">Rodrigo da Silva<\/span><br \/>\n<span style=\"font-size: 18px;\">Rogerio Lino de Freitas<\/span><br \/>\n<span style=\"font-size: 18px;\">Roney Pereira Gomes da Silva<\/span><br \/>\n<span style=\"font-size: 18px;\">Ronimark Alves de Oliveira<\/span><br \/>\n<span style=\"font-size: 18px;\">Roosevelt Alves Melo<\/span><br \/>\n<span style=\"font-size: 18px;\">Severino Cabral de Araujo Gon\u00e7alves<\/span><br \/>\n<span style=\"font-size: 18px;\">Silas de Sena Brito<\/span><br \/>\n<span style=\"font-size: 18px;\">Silvanio Roque Guimaraes<\/span><br \/>\n<span style=\"font-size: 18px;\">Tiago Lima dos Santos<\/span><br \/>\n<span style=\"font-size: 18px;\">Valcirlan Pereira Viana<\/span><br \/>\n<span style=\"font-size: 18px;\">Valdeci Pereira dos Santos<\/span><br \/>\n<span style=\"font-size: 18px;\">Valdeiris Barros<\/span><br \/>\n<span style=\"font-size: 18px;\">Valdemi Ferreira Duarte<\/span><br \/>\n<span style=\"font-size: 18px;\">Vicente de Sousa Leitao<\/span><br \/>\n<span style=\"font-size: 18px;\">Wagner de Souza Monteiro<\/span><br \/>\n<span style=\"font-size: 18px;\">Wenderson Milomes dos Passos<\/span><br \/>\n<span style=\"font-size: 18px;\">Wouwerman Cavalcante Veras<\/span><\/td>\n<\/tr>\n<\/tbody>\n<\/table>\n<p>&nbsp;<\/p>\n<p class=\"wpf_wrapper\"><a class=\"print_link\" href=\"\" target=\"_blank\">Preparar para impress\u00e3o<\/a><\/p><!-- .wpf_wrapper -->","protected":false},"excerpt":{"rendered":"<p>O Sindicato convoca uma reuni\u00e3o para tratarmos de assunto do interesse dos vigilantes abaixo relacionados. Estamos pr\u00f3ximos de mais uma&hellip; <\/p>\n","protected":false},"author":1,"featured_media":0,"comment_status":"closed","ping_status":"closed","sticky":false,"template":"","format":"standard","meta":{"footnotes":""},"categories":[7],"tags":[],"class_list":["post-9281","post","type-post","status-publish","format-standard","hentry","category-noticias"],"jetpack_featured_media_url":"","_links":{"self":[{"href":"https:\/\/sindesvdf.com.br\/news\/wp-json\/wp\/v2\/posts\/9281","targetHints":{"allow":["GET"]}}],"collection":[{"href":"https:\/\/sindesvdf.com.br\/news\/wp-json\/wp\/v2\/posts"}],"about":[{"href":"https:\/\/sindesvdf.com.br\/news\/wp-json\/wp\/v2\/types\/post"}],"author":[{"embeddable":true,"href":"https:\/\/sindesvdf.com.br\/news\/wp-json\/wp\/v2\/users\/1"}],"replies":[{"embeddable":true,"href":"https:\/\/sindesvdf.com.br\/news\/wp-json\/wp\/v2\/comments?post=9281"}],"version-history":[{"count":10,"href":"https:\/\/sindesvdf.com.br\/news\/wp-json\/wp\/v2\/posts\/9281\/revisions"}],"predecessor-version":[{"id":9293,"href":"https:\/\/sindesvdf.com.br\/news\/wp-json\/wp\/v2\/posts\/9281\/revisions\/9293"}],"wp:attachment":[{"href":"https:\/\/sindesvdf.com.br\/news\/wp-json\/wp\/v2\/media?parent=9281"}],"wp:term":[{"taxonomy":"category","embeddable":true,"href":"https:\/\/sindesvdf.com.br\/news\/wp-json\/wp\/v2\/categories?post=9281"},{"taxonomy":"post_tag","embeddable":true,"href":"https:\/\/sindesvdf.com.br\/news\/wp-json\/wp\/v2\/tags?post=9281"}],"curies":[{"name":"wp","href":"https:\/\/api.w.org\/{rel}","templated":true}]}}