{"id":9306,"date":"2018-01-03T16:06:38","date_gmt":"2018-01-03T18:06:38","guid":{"rendered":"http:\/\/sindesvdf.com.br\/news\/?p=9306"},"modified":"2018-01-03T16:10:42","modified_gmt":"2018-01-03T18:10:42","slug":"banco-do-brasil-adota-providencias-para-o-pagamento-de-auxilio-alimentacao-dos-terceirizados","status":"publish","type":"post","link":"https:\/\/sindesvdf.com.br\/news\/banco-do-brasil-adota-providencias-para-o-pagamento-de-auxilio-alimentacao-dos-terceirizados\/","title":{"rendered":"Banco do Brasil adota provid\u00eancias para o pagamento de aux\u00edlio alimenta\u00e7\u00e3o dos terceirizados"},"content":{"rendered":"<p><img loading=\"lazy\" decoding=\"async\" class=\"aligncenter wp-image-9307 size-large\" src=\"http:\/\/sindesvdf.com.br\/news\/wp-content\/uploads\/2018\/01\/Banco-do-Brasil-ok-01-790x451.jpg\" alt=\"\" width=\"750\" height=\"428\" srcset=\"https:\/\/sindesvdf.com.br\/news\/wp-content\/uploads\/2018\/01\/Banco-do-Brasil-ok-01-790x451.jpg 790w, https:\/\/sindesvdf.com.br\/news\/wp-content\/uploads\/2018\/01\/Banco-do-Brasil-ok-01-300x171.jpg 300w, https:\/\/sindesvdf.com.br\/news\/wp-content\/uploads\/2018\/01\/Banco-do-Brasil-ok-01-768x439.jpg 768w, https:\/\/sindesvdf.com.br\/news\/wp-content\/uploads\/2018\/01\/Banco-do-Brasil-ok-01-250x143.jpg 250w, https:\/\/sindesvdf.com.br\/news\/wp-content\/uploads\/2018\/01\/Banco-do-Brasil-ok-01-150x86.jpg 150w\" sizes=\"auto, (max-width: 750px) 100vw, 750px\" \/><\/p>\n<p>O deputado Chico Vigilante conversou agora \u00e0 tarde com o presidente do Banco do Brasil, Paulo Cafarelli. Na pauta, a decis\u00e3o absurda das empresas Brasfort e MultServ de n\u00e3o pagarem o aux\u00edlio alimenta\u00e7\u00e3o para os empregados que prestam servi\u00e7o ao banco.<\/p>\n<p>Cafarelli acionou o departamento jur\u00eddico do BB para que sejam tomadas provid\u00eancias para que o aux\u00edlio alimenta\u00e7\u00e3o dos terceirizados seja pago conforme determinam os contratos de presta\u00e7\u00e3o de servi\u00e7o assinados com o banco.<\/p>\n<p><em>\u201cO presidente me disse que \u00e9 muito injusto que os trabalhadores fiquem sem o t\u00edquete alimenta\u00e7\u00e3o. N\u00f3s estamos na luta e n\u00e3o vamos permitir em hip\u00f3tese nenhuma que os trabalhadores fiquem sem o seu benef\u00edcio, o t\u00edquete alimenta\u00e7\u00e3o<\/em>\u201d, relata o deputado.<\/p>\n<p>O deputado avalia que o aux\u00edlio alimenta\u00e7\u00e3o complementa a renda dos trabalhadores e relembra que o benef\u00edcio \u00e9 pago h\u00e1 mais de trinta anos em virtude da luta dos sindicatos.<\/p>\n<p>\u201c<em>Os trabalhadores necessitam do aux\u00edlio alimenta\u00e7\u00e3o para as compras de utens\u00edlios b\u00e1sicos para alimentarem as suas fam\u00edlias. J\u00e1 faz parte do sal\u00e1rio dos trabalhadores e, por esse motivo, n\u00e3o pode ser negado. O que a empresa est\u00e1 fazendo \u00e9 uma atitude criminosa<\/em>\u201d, afirmou Chico Vigilante.<\/p>\n<p>Esse benef\u00edcio \u00e9 pago aos trabalhadores em forma de pec\u00fania por dia trabalhado, para o custeio de suas despesas com alimenta\u00e7\u00e3o. Atualmente, o valor di\u00e1rio do t\u00edquete alimenta\u00e7\u00e3o \u00e9 de R$ 34,11.<\/p>\n<p>Chico Vigilante passou o dia de plant\u00e3o na sede do Sindicato dos Vigilantes, tomando todas as provid\u00eancias para que todos os trabalhadores terceirizados n\u00e3o sejam prejudicados por essa decis\u00e3o absurda da Brasfort e MultServ.<\/p>\n<p>Mais cedo, a secret\u00e1ria de Planejamento, Leany Lemos, garantiu que as empresas que prestam servi\u00e7o para o GDF nas \u00e1reas de limpeza, merenda e vigil\u00e2ncia t\u00eam que pagar o aux\u00edlio alimenta\u00e7\u00e3o aos trabalhadores terceirizados.<\/p>\n<p>Toda a quest\u00e3o come\u00e7ou nesta segunda-feira (1\/1), circulou em grupos de WhatsApp um documento das empresas informando a seus empregados que n\u00e3o iria pagar mais nenhum benef\u00edcio aprovado em conven\u00e7\u00e3o coletiva de trabalho.<\/p>\n<p>No documento, a empresa afirma que a conven\u00e7\u00e3o n\u00e3o tem mais validade desde a implanta\u00e7\u00e3o da reforma trabalhista, 11 de novembro.<\/p>\n<p><em>\u201cEssas empresas se prendem \u00e0 reforma trabalhista para retirada de conquistas hist\u00f3ricas dos trabalhadores\u201d<\/em>, avalia Chico Vigilante.<\/p>\n<p style=\"text-align: right;\"><em><strong><span style=\"color: #ff0000;\">Fonte: Ascom &#8211; Chico Vigilante<\/span><\/strong><\/em><\/p>\n<p>&nbsp;<\/p>\n<p class=\"wpf_wrapper\"><a class=\"print_link\" href=\"\" target=\"_blank\">Preparar para impress\u00e3o<\/a><\/p><!-- .wpf_wrapper -->","protected":false},"excerpt":{"rendered":"<p>O deputado Chico Vigilante conversou agora \u00e0 tarde com o presidente do Banco do Brasil, Paulo Cafarelli. Na pauta, a&hellip; <\/p>\n","protected":false},"author":1,"featured_media":0,"comment_status":"closed","ping_status":"closed","sticky":false,"template":"","format":"standard","meta":{"footnotes":""},"categories":[],"tags":[],"class_list":["post-9306","post","type-post","status-publish","format-standard","hentry"],"jetpack_featured_media_url":"","_links":{"self":[{"href":"https:\/\/sindesvdf.com.br\/news\/wp-json\/wp\/v2\/posts\/9306","targetHints":{"allow":["GET"]}}],"collection":[{"href":"https:\/\/sindesvdf.com.br\/news\/wp-json\/wp\/v2\/posts"}],"about":[{"href":"https:\/\/sindesvdf.com.br\/news\/wp-json\/wp\/v2\/types\/post"}],"author":[{"embeddable":true,"href":"https:\/\/sindesvdf.com.br\/news\/wp-json\/wp\/v2\/users\/1"}],"replies":[{"embeddable":true,"href":"https:\/\/sindesvdf.com.br\/news\/wp-json\/wp\/v2\/comments?post=9306"}],"version-history":[{"count":2,"href":"https:\/\/sindesvdf.com.br\/news\/wp-json\/wp\/v2\/posts\/9306\/revisions"}],"predecessor-version":[{"id":9309,"href":"https:\/\/sindesvdf.com.br\/news\/wp-json\/wp\/v2\/posts\/9306\/revisions\/9309"}],"wp:attachment":[{"href":"https:\/\/sindesvdf.com.br\/news\/wp-json\/wp\/v2\/media?parent=9306"}],"wp:term":[{"taxonomy":"category","embeddable":true,"href":"https:\/\/sindesvdf.com.br\/news\/wp-json\/wp\/v2\/categories?post=9306"},{"taxonomy":"post_tag","embeddable":true,"href":"https:\/\/sindesvdf.com.br\/news\/wp-json\/wp\/v2\/tags?post=9306"}],"curies":[{"name":"wp","href":"https:\/\/api.w.org\/{rel}","templated":true}]}}