{"id":9332,"date":"2018-01-05T09:17:09","date_gmt":"2018-01-05T11:17:09","guid":{"rendered":"http:\/\/sindesvdf.com.br\/news\/?p=9332"},"modified":"2018-01-05T09:42:14","modified_gmt":"2018-01-05T11:42:14","slug":"vigilante-sofre-avc-apos-discutir-com-administrador-do-riacho-fundo-ii","status":"publish","type":"post","link":"https:\/\/sindesvdf.com.br\/news\/vigilante-sofre-avc-apos-discutir-com-administrador-do-riacho-fundo-ii\/","title":{"rendered":"Vigilante sofre AVC ap\u00f3s discutir com administrador do Riacho Fundo II"},"content":{"rendered":"<p><img loading=\"lazy\" decoding=\"async\" class=\"wp-image-9333 size-large\" src=\"http:\/\/sindesvdf.com.br\/news\/wp-content\/uploads\/2018\/01\/RIACHO-ADM-01-790x527.jpg\" alt=\"\" width=\"750\" height=\"500\" srcset=\"https:\/\/sindesvdf.com.br\/news\/wp-content\/uploads\/2018\/01\/RIACHO-ADM-01-790x527.jpg 790w, https:\/\/sindesvdf.com.br\/news\/wp-content\/uploads\/2018\/01\/RIACHO-ADM-01-300x200.jpg 300w, https:\/\/sindesvdf.com.br\/news\/wp-content\/uploads\/2018\/01\/RIACHO-ADM-01-768x513.jpg 768w, https:\/\/sindesvdf.com.br\/news\/wp-content\/uploads\/2018\/01\/RIACHO-ADM-01-225x150.jpg 225w, https:\/\/sindesvdf.com.br\/news\/wp-content\/uploads\/2018\/01\/RIACHO-ADM-01-150x100.jpg 150w, https:\/\/sindesvdf.com.br\/news\/wp-content\/uploads\/2018\/01\/RIACHO-ADM-01-272x182.jpg 272w\" sizes=\"auto, (max-width: 750px) 100vw, 750px\" \/><\/p>\n<p>Um vigilante teve um acidente vascular cerebral (AVC) logo ap\u00f3s discutir com o administrador regional do Riacho Fundo II, Daniel Figueiredo Pinheiro. De acordo com o Sindicato dos Vigilantes do Distrito Federal (Sindesv-DF), Daniel \u00e9 conhecido entre os\u00a0funcion\u00e1rios por seu\u00a0temperamento explosivo e chegou a acionar a Pol\u00edcia Militar para expulsar o seguran\u00e7a do seu posto de servi\u00e7o. O incidente ocorreu em 28 de dezembro de 2017.<\/p>\n<p>Erivaldo\u00a0Leite, 46 anos, est\u00e1 internado em um hospital particular e se recupera bem. Ele passou dois dias na unidade de terapia intensiva (UTI) e seu estado de sa\u00fade \u00e9 considerado est\u00e1vel. Colega de trabalho de Erivaldo, Francisco Ed\u00edlson Cabral, 54, contou que o administrador come\u00e7ou a persegui-los ap\u00f3s eles reivindicarem melhorias nas condi\u00e7\u00f5es de trabalho.<em>\u00a0\u201cA gente s\u00f3 perguntou se n\u00e3o haveria a possibilidade de termos um vesti\u00e1rio para trocar de roupa e um local mais adequado para almo\u00e7armos, pois, hoje, comemos na rua, na cal\u00e7ada\u201d,<\/em> disse.<\/p>\n<p>As cobran\u00e7as n\u00e3o teriam sido bem digeridas por Daniel, que amea\u00e7ou pedir \u00e0 empresa Multserv \u2013 respons\u00e1vel pela contrata\u00e7\u00e3o dos trabalhadores do local \u2013\u00a0a devolu\u00e7\u00e3o dos dois. O clima entre os guardas e o administrador azedou de vez h\u00e1 20 dias, durante uma confraterniza\u00e7\u00e3o de fim de ano na unidade, \u00e0 qual compareceu o deputado\u00a0distrital Julio Cesar (PRB), respons\u00e1vel por indicar Daniel \u00e0 chefia do \u00f3rg\u00e3o.\u00a0<em>\u201cO deputado veio nos cumprimentar e perguntou se est\u00e1vamos bem. N\u00f3s reclamamos do tratamento agressivo do administrador com os funcion\u00e1rios.\u00a0Contamos que n\u00e3o temos um banheiro para trocar de roupa, nem refeit\u00f3rio\u201d,\u00a0<\/em>relatou\u00a0Francisco. O parlamentar teria chamado a aten\u00e7\u00e3o de seu apadrinhado, publicamente, o que\u00a0despertou a ira de\u00a0Daniel.<\/p>\n<p>Assim como os vigilantes, duas funcion\u00e1rias da limpeza foram devolvidas \u00e0 empresa, a pedido de Daniel: as serventes Selmar da Concei\u00e7\u00e3o Lima, 49 anos, e Tamires Guedes Caf\u00e9, 31.<\/p>\n<p>\u00c0 reportagem, Selmar contou n\u00e3o saber por que foi dispensada. <em>\u201cEle n\u00e3o falou nada, ningu\u00e9m da empresa falou. Simplesmente pediu para nos devolver e, poucos dias depois, fomos mandadas embora\u201d<\/em>, conta.<\/p>\n<p>J\u00e1 Tamires disse ter discutido com o administrador. <em>\u201cTrabalh\u00e1vamos na limpeza, e ele queria que a gente tirasse entulho, mas eu o questionei, alegando que\u00a0se tratava de desvio de fun\u00e7\u00e3o\u201d.<\/em> A jovem ainda alegou falta de instrumentos adequados para fazer o servi\u00e7o, o que teria motivado coment\u00e1rio\u00a0ir\u00f4nico de Daniel. <em>\u201cEu disse que estava com medo de cair, mas ele falou que eu n\u00e3o me machucaria, porque tenho a bunda grande\u201d.<\/em><\/p>\n<p>Tamires afirma ter presenciado\u00a0muitas situa\u00e7\u00f5es desconfort\u00e1veis na administra\u00e7\u00e3o. <em>\u201cEle sempre disse que tinha poder e poderia tirar qualquer uma de n\u00f3s, bastava mandar um relat\u00f3rio. Estou muito chateada, pois muita coisa que est\u00e1 escrita no documento \u00e9 mentira, n\u00e3o aconteceu\u201d<\/em>,\u00a0assegura a ex-funcion\u00e1ria.<\/p>\n<p>O\u00a0administrador chegou a dizer que n\u00e3o era preciso um local para a equipe se alimentar, conta a mo\u00e7a. <em>\u201cEle disse que o pessoal da limpeza podia ficar embaixo de uma \u00e1rvore\u201d.<\/em><\/p>\n<p><strong>Falta de estrutura<\/strong><strong><br \/>\n<\/strong>De acordo com o diretor de comunica\u00e7\u00e3o e imprensa do Sindicato dos Vigilantes do Distrito Federal,\u00a0Gilmar Rodrigues,\u00a0os funcion\u00e1rios n\u00e3o t\u00eam estrutura para trabalhar no \u00f3rg\u00e3o comandado por Daniel Figueiredo Pinheiro.\u00a0<em>\u201cN\u00f3s somos contra esse tipo de tratamento. O trabalhador\u00a0precisa ter um local adequado para comer e se trocar. J\u00e1 conversei com o Daniel v\u00e1rias vezes, mas n\u00e3o adiantou. Ele oferece p\u00e9ssimas condi\u00e7\u00f5es de trabalho para os funcion\u00e1rios.\u00a0Agora,\u00a0vamos denunci\u00e1-lo\u201d, <\/em>afirmou Gilmar.<\/p>\n<p><strong>O outro lado<\/strong><strong><br \/>\n<\/strong>Daniel Figueiredo negou todas as acusa\u00e7\u00f5es e disse ter sido\u00a0amea\u00e7ado de morte pelo vigilante Francisco Ed\u00edlson Cabral. \u00c0 reportagem, ainda afirmou que Erivaldo\u00a0Leite n\u00e3o estava no local de trabalho quando sofreu o AVC. <em>\u201cFui visit\u00e1-lo no hospital, e o irm\u00e3o dele me disse que o Erivaldo tem problemas card\u00edacos e j\u00e1 tinha sofrido um acidente vascular cerebral antes\u201d.<\/em><\/p>\n<p>O administrador ainda rebateu as acusa\u00e7\u00f5es do diretor do Sindicato dos Vigilantes: <em>\u201cQuem pediu para o Francisco sair daqui foi outro fiscal, e n\u00e3o chamamos a pol\u00edcia em nenhum momento&#8221;.<\/em><\/p>\n<p>Sobre a den\u00fancia de falta de condi\u00e7\u00f5es de trabalho na unidade,\u00a0Daniel explicou que a administra\u00e7\u00e3o est\u00e1 em obras h\u00e1 quase dois meses e, por essa raz\u00e3o, os vigilantes est\u00e3o sem local para comer e trocar de roupa.<\/p>\n<p>Ele assegurou que o depoimento das ex-funcion\u00e1rias Selmar e Tamires \u00e9 falso. \u201c<em>Quem mexe com entulho \u00e9 o pessoal da obra. Para isso, temos contrato com a Funap [Funda\u00e7\u00e3o de Amparo ao Trabalhador Preso]. S\u00e3o eles que fazem o trabalho bra\u00e7al\u201d<\/em>, diz.<\/p>\n<p>J\u00e1 a Multserv confirmou que Daniel enviou of\u00edcio pedindo a devolu\u00e7\u00e3o dos dois vigilantes porque eles n\u00e3o estariam \u201ccumprindo as normas internas\u201d. Segundo a empresa, ambos\u00a0teriam barrado um servidor e reclamado das condi\u00e7\u00f5es do posto de trabalho. A Multserv informou ter entendido como\u00a0melhor solu\u00e7\u00e3o a transfer\u00eancia dos seguran\u00e7as, a fim de evitar um embate com o administrador.<\/p>\n<p>Daniel Figueiredo contou ter ido \u00e0\u00a027\u00aa Delegacia de Pol\u00edcia (Recanto das Emas) para denunciar Francisco por amea\u00e7a, mas a Pol\u00edcia Civil n\u00e3o passou informa\u00e7\u00f5es sobre\u00a0o caso.<\/p>\n<p>&nbsp;<\/p>\n<p style=\"text-align: right;\"><em><strong><span style=\"color: #ff0000;\">Fonte: Metr\u00f3poles<\/span><\/strong><\/em><\/p>\n<p class=\"wpf_wrapper\"><a class=\"print_link\" href=\"\" target=\"_blank\">Preparar para impress\u00e3o<\/a><\/p><!-- .wpf_wrapper -->","protected":false},"excerpt":{"rendered":"<p>Um vigilante teve um acidente vascular cerebral (AVC) logo ap\u00f3s discutir com o administrador regional do Riacho Fundo II, Daniel&hellip; <\/p>\n","protected":false},"author":1,"featured_media":0,"comment_status":"closed","ping_status":"closed","sticky":false,"template":"","format":"standard","meta":{"footnotes":""},"categories":[],"tags":[],"class_list":["post-9332","post","type-post","status-publish","format-standard","hentry"],"jetpack_featured_media_url":"","_links":{"self":[{"href":"https:\/\/sindesvdf.com.br\/news\/wp-json\/wp\/v2\/posts\/9332","targetHints":{"allow":["GET"]}}],"collection":[{"href":"https:\/\/sindesvdf.com.br\/news\/wp-json\/wp\/v2\/posts"}],"about":[{"href":"https:\/\/sindesvdf.com.br\/news\/wp-json\/wp\/v2\/types\/post"}],"author":[{"embeddable":true,"href":"https:\/\/sindesvdf.com.br\/news\/wp-json\/wp\/v2\/users\/1"}],"replies":[{"embeddable":true,"href":"https:\/\/sindesvdf.com.br\/news\/wp-json\/wp\/v2\/comments?post=9332"}],"version-history":[{"count":3,"href":"https:\/\/sindesvdf.com.br\/news\/wp-json\/wp\/v2\/posts\/9332\/revisions"}],"predecessor-version":[{"id":9339,"href":"https:\/\/sindesvdf.com.br\/news\/wp-json\/wp\/v2\/posts\/9332\/revisions\/9339"}],"wp:attachment":[{"href":"https:\/\/sindesvdf.com.br\/news\/wp-json\/wp\/v2\/media?parent=9332"}],"wp:term":[{"taxonomy":"category","embeddable":true,"href":"https:\/\/sindesvdf.com.br\/news\/wp-json\/wp\/v2\/categories?post=9332"},{"taxonomy":"post_tag","embeddable":true,"href":"https:\/\/sindesvdf.com.br\/news\/wp-json\/wp\/v2\/tags?post=9332"}],"curies":[{"name":"wp","href":"https:\/\/api.w.org\/{rel}","templated":true}]}}