{"id":9349,"date":"2018-01-05T16:32:10","date_gmt":"2018-01-05T18:32:10","guid":{"rendered":"http:\/\/sindesvdf.com.br\/news\/?p=9349"},"modified":"2018-01-12T13:07:25","modified_gmt":"2018-01-12T15:07:25","slug":"mais-de-r-800-mil-a-serem-divididos-entre-os-vigilantes-da-brasilia-seguranca-caesb","status":"publish","type":"post","link":"https:\/\/sindesvdf.com.br\/news\/mais-de-r-800-mil-a-serem-divididos-entre-os-vigilantes-da-brasilia-seguranca-caesb\/","title":{"rendered":"Mais de R$ 800 mil a serem divididos entre os vigilantes da Bras\u00edlia Seguran\u00e7a\/CAESB"},"content":{"rendered":"<p><img loading=\"lazy\" decoding=\"async\" class=\"aligncenter wp-image-9345 size-large\" src=\"http:\/\/sindesvdf.com.br\/news\/wp-content\/uploads\/2018\/01\/teste-5-01-790x451.jpg\" alt=\"\" width=\"750\" height=\"428\" srcset=\"https:\/\/sindesvdf.com.br\/news\/wp-content\/uploads\/2018\/01\/teste-5-01-790x451.jpg 790w, https:\/\/sindesvdf.com.br\/news\/wp-content\/uploads\/2018\/01\/teste-5-01-300x171.jpg 300w, https:\/\/sindesvdf.com.br\/news\/wp-content\/uploads\/2018\/01\/teste-5-01-768x439.jpg 768w, https:\/\/sindesvdf.com.br\/news\/wp-content\/uploads\/2018\/01\/teste-5-01-250x143.jpg 250w, https:\/\/sindesvdf.com.br\/news\/wp-content\/uploads\/2018\/01\/teste-5-01-150x86.jpg 150w, https:\/\/sindesvdf.com.br\/news\/wp-content\/uploads\/2018\/01\/teste-5-01-700x400.jpg 700w\" sizes=\"auto, (max-width: 750px) 100vw, 750px\" \/><\/p>\n<p>Reunidos em Assembleia realizada nesta sexta (05\/01), os vigilantes que constam na rela\u00e7\u00e3o abaixo discriminada, que prestam ou prestavam servi\u00e7o na CAESB pela empresa Bras\u00edlia Seguran\u00e7a, comemoraram a boa not\u00edcia divulgada pelo Sindicato.<\/p>\n<p>Os R$ 824.333,44 foram divididos em valores que variam de R$ 500,00 a quase R$ 8 mil, dependendo do tempo em que o vigilante permaneceu no posto de servi\u00e7o.<\/p>\n<p>Aqueles que t\u00eam at\u00e9 R$ 3 mil a receber, receber\u00e3o em parcela \u00fanica (22 vigilantes no dia 10 de janeiro e outros 20 vigilantes no dia 10 de fevereiro).<\/p>\n<p>Os que t\u00eam a receber acima de R$ 3 mil, receber\u00e3o os valores em 16 parcelas, sendo que a primeira parcela ser\u00e1 paga no dia 10 de mar\u00e7o e, nos meses subsequentes, as demais parcelas.<\/p>\n<p>A grande maioria dos vigilantes desta lista est\u00e3o h\u00e1 mais de 15 anos trabalhando na atividade, al\u00e9m de ficarem felizes com esse dinheiro extra, reconhecem a luta e o trabalho desta entidade para defender seus interesses, direitos e conquistas, pois estavam nesses anos todos ajudando e contribuindo para as nossas vit\u00f3rias. Isto \u00e9 um grande incentivo aos novatos que chegaram e encontraram uma categoria forte, destemida e lutadora com muitas conquistas e benef\u00edcios para que se juntem a n\u00f3s para garantirmos o sucesso das nossas reivindica\u00e7\u00f5es. Se olharmos o passado, conquistamos muito e temos certeza que, atrav\u00e9s da uni\u00e3o e mobiliza\u00e7\u00e3o, conquistaremos ainda mais.<\/p>\n<p>O Sindicato se sente feliz e foi com muita honra que fizemos esse comunicado aos companheiros, pois a felicidade estampada no rosto de cada um, al\u00e9m da gratid\u00e3o pela luta por avan\u00e7os e direitos, nos faz trilhar por este caminho de defesa intransigente dos vigilantes do DF.<\/p>\n<p>Parab\u00e9ns e que este dinheiro extra possa ser usufru\u00eddo com sa\u00fade, paz e amor.<\/p>\n<p style=\"text-align: center;\"><span style=\"font-size: 16px;\"><strong style=\"text-align: center;\">Listagem dos 22 vigilantes que receber\u00e3o em parcela \u00fanica no dia 10 de janeiro:<\/strong><\/span><\/p>\n<p>[row]<br \/>\n[column lg=&#8221;6&#8243; md=&#8221;12&#8243; sm=&#8221;12&#8243; xs=&#8221;12&#8243; ]<br \/>\n<span style=\"font-size: 14px;\">1. ADALBERTO FERNANDES DE LIMA<br \/>\n2. ADALTO ALVES DE ALMEIDA<br \/>\n3. ALBINO DA SILVA XAVIER<br \/>\n4. ALEXSANDRO DE JESUS<br \/>\n5. ANDERSON THIAGO SANTOS DE PADUA<br \/>\n6. ANTONIO CARLOS DOS SANTOS<br \/>\n7. ANT\u00d4NIO DOS SANTOS SILVA<br \/>\n8. ANTONIO FRANCISCO DE SOUSA TAVARES<br \/>\n9. ANTONIO LOPES DA SILVA NETO<br \/>\n10. ANTONIO WALLACE MACHADO<br \/>\n11. ARLAN JOSE DE SANTANA<\/span>[\/column][column lg=&#8221;6&#8243; md=&#8221;12&#8243; sm=&#8221;12&#8243; xs=&#8221;12&#8243; ]<span style=\"font-size: 14px;\">12. ARMANDO ALVES DOS SANTOS<br \/>\n13. BERNARDO MACEDO COSTA<br \/>\n14. CLEYDSON JERONIMO DE S. LISBOA<br \/>\n15. DAMIAO HERCULES MEDEIROS CAETANO<br \/>\n16. DOMINGOS PEREIRA SANTIAGO<br \/>\n17. FERNANDO SANTANA DE OLIVEIRA<br \/>\n18.\u00a0FRANCISCO ORLEANS MONTEIRO VAZ<br \/>\n19. GERALDO MANGELO ROSA<br \/>\n20. HELIO DA SILVA PINTO<br \/>\n21. IONILDO GOMES DANTAS<br \/>\n22. ISAIAS NUNES DA SILVA<\/span>[\/column]<br \/>\n[\/row]<\/p>\n<hr \/>\n<p style=\"text-align: center;\"><strong>Listagem dos 20 vigilantes que receber\u00e3o em parcela \u00fanica no dia 10 de fevereiro:<\/strong><\/p>\n<p>[row]<br \/>\n[column lg=&#8221;6&#8243; md=&#8221;12&#8243; sm=&#8221;12&#8243; xs=&#8221;12&#8243; ]<br \/>\n<span style=\"font-size: 14px;\">1. COSME DE JESUS DA SILVA<br \/>\n2. GILBERTO COSTA CUNHA (FALECIDO)<br \/>\n3. IZIDORIO PEREIRA RAMOS<br \/>\n4. JOCELSO ROCHA<br \/>\n5. JOS\u00c9 FRANCISCO DE SOUZA<br \/>\n6. JOSE LUIZ SEARA PENHA<br \/>\n7. JOSE WAGNER DA COSTA MELO<br \/>\n8. JULIANO AUGUSTO SILVA CAMBUI<br \/>\n9. MAURO GOMES DA COSTA<br \/>\n10. MIGUEL MENDES RODRIGUES<\/span>[\/column][column lg=&#8221;6&#8243; md=&#8221;12&#8243; sm=&#8221;12&#8243; xs=&#8221;12&#8243; ]<span style=\"font-size: 14px;\">11. ORLANDO MOREIRA LOPES<br \/>\n12. ROBERT FERREIRA DE AGUIAR<br \/>\n13. RONEY PEREIRA GOMES DA SILVA<br \/>\n14. ROOSEVELT ALVES MELO<br \/>\n15. SEVERINO CABRAL DE ARAUJO GON\u00c7ALVES<br \/>\n16. SILAS DE SENA BRITO<br \/>\n17. VALDEIRIS BARROS<br \/>\n18. VALDEMI FERREIRA DUARTE<br \/>\n19. VICENTE DE SOUSA LEITAO<br \/>\n20. WENDERSON MILOMES DOS PASSOS<\/span>[\/column]<br \/>\n[\/row]<\/p>\n<p>&nbsp;<\/p>\n<hr \/>\n<p style=\"text-align: center;\"><strong>Listagem dos Vigilantes que receber\u00e3o acima de R$ 3 mil em 16 parcelas a partir do dia 10 de mar\u00e7o e meses subsequentes<\/strong><\/p>\n<p>[row]<br \/>\n[column lg=&#8221;6&#8243; md=&#8221;12&#8243; sm=&#8221;12&#8243; xs=&#8221;12&#8243; ]<br \/>\n<span style=\"font-size: 14px;\">1. ADEMIAS RODRIGUES NERES<br \/>\n2. ADILSON FERREIRA DA SILVA<br \/>\n3. AGUINELIO BARREIRA CIRQUEIRA<br \/>\n4. ALEXANDRE DE JESUS SANTOS<br \/>\n5. AMAZILDO REZENDE FIGUEIREDO<br \/>\n6. ANIZIO PEREIRA DA SILVA<br \/>\n7. ANTONIO AIRTON VIEIRA DAMASCENA<br \/>\n8. ANTONIO CLEILSON DA SILVA<br \/>\n9. ANTONIO DE PADUA B SANTOS<br \/>\n10. ANTONIO DO NASCIMENTO BENIS<br \/>\n11. ANTONIO FRANCISCO PEREIRA DE SOUZA<br \/>\n12. ANTONIO JOSE DE SOUZA<br \/>\n13. ANTONIO MARQUES P DOS SANTOS<br \/>\n14. ANTONIO PAULINO DE OLIVEIRA<br \/>\n15. ARNALDO PEREIRA FILHO<br \/>\n16. ATOVAL SILVA DE ARAUJO<br \/>\n17. BARTOLOMEU RODRIGUES DOS SANTOS<br \/>\n18. BENEVALDO MACHADO DE AGUIAR<br \/>\n19. CARLOS ALBERTO G COELHO<br \/>\n20. CARMELITO MOREIRA DA SILVA<br \/>\n21. CELSO DOS SANTOS NASARIO<br \/>\n22. CICERO DOS SANTOS LIMA<br \/>\n23. CICERO GENIVALDO COSTA ANCHIETA<br \/>\n24. CLAUDIO LACERDA DE LIMA<br \/>\n25. CLAUDIONOR PINTO CABRAL<br \/>\n26. CLAYTON PEREIRA DANTAS<br \/>\n27. CLENILSON SILVA DE SOUZA<br \/>\n28. DAIR ALVES DA ROCHA<br \/>\n29. EBER LOPES DA SILVA<br \/>\n30. EDILSON ALVES DA SILVA<br \/>\n31. EDIVALDO RODRIGUES VELOSO<br \/>\n32. EDMILSON DE ALCANTARA<br \/>\n33. EDMILSON VIEIRA ROSA<br \/>\n34. ELEUVANEY DE BRITO DELGADO<br \/>\n35. EMERSON SANTANA DE SOUSA<br \/>\n36. ENIELTON ALVES PIMENTA<br \/>\n37. ERICSON NUNES M FILHO<br \/>\n38. FABIANO DE SOUSA SANTOS<br \/>\n39. FABIO ALVES GONZAGA LUCENA<br \/>\n40. FABRICIO LOPES DE MEDEIROS<br \/>\n41. FLORENTINO JOSE ROMEIRO NETO<br \/>\n42. FRANCELINO FURTADO DE ALMEIDA<br \/>\n43. FRANCISCO ADAILTON C. DE ALBUQUERQUE<br \/>\n44. FRANCISCO ALEX MARQUES MACHADO<br \/>\n45. FRANCISCO DAS CHAGAS ROSA<br \/>\n46. FRANCISCO ORLEIDO MACAL ALVES<br \/>\n47. FRANCISCO RICARDO DE QUEIROZ ALVES<br \/>\n48. FRANCISCO ROSA PIRES<br \/>\n49. GABRIEL RIBEIRO DE SENA FILHO<br \/>\n50. GEDEON ALVES MANZAN<br \/>\n51. GERSON SIMOES DOS SANTOS<br \/>\n52. GETULIO JOSE DE LIMA<\/span>[\/column][column lg=&#8221;6&#8243; md=&#8221;12&#8243; sm=&#8221;12&#8243; xs=&#8221;12&#8243; ]<span style=\"font-size: 14px;\">53. GILBERTO CARLOS PEREIRA<br \/>\n54. GILBERTO RODRIGUES DE OLIVEIRA<br \/>\n55. HAMIM PEREIRA DA SILVA<br \/>\n56. HERVAL VIEIRA BARROS JUNIOR<br \/>\n57. IVANILDO DE ALMEIDA GOMES<br \/>\n58. JEREMIAS OLIVEIRA DA SILVA<br \/>\n59. JOACI RODRIGUES CHAVES<br \/>\n60. JOAO ANTONIO TIMOTEO<br \/>\n61. JOAO BATISTA FERNANDES DE MELO<br \/>\n62. JO\u00c3O BATISTA TEIXEIRA MARQUES<br \/>\n63. JOAO CARVALHO MARTINS<br \/>\n64. JOAO MARIA DA SILVA<br \/>\n65. JOAO ROBERTO CESAR MARQUES<br \/>\n66. JOSE ANTONIO DA COSTA<br \/>\n67.\u00a0JOSE ANTONIO PEREIRA DOS SANTO<br \/>\n68. JOSE BATISTA NETO<br \/>\n69.\u00a0JOSE DA GRACA ARAUJO FERREIRA<br \/>\n70.\u00a0JOS\u00c9 FRANCISCO DAS NEVES<br \/>\n71.\u00a0JOS\u00c9 OLIVEIRA DA SILVA<br \/>\n72. JOSE OSMUNDO DA COSTA<br \/>\n73. JOSE RIBEIRO BONIFACIO<br \/>\n74. JOSE RODRIGUES BARBOSA<br \/>\n75. JOSE ROGERIO PEREIRA<br \/>\n76. JOSELITO GODINHO PINHEIRO<br \/>\n77. JULIO PEREIRA FILHO<br \/>\n78. LIMIRIO GONCALVES DE BRITO<br \/>\n79. LUIZ CARLOS VIRIATO<br \/>\n80. LUIZ MONTE DE SOUSA<br \/>\n81. LUIZ VITOR SILVESTRE ROCHA<br \/>\n82. MAGNO RODRIGUES MOREIRA<br \/>\n83. MANOEL DE JESUS M DE OLIVEIRA<br \/>\n84. MARCOS ANTONIO DA SILVA<br \/>\n85. MARCOS ROBERTO DE ALMEIDA SANTOS<br \/>\n86. NARCISO CARVALHO DA SILVA<br \/>\n87. NESTOR DUQUE DE MENEZES<br \/>\n88. OSMUNDO MACHADO DE AZEVEDO<br \/>\n89. PAULO FRANCISCO DE OLIVEIRA<br \/>\n90. PAULO MONTEIRO DUARTE<br \/>\n91. PEDRO BALBINO DA SILVA<br \/>\n92. PEDRO GONCALVES DE OLIVEIRA<br \/>\n93. PEDRO LAUREANO DA SILVA NETO<br \/>\n94. RICARDO CRISTOPHER M. DOS SANTOS<br \/>\n95. RICARDO LINO DOS SANTOS<br \/>\n96. RICARDO NASCIMENTO RODRIGUES<br \/>\n97. RODRIGO DA SILVA<br \/>\n98. ROGERIO LINO DE FREITAS<br \/>\n99. RONIMARK ALVES DE OLIVEIRA<br \/>\n100. SILVANIO ROQUE GUIMARAES<br \/>\n101. TIAGO LIMA DOS SANTOS<br \/>\n102. VALCIRLAN PEREIRA VIANA<br \/>\n103. VALDECI PEREIRA DOS SANTOS<br \/>\n104. WOUWERMAN CAVALCANTE VERAS<\/span>[\/column]<br \/>\n[\/row]<\/p>\n<hr \/>\n<p class=\"wpf_wrapper\"><a class=\"print_link\" href=\"\" target=\"_blank\">Preparar para impress\u00e3o<\/a><\/p><!-- .wpf_wrapper -->","protected":false},"excerpt":{"rendered":"<p>Reunidos em Assembleia realizada nesta sexta (05\/01), os vigilantes que constam na rela\u00e7\u00e3o abaixo discriminada, que prestam ou prestavam servi\u00e7o&hellip; <\/p>\n","protected":false},"author":1,"featured_media":0,"comment_status":"closed","ping_status":"closed","sticky":false,"template":"","format":"standard","meta":{"footnotes":""},"categories":[7],"tags":[],"class_list":["post-9349","post","type-post","status-publish","format-standard","hentry","category-noticias"],"jetpack_featured_media_url":"","_links":{"self":[{"href":"https:\/\/sindesvdf.com.br\/news\/wp-json\/wp\/v2\/posts\/9349","targetHints":{"allow":["GET"]}}],"collection":[{"href":"https:\/\/sindesvdf.com.br\/news\/wp-json\/wp\/v2\/posts"}],"about":[{"href":"https:\/\/sindesvdf.com.br\/news\/wp-json\/wp\/v2\/types\/post"}],"author":[{"embeddable":true,"href":"https:\/\/sindesvdf.com.br\/news\/wp-json\/wp\/v2\/users\/1"}],"replies":[{"embeddable":true,"href":"https:\/\/sindesvdf.com.br\/news\/wp-json\/wp\/v2\/comments?post=9349"}],"version-history":[{"count":17,"href":"https:\/\/sindesvdf.com.br\/news\/wp-json\/wp\/v2\/posts\/9349\/revisions"}],"predecessor-version":[{"id":9409,"href":"https:\/\/sindesvdf.com.br\/news\/wp-json\/wp\/v2\/posts\/9349\/revisions\/9409"}],"wp:attachment":[{"href":"https:\/\/sindesvdf.com.br\/news\/wp-json\/wp\/v2\/media?parent=9349"}],"wp:term":[{"taxonomy":"category","embeddable":true,"href":"https:\/\/sindesvdf.com.br\/news\/wp-json\/wp\/v2\/categories?post=9349"},{"taxonomy":"post_tag","embeddable":true,"href":"https:\/\/sindesvdf.com.br\/news\/wp-json\/wp\/v2\/tags?post=9349"}],"curies":[{"name":"wp","href":"https:\/\/api.w.org\/{rel}","templated":true}]}}