{"id":9366,"date":"2018-01-09T18:07:05","date_gmt":"2018-01-09T20:07:05","guid":{"rendered":"http:\/\/sindesvdf.com.br\/news\/?p=9366"},"modified":"2018-01-10T09:49:31","modified_gmt":"2018-01-10T11:49:31","slug":"se-a-ipanema-nao-pagar-os-vigilantes-vao-parar","status":"publish","type":"post","link":"https:\/\/sindesvdf.com.br\/news\/se-a-ipanema-nao-pagar-os-vigilantes-vao-parar\/","title":{"rendered":"Se a Ipanema n\u00e3o pagar, os vigilantes v\u00e3o parar"},"content":{"rendered":"<p><img loading=\"lazy\" decoding=\"async\" class=\"aligncenter wp-image-9367 size-large\" src=\"http:\/\/sindesvdf.com.br\/news\/wp-content\/uploads\/2018\/01\/ipanema-ok-01-790x492.jpg\" alt=\"\" width=\"750\" height=\"467\" srcset=\"https:\/\/sindesvdf.com.br\/news\/wp-content\/uploads\/2018\/01\/ipanema-ok-01-790x492.jpg 790w, https:\/\/sindesvdf.com.br\/news\/wp-content\/uploads\/2018\/01\/ipanema-ok-01-300x187.jpg 300w, https:\/\/sindesvdf.com.br\/news\/wp-content\/uploads\/2018\/01\/ipanema-ok-01-768x478.jpg 768w, https:\/\/sindesvdf.com.br\/news\/wp-content\/uploads\/2018\/01\/ipanema-ok-01-241x150.jpg 241w, https:\/\/sindesvdf.com.br\/news\/wp-content\/uploads\/2018\/01\/ipanema-ok-01-150x93.jpg 150w\" sizes=\"auto, (max-width: 750px) 100vw, 750px\" \/><\/p>\n<p>Em virtude do atraso no pagamento de sal\u00e1rios e benef\u00edcios pela empresa Ipanema aos vigilantes que prestam servi\u00e7o na Secretaria de Sa\u00fade, o Sindicato j\u00e1 protocolou of\u00edcios \u00e0 pr\u00f3pria dire\u00e7\u00e3o da Ipanema, ao Secret\u00e1rio de Sa\u00fade e \u00e0 diretora do DIAL (vinculado \u00e0 Secretaria de Sa\u00fade) para informar que esta entidade estar\u00e1 convocando os vigilantes para paralisarem as atividades a qualquer momento.<\/p>\n<p>Nesse sentido, fica o alerta a todos os companheiros e companheiras para que se mantenham unidos e mobilizados. Estamos lutando para que os sal\u00e1rios e benef\u00edcios sejam pagos imediatamente, mas se isto n\u00e3o ocorrer, vamos buscar a paralisa\u00e7\u00e3o. Mais uma vez, repudiamos esses atrasos que trazem transtornos e preju\u00edzos aos pais e m\u00e3es de fam\u00edlia.<\/p>\n<p><strong>Of\u00edcios entregues:<\/strong><\/p>\n<p><img loading=\"lazy\" decoding=\"async\" class=\"alignleft wp-image-9369 size-large\" src=\"http:\/\/sindesvdf.com.br\/news\/wp-content\/uploads\/2018\/01\/dir-aopio-operacional-01-566x790.png\" alt=\"\" width=\"566\" height=\"790\" srcset=\"https:\/\/sindesvdf.com.br\/news\/wp-content\/uploads\/2018\/01\/dir-aopio-operacional-01-566x790.png 566w, https:\/\/sindesvdf.com.br\/news\/wp-content\/uploads\/2018\/01\/dir-aopio-operacional-01-215x300.png 215w, https:\/\/sindesvdf.com.br\/news\/wp-content\/uploads\/2018\/01\/dir-aopio-operacional-01-768x1072.png 768w, https:\/\/sindesvdf.com.br\/news\/wp-content\/uploads\/2018\/01\/dir-aopio-operacional-01-107x150.png 107w\" sizes=\"auto, (max-width: 566px) 100vw, 566px\" \/><img loading=\"lazy\" decoding=\"async\" class=\"alignleft wp-image-9370 size-large\" src=\"http:\/\/sindesvdf.com.br\/news\/wp-content\/uploads\/2018\/01\/ipanema-empresa-01-566x790.png\" alt=\"\" width=\"566\" height=\"790\" srcset=\"https:\/\/sindesvdf.com.br\/news\/wp-content\/uploads\/2018\/01\/ipanema-empresa-01-566x790.png 566w, https:\/\/sindesvdf.com.br\/news\/wp-content\/uploads\/2018\/01\/ipanema-empresa-01-215x300.png 215w, https:\/\/sindesvdf.com.br\/news\/wp-content\/uploads\/2018\/01\/ipanema-empresa-01-768x1072.png 768w, https:\/\/sindesvdf.com.br\/news\/wp-content\/uploads\/2018\/01\/ipanema-empresa-01-107x150.png 107w\" sizes=\"auto, (max-width: 566px) 100vw, 566px\" \/><img loading=\"lazy\" decoding=\"async\" class=\"alignnone wp-image-9371 size-large\" src=\"http:\/\/sindesvdf.com.br\/news\/wp-content\/uploads\/2018\/01\/secretario-01-566x790.png\" alt=\"\" width=\"566\" height=\"790\" srcset=\"https:\/\/sindesvdf.com.br\/news\/wp-content\/uploads\/2018\/01\/secretario-01-566x790.png 566w, https:\/\/sindesvdf.com.br\/news\/wp-content\/uploads\/2018\/01\/secretario-01-215x300.png 215w, https:\/\/sindesvdf.com.br\/news\/wp-content\/uploads\/2018\/01\/secretario-01-768x1072.png 768w, https:\/\/sindesvdf.com.br\/news\/wp-content\/uploads\/2018\/01\/secretario-01-107x150.png 107w\" sizes=\"auto, (max-width: 566px) 100vw, 566px\" \/><\/p>\n<p>&nbsp;<\/p>\n<p class=\"wpf_wrapper\"><a class=\"print_link\" href=\"\" target=\"_blank\">Preparar para impress\u00e3o<\/a><\/p><!-- .wpf_wrapper -->","protected":false},"excerpt":{"rendered":"<p>Em virtude do atraso no pagamento de sal\u00e1rios e benef\u00edcios pela empresa Ipanema aos vigilantes que prestam servi\u00e7o na Secretaria&hellip; <\/p>\n","protected":false},"author":1,"featured_media":9374,"comment_status":"closed","ping_status":"closed","sticky":false,"template":"","format":"standard","meta":{"footnotes":""},"categories":[7],"tags":[],"class_list":["post-9366","post","type-post","status-publish","format-standard","has-post-thumbnail","hentry","category-noticias"],"jetpack_featured_media_url":"https:\/\/sindesvdf.com.br\/news\/wp-content\/uploads\/2018\/01\/WhatsApp-Image-2018-01-10-at-09.07.44.jpeg","_links":{"self":[{"href":"https:\/\/sindesvdf.com.br\/news\/wp-json\/wp\/v2\/posts\/9366","targetHints":{"allow":["GET"]}}],"collection":[{"href":"https:\/\/sindesvdf.com.br\/news\/wp-json\/wp\/v2\/posts"}],"about":[{"href":"https:\/\/sindesvdf.com.br\/news\/wp-json\/wp\/v2\/types\/post"}],"author":[{"embeddable":true,"href":"https:\/\/sindesvdf.com.br\/news\/wp-json\/wp\/v2\/users\/1"}],"replies":[{"embeddable":true,"href":"https:\/\/sindesvdf.com.br\/news\/wp-json\/wp\/v2\/comments?post=9366"}],"version-history":[{"count":4,"href":"https:\/\/sindesvdf.com.br\/news\/wp-json\/wp\/v2\/posts\/9366\/revisions"}],"predecessor-version":[{"id":9376,"href":"https:\/\/sindesvdf.com.br\/news\/wp-json\/wp\/v2\/posts\/9366\/revisions\/9376"}],"wp:featuredmedia":[{"embeddable":true,"href":"https:\/\/sindesvdf.com.br\/news\/wp-json\/wp\/v2\/media\/9374"}],"wp:attachment":[{"href":"https:\/\/sindesvdf.com.br\/news\/wp-json\/wp\/v2\/media?parent=9366"}],"wp:term":[{"taxonomy":"category","embeddable":true,"href":"https:\/\/sindesvdf.com.br\/news\/wp-json\/wp\/v2\/categories?post=9366"},{"taxonomy":"post_tag","embeddable":true,"href":"https:\/\/sindesvdf.com.br\/news\/wp-json\/wp\/v2\/tags?post=9366"}],"curies":[{"name":"wp","href":"https:\/\/api.w.org\/{rel}","templated":true}]}}